{"id":31675,"date":"2023-06-05T12:54:26","date_gmt":"2023-06-05T15:54:26","guid":{"rendered":"https:\/\/radiorevelacionfm.cl\/?p=31675"},"modified":"2023-06-06T11:41:48","modified_gmt":"2023-06-06T14:41:48","slug":"violento-incendio-deja-dos-personas-fallecidas-en-caleta-andrade","status":"publish","type":"post","link":"https:\/\/radiorevelacionfm.cl\/?p=31675","title":{"rendered":"Violento incendio deja dos personas fallecidas en Caleta Andrade"},"content":{"rendered":"<div class=\"flex_column av_one_full  flex_column_div av-zero-column-padding first  avia-builder-el-0  el_before_av_one_full  avia-builder-el-first  \" style='border-radius:0px; '><div  class='avia-image-container  av-styling-    avia-builder-el-1  avia-builder-el-no-sibling  avia-align-center '  itemprop=\"image\" itemscope=\"itemscope\" itemtype=\"https:\/\/schema.org\/ImageObject\"  ><div class='avia-image-container-inner'><div class='avia-image-overlay-wrap'><img decoding=\"async\" class='wp-image-31709 avia-img-lazy-loading-not-31709 avia_image' src=\"https:\/\/radiorevelacionfm.cl\/wp-content\/uploads\/2023\/06\/INCENDIO-CALETA-ANDRADE-1.jpg\" alt='' title='INCENDIO CALETA ANDRADE (1)' height=\"634\" width=\"943\"  itemprop=\"thumbnailUrl\" srcset=\"https:\/\/radiorevelacionfm.cl\/wp-content\/uploads\/2023\/06\/INCENDIO-CALETA-ANDRADE-1.jpg 943w, https:\/\/radiorevelacionfm.cl\/wp-content\/uploads\/2023\/06\/INCENDIO-CALETA-ANDRADE-1-300x202.jpg 300w, https:\/\/radiorevelacionfm.cl\/wp-content\/uploads\/2023\/06\/INCENDIO-CALETA-ANDRADE-1-768x516.jpg 768w, https:\/\/radiorevelacionfm.cl\/wp-content\/uploads\/2023\/06\/INCENDIO-CALETA-ANDRADE-1-705x474.jpg 705w, https:\/\/radiorevelacionfm.cl\/wp-content\/uploads\/2023\/06\/INCENDIO-CALETA-ANDRADE-1-450x303.jpg 450w, https:\/\/radiorevelacionfm.cl\/wp-content\/uploads\/2023\/06\/INCENDIO-CALETA-ANDRADE-1-600x403.jpg 600w\" sizes=\"(max-width: 943px) 100vw, 943px\" \/><\/div><\/div><\/div><\/div><div class=\"flex_column av_one_full  flex_column_div av-zero-column-padding first  avia-builder-el-2  el_after_av_one_full  el_before_av_one_full  column-top-margin\" style='border-radius:0px; '><section class=\"av_textblock_section \"  itemscope=\"itemscope\" itemtype=\"https:\/\/schema.org\/BlogPosting\" itemprop=\"blogPost\" ><div class='avia_textblock  '   itemprop=\"text\" ><p style=\"text-align: center;\"><strong><span style=\"font-size: 18pt;\">Violento incendio deja dos personas fallecidas en Caleta Andrade<\/span><\/strong><\/p>\n<div id=\"gtx-trans\" style=\"position: absolute; left: -50px; top: 4.31534px;\">\n<div class=\"gtx-trans-icon\"><\/div>\n<\/div>\n<\/div><\/section><\/div><\/p>\n<div class=\"flex_column av_one_full  flex_column_div av-zero-column-padding first  avia-builder-el-4  el_after_av_one_full  el_before_av_hr  column-top-margin\" style='border-radius:0px; '><section class=\"av_textblock_section \"  itemscope=\"itemscope\" itemtype=\"https:\/\/schema.org\/BlogPosting\" itemprop=\"blogPost\" ><div class='avia_textblock  '   itemprop=\"text\" ><p style=\"text-align: justify;\">Un triste despertar para la regi\u00f3n de Ays\u00e9n, tras un voraz incendio en Islas Huichas, espec\u00edficamente en la localidad de Caleta Andrade, un siniestro termin\u00f3 con la vida de dos personas.<\/p>\n<p style=\"text-align: justify;\">A eso de las 02:30 de la madrugada de este lunes 05 de junio 2023, Bomberos de Puerto Aguirre acudieron al llamado de emergencia hasta un inmueble de dos pisos, el que se encontraba completamente en llamas cuando lleg\u00f3 personal de Bomberos.<\/p>\n<p style=\"text-align: justify;\">Alberto C\u00e1rdenas, capit\u00e1n del Cuerpo de Bomberos de Puerto Aguirre se\u00f1al\u00f3 \u00abel fuego se propag\u00f3 r\u00e1pidamente por el fuerte viento de unos 50 k\/h., por lo que Bomberos se concentr\u00f3 en controlar la propagaci\u00f3n del fuego y, posteriormente, en remover los escombros de la casa\u00bb.<\/p>\n<p style=\"text-align: justify;\">Una vez controlado el fuego, el capit\u00e1n confirm\u00f3 que los dos cuerpos rescatados desde el siniestro corresponder\u00edan a un matrimonio que viv\u00eda en la vivienda, pero que eso y otros detalles son materia de investigaci\u00f3n, los antecedentes ser\u00e1n entregados a la Fiscal\u00eda de Puerto Ays\u00e9n.<\/p>\n<p style=\"text-align: justify;\">La principal tesis que se maneja de la causa del incendio ser\u00eda un cortocircuito que se habr\u00eda producido al interior del domicilio, una lamentable tragedia que acab\u00f3 con la vida de dos personas y que enluta a la localidad de Caleta Andrade.<\/p>\n<\/div><\/section><\/div>\n<div  style='height:50px' class='hr hr-invisible   avia-builder-el-6  el_after_av_one_full  el_before_av_social_share '><span class='hr-inner ' ><span class='hr-inner-style'><\/span><\/span><\/div>\n<div  class='av-social-sharing-box  avia-builder-el-7  el_after_av_hr  el_before_av_hr  '><div class='av-share-box'><h5 class='av-share-link-description av-no-toc '>Compartir esta noticia<\/h5><ul class='av-share-box-list noLightbox'><li class='av-share-link av-social-link-facebook' ><a target=\"_blank\" aria-label=\"Compartir en Facebook\" href='https:\/\/www.facebook.com\/sharer.php?u=https:\/\/radiorevelacionfm.cl\/?p=31675&#038;t=Violento%20incendio%20deja%20dos%20personas%20fallecidas%20en%20Caleta%20Andrade' aria-hidden='false' data-av_icon='\ue8f3' data-av_iconfont='entypo-fontello' title='' data-avia-related-tooltip='Compartir en Facebook' rel=\"noopener\"><span class='avia_hidden_link_text'>Compartir en Facebook<\/span><\/a><\/li><li class='av-share-link av-social-link-twitter' ><a target=\"_blank\" aria-label=\"Compartir en Twitter\" href='https:\/\/twitter.com\/share?text=Violento%20incendio%20deja%20dos%20personas%20fallecidas%20en%20Caleta%20Andrade&#038;url=https:\/\/radiorevelacionfm.cl\/?p=31675' aria-hidden='false' data-av_icon='\ue8f1' data-av_iconfont='entypo-fontello' title='' data-avia-related-tooltip='Compartir en Twitter' rel=\"noopener\"><span class='avia_hidden_link_text'>Compartir en Twitter<\/span><\/a><\/li><li class='av-share-link av-social-link-whatsapp' ><a target=\"_blank\" aria-label=\"Compartir en Whatsapp\" href='https:\/\/api.whatsapp.com\/send?text=https:\/\/radiorevelacionfm.cl\/?p=31675' aria-hidden='false' data-av_icon='\uf232' data-av_iconfont='entypo-fontello' title='' data-avia-related-tooltip='Compartir en Whatsapp' rel=\"noopener\"><span class='avia_hidden_link_text'>Compartir en Whatsapp<\/span><\/a><\/li><li class='av-share-link av-social-link-linkedin' ><a target=\"_blank\" aria-label=\"Compartir en LinkedIn\" href='https:\/\/linkedin.com\/shareArticle?mini=true&#038;title=Violento%20incendio%20deja%20dos%20personas%20fallecidas%20en%20Caleta%20Andrade&#038;url=https:\/\/radiorevelacionfm.cl\/?p=31675' aria-hidden='false' data-av_icon='\ue8fc' data-av_iconfont='entypo-fontello' title='' data-avia-related-tooltip='Compartir en LinkedIn' rel=\"noopener\"><span class='avia_hidden_link_text'>Compartir en LinkedIn<\/span><\/a><\/li><li class='av-share-link av-social-link-mail' ><a  aria-label=\"Compartir por correo\" href='mailto:?subject=Violento%20incendio%20deja%20dos%20personas%20fallecidas%20en%20Caleta%20Andrade&#038;body=https:\/\/radiorevelacionfm.cl\/?p=31675' aria-hidden='false' data-av_icon='\ue805' data-av_iconfont='entypo-fontello' title='' data-avia-related-tooltip='Compartir por correo'><span class='avia_hidden_link_text'>Compartir por correo<\/span><\/a><\/li><\/ul><\/div><\/div>\n<div  style='height:50px' class='hr hr-invisible   avia-builder-el-8  el_after_av_social_share  el_before_av_comments_list '><span class='hr-inner ' ><span class='hr-inner-style'><\/span><\/span><\/div>\n<div  class='av-buildercomment  av-blog-meta-html-info-disabled av-blog-meta-tag-disabled  '><\/div>\n","protected":false},"excerpt":{"rendered":"","protected":false},"author":1,"featured_media":31709,"comment_status":"open","ping_status":"open","sticky":false,"template":"","format":"standard","meta":{"footnotes":""},"categories":[38],"tags":[],"class_list":["post-31675","post","type-post","status-publish","format-standard","has-post-thumbnail","hentry","category-regional"],"jetpack_featured_media_url":"https:\/\/radiorevelacionfm.cl\/wp-content\/uploads\/2023\/06\/INCENDIO-CALETA-ANDRADE-1.jpg","_links":{"self":[{"href":"https:\/\/radiorevelacionfm.cl\/index.php?rest_route=\/wp\/v2\/posts\/31675","targetHints":{"allow":["GET"]}}],"collection":[{"href":"https:\/\/radiorevelacionfm.cl\/index.php?rest_route=\/wp\/v2\/posts"}],"about":[{"href":"https:\/\/radiorevelacionfm.cl\/index.php?rest_route=\/wp\/v2\/types\/post"}],"author":[{"embeddable":true,"href":"https:\/\/radiorevelacionfm.cl\/index.php?rest_route=\/wp\/v2\/users\/1"}],"replies":[{"embeddable":true,"href":"https:\/\/radiorevelacionfm.cl\/index.php?rest_route=%2Fwp%2Fv2%2Fcomments&post=31675"}],"version-history":[{"count":4,"href":"https:\/\/radiorevelacionfm.cl\/index.php?rest_route=\/wp\/v2\/posts\/31675\/revisions"}],"predecessor-version":[{"id":31711,"href":"https:\/\/radiorevelacionfm.cl\/index.php?rest_route=\/wp\/v2\/posts\/31675\/revisions\/31711"}],"wp:featuredmedia":[{"embeddable":true,"href":"https:\/\/radiorevelacionfm.cl\/index.php?rest_route=\/wp\/v2\/media\/31709"}],"wp:attachment":[{"href":"https:\/\/radiorevelacionfm.cl\/index.php?rest_route=%2Fwp%2Fv2%2Fmedia&parent=31675"}],"wp:term":[{"taxonomy":"category","embeddable":true,"href":"https:\/\/radiorevelacionfm.cl\/index.php?rest_route=%2Fwp%2Fv2%2Fcategories&post=31675"},{"taxonomy":"post_tag","embeddable":true,"href":"https:\/\/radiorevelacionfm.cl\/index.php?rest_route=%2Fwp%2Fv2%2Ftags&post=31675"}],"curies":[{"name":"wp","href":"https:\/\/api.w.org\/{rel}","templated":true}]}}