{"id":3167,"date":"2021-04-15T19:22:13","date_gmt":"2021-04-15T22:22:13","guid":{"rendered":"https:\/\/radiorevelacionfm.cl\/?p=3167"},"modified":"2021-04-15T19:22:13","modified_gmt":"2021-04-15T22:22:13","slug":"detienen-y-formalizan-a-imputada-por-agresion-en-contra-de-mujer-en-sector-alto-de-coyhaique","status":"publish","type":"post","link":"https:\/\/radiorevelacionfm.cl\/?p=3167","title":{"rendered":"Detienen y formalizan a imputada por agresi\u00f3n en contra de mujer en sector alto de Coyhaique"},"content":{"rendered":"<div class=\"flex_column av_one_full  flex_column_div av-zero-column-padding first  avia-builder-el-0  el_before_av_one_full  avia-builder-el-first  \" style='border-radius:0px; '><div  class='avia-image-container  av-styling-    avia-builder-el-1  avia-builder-el-no-sibling  avia-align-center '  itemprop=\"image\" itemscope=\"itemscope\" itemtype=\"https:\/\/schema.org\/ImageObject\"  ><div class='avia-image-container-inner'><div class='avia-image-overlay-wrap'><img decoding=\"async\" class='wp-image-3168 avia-img-lazy-loading-not-3168 avia_image' src=\"https:\/\/radiorevelacionfm.cl\/wp-content\/uploads\/2021\/04\/PDI-11.01.21.jpg\" alt='' title='PDI 11.01.21' height=\"452\" width=\"680\"  itemprop=\"thumbnailUrl\" srcset=\"https:\/\/radiorevelacionfm.cl\/wp-content\/uploads\/2021\/04\/PDI-11.01.21.jpg 680w, https:\/\/radiorevelacionfm.cl\/wp-content\/uploads\/2021\/04\/PDI-11.01.21-300x199.jpg 300w, https:\/\/radiorevelacionfm.cl\/wp-content\/uploads\/2021\/04\/PDI-11.01.21-600x399.jpg 600w\" sizes=\"(max-width: 680px) 100vw, 680px\" \/><\/div><\/div><\/div><\/div><div class=\"flex_column av_one_full  flex_column_div av-zero-column-padding first  avia-builder-el-2  el_after_av_one_full  el_before_av_one_full  column-top-margin\" style='border-radius:0px; '><section class=\"av_textblock_section \"  itemscope=\"itemscope\" itemtype=\"https:\/\/schema.org\/BlogPosting\" itemprop=\"blogPost\" ><div class='avia_textblock  '   itemprop=\"text\" ><p style=\"text-align: center;\"><strong><span style=\"font-size: 18pt;\">Detienen y formalizan a imputada por agresi\u00f3n en contra de mujer en sector alto de Coyhaique<\/span><\/strong><\/p>\n<div id=\"gtx-trans\" style=\"position: absolute; left: -50px; top: 4.31534px;\">\n<div class=\"gtx-trans-icon\"><\/div>\n<\/div>\n<\/div><\/section><\/div><div class=\"flex_column av_one_full  flex_column_div av-zero-column-padding first  avia-builder-el-4  el_after_av_one_full  el_before_av_hr  column-top-margin\" style='border-radius:0px; '><section class=\"av_textblock_section \"  itemscope=\"itemscope\" itemtype=\"https:\/\/schema.org\/BlogPosting\" itemprop=\"blogPost\" ><div class='avia_textblock  '   itemprop=\"text\" ><p style=\"text-align: justify;\"><em>Hechos ocurrieron el s\u00e1bado 3 de abril. <\/em><em>La agresi\u00f3n fue grabada y divulgada por redes sociales, causando conmoci\u00f3n en la comunidad regional por el nivel de violencia hacia la v\u00edctima.<\/em><\/p>\n<p style=\"text-align: justify;\">Detectives de la Brigada de Investigaci\u00f3n Criminal Coyhaique, tras una investigaci\u00f3n conjunta con el Ministerio P\u00fablico, durante la tarde del mi\u00e9rcoles 14 de abril detuvieron a una mujer, mayor de edad y con antecedentes por amenazas, imputada por el delito de lesiones menos graves, hechos que ocurrieron al inicio del mes de abril.<\/p>\n<p style=\"text-align: justify;\">Al respecto, el comisario Christian Mora, jefe de la Brigada de Investigaci\u00f3n Criminal Coyhaique, indic\u00f3 que \u201cen virtud a una denuncia por un tercero a partir de un video recepcionado a trav\u00e9s de la plataforma WhatsApp, en el cual se puede observar que una mujer, mayor de edad, agrede en forma violenta a otra mujer mayor de edad, se remiten los hechos al Ministerio P\u00fablico quien deriva una orden de investigar que es trabajada por personal de la Brigada de Investigaci\u00f3n Criminal, en conjunto con la Oficina de An\u00e1lisis Criminal y el Laboratorio de Criminal\u00edstica Regional Coyhaique\u201d.<\/p>\n<p style=\"text-align: justify;\">Sobre el trabajo investigativo de an\u00e1lisis criminal, el jefe de la unidad detall\u00f3 que \u201cse realiz\u00f3 un an\u00e1lisis completo de la informaci\u00f3n y una recolecci\u00f3n de antecedentes, lo cual permiti\u00f3 mediante el trabajo en el sitio del suceso, el empadronamiento de testigos y recolecci\u00f3n de evidencia, obtener el lugar preciso donde ocurrieron los hechos, la identidad de la v\u00edctima y la identidad de la imputada\u201d.<\/p>\n<p style=\"text-align: justify;\">Con estos antecedentes, \u201cse toma declaraci\u00f3n a la v\u00edctima quien proporciona antecedentes importantes respecto del hecho y posteriormente a la imputada, quien reconoce la agresi\u00f3n a la v\u00edctima\u201d, agreg\u00f3 el comisario Mora, se\u00f1alando que se dio cuenta al Ministerio P\u00fablico quien solicita la respectiva orden de detenci\u00f3n con el Juzgado de Garant\u00eda de Coyhaique.<\/p>\n<p style=\"text-align: justify;\">AUDIENCIA<\/p>\n<p style=\"text-align: justify;\">En la audiencia de control de la detenci\u00f3n y formalizaci\u00f3n de la investigaci\u00f3n, la fiscal Mar\u00eda In\u00e9s N\u00fa\u00f1ez expres\u00f3 que el s\u00e1bado 3 de abril del presente a\u00f1o, en horas de la noche, la imputada se encontraba en una fiesta en un domicilio del sector alto de la ciudad, donde tambi\u00e9n permanec\u00eda la v\u00edctima. \u201cEn un momento de la noche, la imputada se acerca a la v\u00edctima y sin motivo justificado, la saca del domicilio tom\u00e1ndola de sus ropas y a empujones de la casa, para posteriormente seguir agredi\u00e9ndola con golpes de pu\u00f1o en la cara y diferentes partes de su cuerpo\u201d.<\/p>\n<p style=\"text-align: justify;\">La fiscal N\u00fa\u00f1ez agreg\u00f3 que durante la agresi\u00f3n, la imputada oblig\u00f3 a la v\u00edctima a sacarse la ropa, siendo grabada con un tel\u00e9fono celular por parte de una tercera persona, im\u00e1genes que fueron posteriormente compartidas por WhatsApp.<\/p>\n<p style=\"text-align: justify;\">En este caso, el fiscal jefe de Coyhaique, Jos\u00e9 Moris, detall\u00f3 que el Juzgado de Garant\u00eda fij\u00f3 90 d\u00edas como plazo de investigaci\u00f3n del delito de lesiones menos graves. Asimismo, el fiscal Moris explic\u00f3 que la jueza Florentina Rezuc decret\u00f3 en contra de la imputada, las medidas cautelares de arraigo regional y prohibici\u00f3n de acercarse a la v\u00edctima, tanto a su domicilio como a su lugar de trabajo.<\/p>\n<p style=\"text-align: justify;\">Finalmente, el jefe de la BICRIM Coyhaique enfatiz\u00f3 que \u201cante este tipo de hechos que afecta la dignidad y los derechos de las personas, la PDI se aboca al esclarecimiento de ellos dando una oportuna respuesta, por este motivo, se hace un llamado a la comunidad para que en conocimiento de un delito lo denuncie, para iniciar la respectiva investigaci\u00f3n junto al Ministerio P\u00fablico\u201d.<\/p>\n<\/div><\/section><\/div><div  style='height:50px' class='hr hr-invisible   avia-builder-el-6  el_after_av_one_full  el_before_av_social_share '><span class='hr-inner ' ><span class='hr-inner-style'><\/span><\/span><\/div><\/p>\n<div  class='av-social-sharing-box  avia-builder-el-7  el_after_av_hr  el_before_av_hr  '><div class='av-share-box'><h5 class='av-share-link-description av-no-toc '>Compartir esta noticia<\/h5><ul class='av-share-box-list noLightbox'><li class='av-share-link av-social-link-facebook' ><a target=\"_blank\" aria-label=\"Compartir en Facebook\" href='https:\/\/www.facebook.com\/sharer.php?u=https:\/\/radiorevelacionfm.cl\/?p=3167&#038;t=Detienen%20y%20formalizan%20a%20imputada%20por%20agresi%C3%B3n%20en%20contra%20de%20mujer%20en%20sector%20alto%20de%20Coyhaique' aria-hidden='false' data-av_icon='\ue8f3' data-av_iconfont='entypo-fontello' title='' data-avia-related-tooltip='Compartir en Facebook' rel=\"noopener\"><span class='avia_hidden_link_text'>Compartir en Facebook<\/span><\/a><\/li><li class='av-share-link av-social-link-twitter' ><a target=\"_blank\" aria-label=\"Compartir en Twitter\" href='https:\/\/twitter.com\/share?text=Detienen%20y%20formalizan%20a%20imputada%20por%20agresi%C3%B3n%20en%20contra%20de%20mujer%20en%20sector%20alto%20de%20Coyhaique&#038;url=https:\/\/radiorevelacionfm.cl\/?p=3167' aria-hidden='false' data-av_icon='\ue8f1' data-av_iconfont='entypo-fontello' title='' data-avia-related-tooltip='Compartir en Twitter' rel=\"noopener\"><span class='avia_hidden_link_text'>Compartir en Twitter<\/span><\/a><\/li><li class='av-share-link av-social-link-whatsapp' ><a target=\"_blank\" aria-label=\"Compartir en Whatsapp\" href='https:\/\/api.whatsapp.com\/send?text=https:\/\/radiorevelacionfm.cl\/?p=3167' aria-hidden='false' data-av_icon='\uf232' data-av_iconfont='entypo-fontello' title='' data-avia-related-tooltip='Compartir en Whatsapp' rel=\"noopener\"><span class='avia_hidden_link_text'>Compartir en Whatsapp<\/span><\/a><\/li><li class='av-share-link av-social-link-linkedin' ><a target=\"_blank\" aria-label=\"Compartir en LinkedIn\" href='https:\/\/linkedin.com\/shareArticle?mini=true&#038;title=Detienen%20y%20formalizan%20a%20imputada%20por%20agresi%C3%B3n%20en%20contra%20de%20mujer%20en%20sector%20alto%20de%20Coyhaique&#038;url=https:\/\/radiorevelacionfm.cl\/?p=3167' aria-hidden='false' data-av_icon='\ue8fc' data-av_iconfont='entypo-fontello' title='' data-avia-related-tooltip='Compartir en LinkedIn' rel=\"noopener\"><span class='avia_hidden_link_text'>Compartir en LinkedIn<\/span><\/a><\/li><li class='av-share-link av-social-link-mail' ><a  aria-label=\"Compartir por correo\" href='mailto:?subject=Detienen%20y%20formalizan%20a%20imputada%20por%20agresi%C3%B3n%20en%20contra%20de%20mujer%20en%20sector%20alto%20de%20Coyhaique&#038;body=https:\/\/radiorevelacionfm.cl\/?p=3167' aria-hidden='false' data-av_icon='\ue805' data-av_iconfont='entypo-fontello' title='' data-avia-related-tooltip='Compartir por correo'><span class='avia_hidden_link_text'>Compartir por correo<\/span><\/a><\/li><\/ul><\/div><\/div>\n<div  style='height:50px' class='hr hr-invisible   avia-builder-el-8  el_after_av_social_share  el_before_av_comments_list '><span class='hr-inner ' ><span class='hr-inner-style'><\/span><\/span><\/div>\n<div  class='av-buildercomment  av-blog-meta-html-info-disabled av-blog-meta-tag-disabled  '><\/div>\n","protected":false},"excerpt":{"rendered":"","protected":false},"author":1,"featured_media":3168,"comment_status":"open","ping_status":"open","sticky":false,"template":"","format":"standard","meta":{"footnotes":""},"categories":[36],"tags":[],"class_list":["post-3167","post","type-post","status-publish","format-standard","has-post-thumbnail","hentry","category-policial"],"jetpack_featured_media_url":"https:\/\/radiorevelacionfm.cl\/wp-content\/uploads\/2021\/04\/PDI-11.01.21.jpg","_links":{"self":[{"href":"https:\/\/radiorevelacionfm.cl\/index.php?rest_route=\/wp\/v2\/posts\/3167","targetHints":{"allow":["GET"]}}],"collection":[{"href":"https:\/\/radiorevelacionfm.cl\/index.php?rest_route=\/wp\/v2\/posts"}],"about":[{"href":"https:\/\/radiorevelacionfm.cl\/index.php?rest_route=\/wp\/v2\/types\/post"}],"author":[{"embeddable":true,"href":"https:\/\/radiorevelacionfm.cl\/index.php?rest_route=\/wp\/v2\/users\/1"}],"replies":[{"embeddable":true,"href":"https:\/\/radiorevelacionfm.cl\/index.php?rest_route=%2Fwp%2Fv2%2Fcomments&post=3167"}],"version-history":[{"count":1,"href":"https:\/\/radiorevelacionfm.cl\/index.php?rest_route=\/wp\/v2\/posts\/3167\/revisions"}],"predecessor-version":[{"id":3169,"href":"https:\/\/radiorevelacionfm.cl\/index.php?rest_route=\/wp\/v2\/posts\/3167\/revisions\/3169"}],"wp:featuredmedia":[{"embeddable":true,"href":"https:\/\/radiorevelacionfm.cl\/index.php?rest_route=\/wp\/v2\/media\/3168"}],"wp:attachment":[{"href":"https:\/\/radiorevelacionfm.cl\/index.php?rest_route=%2Fwp%2Fv2%2Fmedia&parent=3167"}],"wp:term":[{"taxonomy":"category","embeddable":true,"href":"https:\/\/radiorevelacionfm.cl\/index.php?rest_route=%2Fwp%2Fv2%2Fcategories&post=3167"},{"taxonomy":"post_tag","embeddable":true,"href":"https:\/\/radiorevelacionfm.cl\/index.php?rest_route=%2Fwp%2Fv2%2Ftags&post=3167"}],"curies":[{"name":"wp","href":"https:\/\/api.w.org\/{rel}","templated":true}]}}