{"id":31669,"date":"2023-06-05T11:13:56","date_gmt":"2023-06-05T14:13:56","guid":{"rendered":"https:\/\/radiorevelacionfm.cl\/?p=31669"},"modified":"2023-06-05T11:13:56","modified_gmt":"2023-06-05T14:13:56","slug":"izamiento-de-la-gran-bandera-pdi-inicia-actividades-en-el-marco-de-sus-90-anos","status":"publish","type":"post","link":"https:\/\/radiorevelacionfm.cl\/?p=31669","title":{"rendered":"Izamiento de la Gran Bandera: PDI inicia actividades en el marco de sus 90 a\u00f1os"},"content":{"rendered":"<div class=\"flex_column av_one_full  flex_column_div av-zero-column-padding first  avia-builder-el-0  el_before_av_one_full  avia-builder-el-first  \" style='border-radius:0px; '><div  class='avia-image-container  av-styling-    avia-builder-el-1  avia-builder-el-no-sibling  avia-align-center '  itemprop=\"image\" itemscope=\"itemscope\" itemtype=\"https:\/\/schema.org\/ImageObject\"  ><div class='avia-image-container-inner'><div class='avia-image-overlay-wrap'><img decoding=\"async\" class='wp-image-31670 avia-img-lazy-loading-not-31670 avia_image' src=\"https:\/\/radiorevelacionfm.cl\/wp-content\/uploads\/2023\/06\/Gran-Bandera-90-anos-PDI-003-1-1.jpg\" alt='' title='Gran Bandera 90 a\u00f1os PDI 003 (1) (1)' height=\"600\" width=\"900\"  itemprop=\"thumbnailUrl\" srcset=\"https:\/\/radiorevelacionfm.cl\/wp-content\/uploads\/2023\/06\/Gran-Bandera-90-anos-PDI-003-1-1.jpg 900w, https:\/\/radiorevelacionfm.cl\/wp-content\/uploads\/2023\/06\/Gran-Bandera-90-anos-PDI-003-1-1-300x200.jpg 300w, https:\/\/radiorevelacionfm.cl\/wp-content\/uploads\/2023\/06\/Gran-Bandera-90-anos-PDI-003-1-1-768x512.jpg 768w, https:\/\/radiorevelacionfm.cl\/wp-content\/uploads\/2023\/06\/Gran-Bandera-90-anos-PDI-003-1-1-705x470.jpg 705w, https:\/\/radiorevelacionfm.cl\/wp-content\/uploads\/2023\/06\/Gran-Bandera-90-anos-PDI-003-1-1-450x300.jpg 450w, https:\/\/radiorevelacionfm.cl\/wp-content\/uploads\/2023\/06\/Gran-Bandera-90-anos-PDI-003-1-1-600x400.jpg 600w\" sizes=\"(max-width: 900px) 100vw, 900px\" \/><\/div><\/div><\/div><\/div><div class=\"flex_column av_one_full  flex_column_div av-zero-column-padding first  avia-builder-el-2  el_after_av_one_full  el_before_av_one_full  column-top-margin\" style='border-radius:0px; '><section class=\"av_textblock_section \"  itemscope=\"itemscope\" itemtype=\"https:\/\/schema.org\/BlogPosting\" itemprop=\"blogPost\" ><div class='avia_textblock  '   itemprop=\"text\" ><p style=\"text-align: center;\"><span style=\"font-size: 18pt;\"><strong>Izamiento de la Gran Bandera: PDI inicia actividades en el marco de sus 90 a\u00f1os<\/strong><\/span><\/p>\n<div id=\"gtx-trans\" style=\"position: absolute; left: -50px; top: 4.31534px;\">\n<div class=\"gtx-trans-icon\"><\/div>\n<\/div>\n<\/div><\/section><\/div><div class=\"flex_column av_one_full  flex_column_div av-zero-column-padding first  avia-builder-el-4  el_after_av_one_full  el_before_av_hr  column-top-margin\" style='border-radius:0px; '><section class=\"av_textblock_section \"  itemscope=\"itemscope\" itemtype=\"https:\/\/schema.org\/BlogPosting\" itemprop=\"blogPost\" ><div class='avia_textblock  '   itemprop=\"text\" ><p style=\"text-align: justify;\">Este viernes 2 de junio, en la Plaza Mirador R\u00edo Coyhaique, detectives y funcionarios de la Polic\u00eda de Investigaciones de Chile en la Regi\u00f3n de Ays\u00e9n formaron ante la Gran Bandera Bicentenario con motivo del inicio de las actividades del Nonag\u00e9simo Aniversario institucional, el pr\u00f3ximo 19 de junio, acompa\u00f1ados por diferentes autoridades regionales.<\/p>\n<p style=\"text-align: justify;\">La actividad fue encabezada por el jefe de la Regi\u00f3n Policial de Ays\u00e9n del General Carlos Ib\u00e1\u00f1ez del Campo, prefecto Luis Torralba Ram\u00edrez, participando la jefa de la Prefectura Provincial Coyhaique, prefecta Carolina Namor Esbry, los jefes de unidades y el personal institucional de todos los escalafones.<\/p>\n<p style=\"text-align: justify;\">Durante la ceremonia, la m\u00e1xima autoridad de la PDI en la regi\u00f3n realiz\u00f3 un especial reconocimiento al trabajo de los hombres y mujeres que componen la instituci\u00f3n en la zona austral, quienes, d\u00eda a d\u00eda con vocaci\u00f3n de servicio p\u00fablico investigan los diferentes fen\u00f3menos que afectan a la ciudadan\u00eda.<\/p>\n<p style=\"text-align: justify;\">Sobre este simb\u00f3lico acto, el prefecto Luis Torralba indic\u00f3 que \u201cson 90 a\u00f1os en la escena del crimen y con en esta ceremonia s\u00faper importante para nosotros dimos el puntapi\u00e9 inicial al mes aniversario. Como Polic\u00eda de Investigaciones de Chile estamos presentes, trabajando e investigando de manera silente los fen\u00f3menos criminales y delitos complejos bajo la preparaci\u00f3n y formaci\u00f3n profesional que tenemos como investigadores policiales para esclarecer los delitos complejos y mantener la seguridad p\u00fablica\u201d.<\/p>\n<p style=\"text-align: justify;\">Por su parte, el Delegado Regional Rodrigo Araya se\u00f1al\u00f3 que \u201cac\u00e1 en la regi\u00f3n la PDI tiene una muy buena valoraci\u00f3n por parte de la ciudadan\u00eda y eso se debe al trabajo que han realizado en relaci\u00f3n a la investigaci\u00f3n criminal y en la comunicaci\u00f3n de riesgos con las organizaciones sociales y con las instituciones p\u00fablicas. Esta instituci\u00f3n es tremendamente importante para seguir aportando al desarrollo de la justicia, la investigaci\u00f3n criminal y la seguridad ciudadana\u201d.<\/p>\n<p style=\"text-align: justify;\">En esta solemne ceremonia participaron el Delegado Presidencial Regional, Rodrigo Araya Morales; el Fiscal Regional Subrogante, Jos\u00e9 Moris Ferrando; el Defensor Regional, Jorge Moraga Torres; el Alcalde de la Municipalidad de Coyhaique, Carlos Gatica Villegas; el Comandante en Jefe de la IV Divisi\u00f3n de Ej\u00e9rcito, General de Brigada Mario Sep\u00falveda Fuentes; el Jefe de la XI Zona de Carabineros, General Patricio Santos Poblete; el Comandante de la Base A\u00e9rea de Balmaceda, Suboficial Mayor H\u00e9ctor Sol\u00eds Rozas; el Director Regional de Gendarmer\u00eda, Teniente Coronel Freddy Molinet Anoni; y los representantes del Gobierno Regional, \u00d3scar del Solar Navarrete, y de la Gobernaci\u00f3n Mar\u00edtima, Capit\u00e1n de Corbeta LT H\u00e9ctor Rojas Mart\u00edn.<\/p>\n<p style=\"text-align: justify;\">Finalmente, cabe destacar que, durante junio, la PDI se encuentra desarrollando una serie de actividades de acercamiento a la comunidad, actos internos y externos para dar a conocer los avances de la labor policial en la Patagonia chilena.<\/p>\n<\/div><\/section><\/div><div  style='height:50px' class='hr hr-invisible   avia-builder-el-6  el_after_av_one_full  el_before_av_social_share '><span class='hr-inner ' ><span class='hr-inner-style'><\/span><\/span><\/div><\/p>\n<div  class='av-social-sharing-box  avia-builder-el-7  el_after_av_hr  el_before_av_hr  '><div class='av-share-box'><h5 class='av-share-link-description av-no-toc '>Compartir esta noticia<\/h5><ul class='av-share-box-list noLightbox'><li class='av-share-link av-social-link-facebook' ><a target=\"_blank\" aria-label=\"Compartir en Facebook\" href='https:\/\/www.facebook.com\/sharer.php?u=https:\/\/radiorevelacionfm.cl\/?p=31669&#038;t=Izamiento%20de%20la%20Gran%20Bandera%3A%20PDI%20inicia%20actividades%20en%20el%20marco%20de%20sus%2090%20a%C3%B1os' aria-hidden='false' data-av_icon='\ue8f3' data-av_iconfont='entypo-fontello' title='' data-avia-related-tooltip='Compartir en Facebook' rel=\"noopener\"><span class='avia_hidden_link_text'>Compartir en Facebook<\/span><\/a><\/li><li class='av-share-link av-social-link-twitter' ><a target=\"_blank\" aria-label=\"Compartir en Twitter\" href='https:\/\/twitter.com\/share?text=Izamiento%20de%20la%20Gran%20Bandera%3A%20PDI%20inicia%20actividades%20en%20el%20marco%20de%20sus%2090%20a%C3%B1os&#038;url=https:\/\/radiorevelacionfm.cl\/?p=31669' aria-hidden='false' data-av_icon='\ue8f1' data-av_iconfont='entypo-fontello' title='' data-avia-related-tooltip='Compartir en Twitter' rel=\"noopener\"><span class='avia_hidden_link_text'>Compartir en Twitter<\/span><\/a><\/li><li class='av-share-link av-social-link-whatsapp' ><a target=\"_blank\" aria-label=\"Compartir en Whatsapp\" href='https:\/\/api.whatsapp.com\/send?text=https:\/\/radiorevelacionfm.cl\/?p=31669' aria-hidden='false' data-av_icon='\uf232' data-av_iconfont='entypo-fontello' title='' data-avia-related-tooltip='Compartir en Whatsapp' rel=\"noopener\"><span class='avia_hidden_link_text'>Compartir en Whatsapp<\/span><\/a><\/li><li class='av-share-link av-social-link-linkedin' ><a target=\"_blank\" aria-label=\"Compartir en LinkedIn\" href='https:\/\/linkedin.com\/shareArticle?mini=true&#038;title=Izamiento%20de%20la%20Gran%20Bandera%3A%20PDI%20inicia%20actividades%20en%20el%20marco%20de%20sus%2090%20a%C3%B1os&#038;url=https:\/\/radiorevelacionfm.cl\/?p=31669' aria-hidden='false' data-av_icon='\ue8fc' data-av_iconfont='entypo-fontello' title='' data-avia-related-tooltip='Compartir en LinkedIn' rel=\"noopener\"><span class='avia_hidden_link_text'>Compartir en LinkedIn<\/span><\/a><\/li><li class='av-share-link av-social-link-mail' ><a  aria-label=\"Compartir por correo\" href='mailto:?subject=Izamiento%20de%20la%20Gran%20Bandera%3A%20PDI%20inicia%20actividades%20en%20el%20marco%20de%20sus%2090%20a%C3%B1os&#038;body=https:\/\/radiorevelacionfm.cl\/?p=31669' aria-hidden='false' data-av_icon='\ue805' data-av_iconfont='entypo-fontello' title='' data-avia-related-tooltip='Compartir por correo'><span class='avia_hidden_link_text'>Compartir por correo<\/span><\/a><\/li><\/ul><\/div><\/div>\n<div  style='height:50px' class='hr hr-invisible   avia-builder-el-8  el_after_av_social_share  el_before_av_comments_list '><span class='hr-inner ' ><span class='hr-inner-style'><\/span><\/span><\/div>\n<div  class='av-buildercomment  av-blog-meta-html-info-disabled av-blog-meta-tag-disabled  '><\/div>\n","protected":false},"excerpt":{"rendered":"","protected":false},"author":1,"featured_media":31670,"comment_status":"open","ping_status":"open","sticky":false,"template":"","format":"standard","meta":{"footnotes":""},"categories":[36],"tags":[],"class_list":["post-31669","post","type-post","status-publish","format-standard","has-post-thumbnail","hentry","category-policial"],"jetpack_featured_media_url":"https:\/\/radiorevelacionfm.cl\/wp-content\/uploads\/2023\/06\/Gran-Bandera-90-anos-PDI-003-1-1.jpg","_links":{"self":[{"href":"https:\/\/radiorevelacionfm.cl\/index.php?rest_route=\/wp\/v2\/posts\/31669","targetHints":{"allow":["GET"]}}],"collection":[{"href":"https:\/\/radiorevelacionfm.cl\/index.php?rest_route=\/wp\/v2\/posts"}],"about":[{"href":"https:\/\/radiorevelacionfm.cl\/index.php?rest_route=\/wp\/v2\/types\/post"}],"author":[{"embeddable":true,"href":"https:\/\/radiorevelacionfm.cl\/index.php?rest_route=\/wp\/v2\/users\/1"}],"replies":[{"embeddable":true,"href":"https:\/\/radiorevelacionfm.cl\/index.php?rest_route=%2Fwp%2Fv2%2Fcomments&post=31669"}],"version-history":[{"count":1,"href":"https:\/\/radiorevelacionfm.cl\/index.php?rest_route=\/wp\/v2\/posts\/31669\/revisions"}],"predecessor-version":[{"id":31671,"href":"https:\/\/radiorevelacionfm.cl\/index.php?rest_route=\/wp\/v2\/posts\/31669\/revisions\/31671"}],"wp:featuredmedia":[{"embeddable":true,"href":"https:\/\/radiorevelacionfm.cl\/index.php?rest_route=\/wp\/v2\/media\/31670"}],"wp:attachment":[{"href":"https:\/\/radiorevelacionfm.cl\/index.php?rest_route=%2Fwp%2Fv2%2Fmedia&parent=31669"}],"wp:term":[{"taxonomy":"category","embeddable":true,"href":"https:\/\/radiorevelacionfm.cl\/index.php?rest_route=%2Fwp%2Fv2%2Fcategories&post=31669"},{"taxonomy":"post_tag","embeddable":true,"href":"https:\/\/radiorevelacionfm.cl\/index.php?rest_route=%2Fwp%2Fv2%2Ftags&post=31669"}],"curies":[{"name":"wp","href":"https:\/\/api.w.org\/{rel}","templated":true}]}}