{"id":31665,"date":"2023-06-05T11:06:03","date_gmt":"2023-06-05T14:06:03","guid":{"rendered":"https:\/\/radiorevelacionfm.cl\/?p=31665"},"modified":"2023-06-05T11:06:03","modified_gmt":"2023-06-05T14:06:03","slug":"proyecto-de-ecoturismo-marino-finaliza-con-actividades-en-puerto-raul-marin-balmaceda","status":"publish","type":"post","link":"https:\/\/radiorevelacionfm.cl\/?p=31665","title":{"rendered":"Proyecto de Ecoturismo Marino, finaliza con actividades en Puerto Ra\u00fal Mar\u00edn Balmaceda"},"content":{"rendered":"<div class=\"flex_column av_one_full  flex_column_div av-zero-column-padding first  avia-builder-el-0  el_before_av_one_full  avia-builder-el-first  \" style='border-radius:0px; '><div  class='avia-image-container  av-styling-    avia-builder-el-1  avia-builder-el-no-sibling  avia-align-center '  itemprop=\"image\" itemscope=\"itemscope\" itemtype=\"https:\/\/schema.org\/ImageObject\"  ><div class='avia-image-container-inner'><div class='avia-image-overlay-wrap'><img decoding=\"async\" class='wp-image-31667 avia-img-lazy-loading-not-31667 avia_image' src=\"https:\/\/radiorevelacionfm.cl\/wp-content\/uploads\/2023\/06\/4-5-3_optimized.jpg\" alt='' title='4-(5)-(3)_optimized' height=\"600\" width=\"1066\"  itemprop=\"thumbnailUrl\" srcset=\"https:\/\/radiorevelacionfm.cl\/wp-content\/uploads\/2023\/06\/4-5-3_optimized.jpg 1066w, https:\/\/radiorevelacionfm.cl\/wp-content\/uploads\/2023\/06\/4-5-3_optimized-300x169.jpg 300w, https:\/\/radiorevelacionfm.cl\/wp-content\/uploads\/2023\/06\/4-5-3_optimized-1030x580.jpg 1030w, https:\/\/radiorevelacionfm.cl\/wp-content\/uploads\/2023\/06\/4-5-3_optimized-768x432.jpg 768w, https:\/\/radiorevelacionfm.cl\/wp-content\/uploads\/2023\/06\/4-5-3_optimized-705x397.jpg 705w, https:\/\/radiorevelacionfm.cl\/wp-content\/uploads\/2023\/06\/4-5-3_optimized-450x253.jpg 450w, https:\/\/radiorevelacionfm.cl\/wp-content\/uploads\/2023\/06\/4-5-3_optimized-600x338.jpg 600w\" sizes=\"(max-width: 1066px) 100vw, 1066px\" \/><\/div><\/div><\/div><\/div><div class=\"flex_column av_one_full  flex_column_div av-zero-column-padding first  avia-builder-el-2  el_after_av_one_full  el_before_av_one_full  column-top-margin\" style='border-radius:0px; '><section class=\"av_textblock_section \"  itemscope=\"itemscope\" itemtype=\"https:\/\/schema.org\/BlogPosting\" itemprop=\"blogPost\" ><div class='avia_textblock  '   itemprop=\"text\" ><p style=\"text-align: center;\"><strong><span style=\"font-size: 18pt;\">Proyecto de Ecoturismo Marino, finaliza con actividades en Puerto Ra\u00fal Mar\u00edn Balmaceda<\/span><\/strong><\/p>\n<div id=\"gtx-trans\" style=\"position: absolute; left: -50px; top: 4.31534px;\">\n<div class=\"gtx-trans-icon\"><\/div>\n<\/div>\n<\/div><\/section><\/div><div class=\"flex_column av_one_full  flex_column_div av-zero-column-padding first  avia-builder-el-4  el_after_av_one_full  el_before_av_hr  column-top-margin\" style='border-radius:0px; '><section class=\"av_textblock_section \"  itemscope=\"itemscope\" itemtype=\"https:\/\/schema.org\/BlogPosting\" itemprop=\"blogPost\" ><div class='avia_textblock  '   itemprop=\"text\" ><p style=\"text-align: justify;\">El pasado 12 y 13 de mayo de 2023 fueron presentados los resultados de ese proyecto a trav\u00e9s de actividades participativas con la Escuela rural Amanda Labarca y los operadores tur\u00edsticos de la localidad. \u201cEn esta oportunidad se compartieron los productos finales del proyecto entre los que cuentan; una bit\u00e1cora de campo con los principales puntos de la ruta y su descripci\u00f3n, adem\u00e1s el material audiovisual realizado de manera exclusiva para este proyecto, lo cual fue muy valorado y bien recibido por parte de los participantes\u201d destaca la directora del proyecto y experta en Ecoturismo Mar\u00eda Jes\u00fas Montti.<\/p>\n<p style=\"text-align: justify;\">En esta misma l\u00ednea comenta \u201ceste trabajo se enmarca dentro de \u201cLa Ruta de la Conservaci\u00f3n Marina\u201d, ejecutado por la Fundaci\u00f3n Ays\u00e9n Mira el Mar, donde a trav\u00e9s de transectos de navegaci\u00f3n con \u00e9nfasis en \u201crutas de ecoturismo marino\u201d se pretende unir al Maritorio de Ays\u00e9n aportando a la conservaci\u00f3n marina, conectado a las distintas comunidades de nuestro litoral. La etapa 1, logro levantar \u201cRutas de Ecoturismo Marino\u201d, entre las localidades de Puerto Cisnes, Puerto Puyuhuapi, Puerto Gala y Puerto Gaviota. El presente trabajo corresponde a la etapa 2, donde en octubre del presente a\u00f1o, se har\u00e1 la etapa 3, la cual consiste navegar entre Pto. Ra\u00fal Mar\u00edn Balmaceda, Melimoyu y Pto. Gala\u201d, destaca tambi\u00e9n la directora de la iniciativa.<\/p>\n<p style=\"text-align: justify;\">\u201cEste es un proyecto que le otorga un valor cultural importante a una ruta ya existente, volvi\u00e9ndola un atractivo tur\u00edstico de mayor envergadura siempre entendiendo que este turismo se realiza en armon\u00eda con el medio ambiente, pero tambi\u00e9n esperando entrelazar la historia cultural de nuestro pueblo y de los pueblos que nos antecedieron con el maritorio. Todo este trabajo se levant\u00f3 con la comunidad y ha sido bastante enriquecedor ya que ha levantado nuevas l\u00edneas de investigaci\u00f3n e inter\u00e9s para ser trabajadas a fututo con la comunidad como lo es el tema de los pueblos originarios y la presencia de historia de nuestros volcanes circundantes\u201d, enfatiza la presidenta de la C\u00e1mara de Turismo y Comercio de la localidad, Alejandra Gonz\u00e1lez.<\/p>\n<p style=\"text-align: justify;\">\u201cEl ecoturismo marino\u201d es una actividad productiva no extractivista que beneficia econ\u00f3micamente a las personas de las comunidades donde se realiza y, por otro lado, promueve la conservaci\u00f3n de la naturaleza. Desde el trabajo con la Fundaci\u00f3n Ays\u00e9n Mira el Mar, queremos posicionar a la Regi\u00f3n de Ays\u00e9n como polo de ecoturismo Marino, y levantar estas rutas en diversas localidades es un paso para aquello\u201d, finaliz\u00f3 Mar\u00eda Jes\u00fas Montti.<\/p>\n<p style=\"text-align: justify;\">\u201cRutas de Ecoturismo Marino en el Fiordo Piti Palena\u201d en la localidad de Puerto Ra\u00fal Mar\u00edn Balmaceda fue una iniciativa financiada por el Ministerio de las Culturas, las Artes y el Patrimonio a trav\u00e9s de su Fondart Regional de Ays\u00e9n, que busc\u00f3 poner en valor el patrimonio natural y cultural de esta localidad.<\/p>\n<p style=\"text-align: justify;\">La ruta contempl\u00f3 la realizaci\u00f3n de material audiovisual disponible en:<\/p>\n<p style=\"text-align: justify;\"><a href=\"https:\/\/www.youtube.com\/watch?v=DbBzcIuO9M0&amp;ab_channel=Ays%C3%A9nMiraelMar\">https:\/\/www.youtube.com\/watch?v=DbBzcIuO9M0&amp;ab_channel=Ays%C3%A9nMiraelMar<\/a><u>. <\/u><\/p>\n<p style=\"text-align: justify;\">Para quienes quieran conocer m\u00e1s sobre el concepto \u00abEcoturismo Marino\u00bb, tambi\u00e9n est\u00e1 disponible en el siguiente enlace:<\/p>\n<p style=\"text-align: justify;\"><a href=\"https:\/\/www.youtube.com\/watch?v=AkvrhwtBad8&amp;t=60s&amp;ab_channel=Ays%C3%A9nMiraelMar\">https:\/\/www.youtube.com\/watch?v=AkvrhwtBad8&amp;t=60s&amp;ab_channel=Ays%C3%A9nMiraelMar<\/a><\/p>\n<\/div><\/section><\/div><div  style='height:50px' class='hr hr-invisible   avia-builder-el-6  el_after_av_one_full  el_before_av_social_share '><span class='hr-inner ' ><span class='hr-inner-style'><\/span><\/span><\/div><\/p>\n<div  class='av-social-sharing-box  avia-builder-el-7  el_after_av_hr  el_before_av_hr  '><div class='av-share-box'><h5 class='av-share-link-description av-no-toc '>Compartir esta noticia<\/h5><ul class='av-share-box-list noLightbox'><li class='av-share-link av-social-link-facebook' ><a target=\"_blank\" aria-label=\"Compartir en Facebook\" href='https:\/\/www.facebook.com\/sharer.php?u=https:\/\/radiorevelacionfm.cl\/?p=31665&#038;t=Proyecto%20de%20Ecoturismo%20Marino%2C%20finaliza%20con%20actividades%20en%20Puerto%20Ra%C3%BAl%20Mar%C3%ADn%20Balmaceda' aria-hidden='false' data-av_icon='\ue8f3' data-av_iconfont='entypo-fontello' title='' data-avia-related-tooltip='Compartir en Facebook' rel=\"noopener\"><span class='avia_hidden_link_text'>Compartir en Facebook<\/span><\/a><\/li><li class='av-share-link av-social-link-twitter' ><a target=\"_blank\" aria-label=\"Compartir en Twitter\" href='https:\/\/twitter.com\/share?text=Proyecto%20de%20Ecoturismo%20Marino%2C%20finaliza%20con%20actividades%20en%20Puerto%20Ra%C3%BAl%20Mar%C3%ADn%20Balmaceda&#038;url=https:\/\/radiorevelacionfm.cl\/?p=31665' aria-hidden='false' data-av_icon='\ue8f1' data-av_iconfont='entypo-fontello' title='' data-avia-related-tooltip='Compartir en Twitter' rel=\"noopener\"><span class='avia_hidden_link_text'>Compartir en Twitter<\/span><\/a><\/li><li class='av-share-link av-social-link-whatsapp' ><a target=\"_blank\" aria-label=\"Compartir en Whatsapp\" href='https:\/\/api.whatsapp.com\/send?text=https:\/\/radiorevelacionfm.cl\/?p=31665' aria-hidden='false' data-av_icon='\uf232' data-av_iconfont='entypo-fontello' title='' data-avia-related-tooltip='Compartir en Whatsapp' rel=\"noopener\"><span class='avia_hidden_link_text'>Compartir en Whatsapp<\/span><\/a><\/li><li class='av-share-link av-social-link-linkedin' ><a target=\"_blank\" aria-label=\"Compartir en LinkedIn\" href='https:\/\/linkedin.com\/shareArticle?mini=true&#038;title=Proyecto%20de%20Ecoturismo%20Marino%2C%20finaliza%20con%20actividades%20en%20Puerto%20Ra%C3%BAl%20Mar%C3%ADn%20Balmaceda&#038;url=https:\/\/radiorevelacionfm.cl\/?p=31665' aria-hidden='false' data-av_icon='\ue8fc' data-av_iconfont='entypo-fontello' title='' data-avia-related-tooltip='Compartir en LinkedIn' rel=\"noopener\"><span class='avia_hidden_link_text'>Compartir en LinkedIn<\/span><\/a><\/li><li class='av-share-link av-social-link-mail' ><a  aria-label=\"Compartir por correo\" href='mailto:?subject=Proyecto%20de%20Ecoturismo%20Marino%2C%20finaliza%20con%20actividades%20en%20Puerto%20Ra%C3%BAl%20Mar%C3%ADn%20Balmaceda&#038;body=https:\/\/radiorevelacionfm.cl\/?p=31665' aria-hidden='false' data-av_icon='\ue805' data-av_iconfont='entypo-fontello' title='' data-avia-related-tooltip='Compartir por correo'><span class='avia_hidden_link_text'>Compartir por correo<\/span><\/a><\/li><\/ul><\/div><\/div>\n<div  style='height:50px' class='hr hr-invisible   avia-builder-el-8  el_after_av_social_share  el_before_av_comments_list '><span class='hr-inner ' ><span class='hr-inner-style'><\/span><\/span><\/div>\n<div  class='av-buildercomment  av-blog-meta-html-info-disabled av-blog-meta-tag-disabled  '><\/div>\n","protected":false},"excerpt":{"rendered":"","protected":false},"author":1,"featured_media":31667,"comment_status":"open","ping_status":"open","sticky":false,"template":"","format":"standard","meta":{"footnotes":""},"categories":[38],"tags":[],"class_list":["post-31665","post","type-post","status-publish","format-standard","has-post-thumbnail","hentry","category-regional"],"jetpack_featured_media_url":"https:\/\/radiorevelacionfm.cl\/wp-content\/uploads\/2023\/06\/4-5-3_optimized.jpg","_links":{"self":[{"href":"https:\/\/radiorevelacionfm.cl\/index.php?rest_route=\/wp\/v2\/posts\/31665","targetHints":{"allow":["GET"]}}],"collection":[{"href":"https:\/\/radiorevelacionfm.cl\/index.php?rest_route=\/wp\/v2\/posts"}],"about":[{"href":"https:\/\/radiorevelacionfm.cl\/index.php?rest_route=\/wp\/v2\/types\/post"}],"author":[{"embeddable":true,"href":"https:\/\/radiorevelacionfm.cl\/index.php?rest_route=\/wp\/v2\/users\/1"}],"replies":[{"embeddable":true,"href":"https:\/\/radiorevelacionfm.cl\/index.php?rest_route=%2Fwp%2Fv2%2Fcomments&post=31665"}],"version-history":[{"count":1,"href":"https:\/\/radiorevelacionfm.cl\/index.php?rest_route=\/wp\/v2\/posts\/31665\/revisions"}],"predecessor-version":[{"id":31668,"href":"https:\/\/radiorevelacionfm.cl\/index.php?rest_route=\/wp\/v2\/posts\/31665\/revisions\/31668"}],"wp:featuredmedia":[{"embeddable":true,"href":"https:\/\/radiorevelacionfm.cl\/index.php?rest_route=\/wp\/v2\/media\/31667"}],"wp:attachment":[{"href":"https:\/\/radiorevelacionfm.cl\/index.php?rest_route=%2Fwp%2Fv2%2Fmedia&parent=31665"}],"wp:term":[{"taxonomy":"category","embeddable":true,"href":"https:\/\/radiorevelacionfm.cl\/index.php?rest_route=%2Fwp%2Fv2%2Fcategories&post=31665"},{"taxonomy":"post_tag","embeddable":true,"href":"https:\/\/radiorevelacionfm.cl\/index.php?rest_route=%2Fwp%2Fv2%2Ftags&post=31665"}],"curies":[{"name":"wp","href":"https:\/\/api.w.org\/{rel}","templated":true}]}}