{"id":31662,"date":"2023-06-05T13:59:07","date_gmt":"2023-06-05T16:59:07","guid":{"rendered":"https:\/\/radiorevelacionfm.cl\/?p=31662"},"modified":"2023-06-05T13:59:07","modified_gmt":"2023-06-05T16:59:07","slug":"la-carpinteria-de-ribera-y-la-mitica-figura-del-pirata-nancupel-fueron-el-centro-del-dia-de-los-patrimonios-en-guaitecas","status":"publish","type":"post","link":"https:\/\/radiorevelacionfm.cl\/?p=31662","title":{"rendered":"La carpinter\u00eda de ribera y la m\u00edtica figura del pirata \u00d1anc\u00fapel fueron el centro del D\u00eda de los Patrimonios en Guaitecas"},"content":{"rendered":"<div class=\"flex_column av_one_full  flex_column_div av-zero-column-padding first  avia-builder-el-0  el_before_av_one_full  avia-builder-el-first  \" style='border-radius:0px; '><div  class='avia-image-container  av-styling-    avia-builder-el-1  avia-builder-el-no-sibling  avia-align-center '  itemprop=\"image\" itemscope=\"itemscope\" itemtype=\"https:\/\/schema.org\/ImageObject\"  ><div class='avia-image-container-inner'><div class='avia-image-overlay-wrap'><img decoding=\"async\" class='wp-image-31663 avia-img-lazy-loading-not-31663 avia_image' src=\"https:\/\/radiorevelacionfm.cl\/wp-content\/uploads\/2023\/06\/IMG-20230531-WA0012-Guaitecas-1-1.jpg\" alt='' title='IMG-20230531-WA0012-Guaitecas (1) (1)' height=\"600\" width=\"800\"  itemprop=\"thumbnailUrl\" srcset=\"https:\/\/radiorevelacionfm.cl\/wp-content\/uploads\/2023\/06\/IMG-20230531-WA0012-Guaitecas-1-1.jpg 800w, https:\/\/radiorevelacionfm.cl\/wp-content\/uploads\/2023\/06\/IMG-20230531-WA0012-Guaitecas-1-1-300x225.jpg 300w, https:\/\/radiorevelacionfm.cl\/wp-content\/uploads\/2023\/06\/IMG-20230531-WA0012-Guaitecas-1-1-768x576.jpg 768w, https:\/\/radiorevelacionfm.cl\/wp-content\/uploads\/2023\/06\/IMG-20230531-WA0012-Guaitecas-1-1-705x529.jpg 705w, https:\/\/radiorevelacionfm.cl\/wp-content\/uploads\/2023\/06\/IMG-20230531-WA0012-Guaitecas-1-1-450x338.jpg 450w, https:\/\/radiorevelacionfm.cl\/wp-content\/uploads\/2023\/06\/IMG-20230531-WA0012-Guaitecas-1-1-600x450.jpg 600w\" sizes=\"(max-width: 800px) 100vw, 800px\" \/><\/div><\/div><\/div><\/div><div class=\"flex_column av_one_full  flex_column_div av-zero-column-padding first  avia-builder-el-2  el_after_av_one_full  el_before_av_one_full  column-top-margin\" style='border-radius:0px; '><section class=\"av_textblock_section \"  itemscope=\"itemscope\" itemtype=\"https:\/\/schema.org\/BlogPosting\" itemprop=\"blogPost\" ><div class='avia_textblock  '   itemprop=\"text\" ><p style=\"text-align: center;\"><strong><span style=\"font-size: 18pt;\">La carpinter\u00eda de ribera y la m\u00edtica figura del pirata \u00d1anc\u00fapel fueron el centro del D\u00eda de los Patrimonios en Guaitecas<\/span><\/strong><\/p>\n<div id=\"gtx-trans\" style=\"position: absolute; left: -50px; top: 4.31534px;\">\n<div class=\"gtx-trans-icon\"><\/div>\n<\/div>\n<\/div><\/section><\/div><div class=\"flex_column av_one_full  flex_column_div av-zero-column-padding first  avia-builder-el-4  el_after_av_one_full  el_before_av_hr  column-top-margin\" style='border-radius:0px; '><section class=\"av_textblock_section \"  itemscope=\"itemscope\" itemtype=\"https:\/\/schema.org\/BlogPosting\" itemprop=\"blogPost\" ><div class='avia_textblock  '   itemprop=\"text\" ><p style=\"text-align: justify;\">Con la mirada puesta en las tradiciones, el patrimonio y la historia local, en Guaitecas se celebr\u00f3 el D\u00eda de los Patrimonios, que coincidi\u00f3 adem\u00e1s con el primer mes de actividades del programa cultura al aguaite, que dise\u00f1\u00f3 la reci\u00e9n creada Unidad de Cultura de la Municipalidad de Guaitecas.<\/p>\n<p style=\"text-align: justify;\">En esta celebraci\u00f3n del D\u00eda de los Patrimonios 2023 hubo m\u00fasica, teatro y otras expresiones que dieron cuenta de la riqueza cultural de la comuna.<\/p>\n<p style=\"text-align: justify;\">Samir Barrientos, encargado de la Unidad de Cultura del municipio, destac\u00f3 una actividad que se realiz\u00f3 con uno de los carpinteros de ribera de la comuna, quien comparti\u00f3, principalmente con estudiantes, su trabajo y la importancia de su tradicional actividad en una comunidad unida estrechamente al mar y sus faenas.<\/p>\n<p style=\"text-align: justify;\">\u201cHubo una actividad que puso en valor la carpinter\u00eda de ribera, con don Te\u00f3filo Chihuay y su familia como protagonistas, que nos abrieron las puertas para que ni\u00f1as, ni\u00f1os, j\u00f3venes y adultos pudieran entrar a su taller y all\u00ed \u00e9l nos cont\u00f3 sus experiencias y nos cont\u00f3 porqu\u00e9 la carpinter\u00eda de ribera es importante para \u00e9l y para la comunidad\u201d, dijo el funcionario municipal, quien a\u00f1adi\u00f3 que en nombre del municipio se entreg\u00f3 un reconocimiento a este destacado carpintero de ribera de la comuna.<\/p>\n<p style=\"text-align: justify;\">Otra actividad que Barrientos destac\u00f3 como parte de las celebraciones del D\u00eda de los Patrimonios en Guaitecas, fue el montaje de una obra de teatro en la que se abord\u00f3 desde una perspectiva distinta la figura del pirata \u00d1anc\u00fapel, uno de los personajes m\u00e1s controvertidos e ic\u00f3nicos de la narrativa, principalmente oral, en la zona.<\/p>\n<p style=\"text-align: justify;\">\u201cLa obra se llam\u00f3 Juicio a \u00d1anc\u00fapel y trat\u00f3 fundamentalmente de contrastar la figura mitol\u00f3gica que tiene del pirata \u00d1anc\u00fapel con la figura pol\u00edtica y como persona; entonces la obra pone en valor la figura de pirata \u00d1anc\u00fapel y se abord\u00f3 de esta forma, pues a veces la historia es contada desde la perspectiva del bando ganador, del bando hegem\u00f3nico, entonces en la obra de teatro se cuestiona tambi\u00e9n un poco eso\u201d, dijo el encargado de la Unidad de Cultura de la Municipalidad de Guaitecas.<\/p>\n<p style=\"text-align: justify;\">Adem\u00e1s de la visita al taller del carpintero de ribera Te\u00f3filo Chihuay y la obra de teatro en torno a la m\u00edtica figura del Pirata \u00d1anc\u00fapel, en Guaitecas el D\u00eda de los Patrimonios se celebr\u00f3 con un concierto ac\u00fastico con m\u00fasicos locales, una feria gastron\u00f3mica y artesanal y las actividades coincidieron adem\u00e1s con la culminaci\u00f3n del primer mes del programa cultura al aguaite, que organiz\u00f3 la reci\u00e9n creada Unidad de Cultura del municipio.<\/p>\n<\/div><\/section><\/div><div  style='height:50px' class='hr hr-invisible   avia-builder-el-6  el_after_av_one_full  el_before_av_social_share '><span class='hr-inner ' ><span class='hr-inner-style'><\/span><\/span><\/div><\/p>\n<div  class='av-social-sharing-box  avia-builder-el-7  el_after_av_hr  el_before_av_hr  '><div class='av-share-box'><h5 class='av-share-link-description av-no-toc '>Compartir esta noticia<\/h5><ul class='av-share-box-list noLightbox'><li class='av-share-link av-social-link-facebook' ><a target=\"_blank\" aria-label=\"Compartir en Facebook\" href='https:\/\/www.facebook.com\/sharer.php?u=https:\/\/radiorevelacionfm.cl\/?p=31662&#038;t=La%20carpinter%C3%ADa%20de%20ribera%20y%20la%20m%C3%ADtica%20figura%20del%20pirata%20%C3%91anc%C3%BApel%20fueron%20el%20centro%20del%20D%C3%ADa%20de%20los%20Patrimonios%20en%20Guaitecas' aria-hidden='false' data-av_icon='\ue8f3' data-av_iconfont='entypo-fontello' title='' data-avia-related-tooltip='Compartir en Facebook' rel=\"noopener\"><span class='avia_hidden_link_text'>Compartir en Facebook<\/span><\/a><\/li><li class='av-share-link av-social-link-twitter' ><a target=\"_blank\" aria-label=\"Compartir en Twitter\" href='https:\/\/twitter.com\/share?text=La%20carpinter%C3%ADa%20de%20ribera%20y%20la%20m%C3%ADtica%20figura%20del%20pirata%20%C3%91anc%C3%BApel%20fueron%20el%20centro%20del%20D%C3%ADa%20de%20los%20Patrimonios%20en%20Guaitecas&#038;url=https:\/\/radiorevelacionfm.cl\/?p=31662' aria-hidden='false' data-av_icon='\ue8f1' data-av_iconfont='entypo-fontello' title='' data-avia-related-tooltip='Compartir en Twitter' rel=\"noopener\"><span class='avia_hidden_link_text'>Compartir en Twitter<\/span><\/a><\/li><li class='av-share-link av-social-link-whatsapp' ><a target=\"_blank\" aria-label=\"Compartir en Whatsapp\" href='https:\/\/api.whatsapp.com\/send?text=https:\/\/radiorevelacionfm.cl\/?p=31662' aria-hidden='false' data-av_icon='\uf232' data-av_iconfont='entypo-fontello' title='' data-avia-related-tooltip='Compartir en Whatsapp' rel=\"noopener\"><span class='avia_hidden_link_text'>Compartir en Whatsapp<\/span><\/a><\/li><li class='av-share-link av-social-link-linkedin' ><a target=\"_blank\" aria-label=\"Compartir en LinkedIn\" href='https:\/\/linkedin.com\/shareArticle?mini=true&#038;title=La%20carpinter%C3%ADa%20de%20ribera%20y%20la%20m%C3%ADtica%20figura%20del%20pirata%20%C3%91anc%C3%BApel%20fueron%20el%20centro%20del%20D%C3%ADa%20de%20los%20Patrimonios%20en%20Guaitecas&#038;url=https:\/\/radiorevelacionfm.cl\/?p=31662' aria-hidden='false' data-av_icon='\ue8fc' data-av_iconfont='entypo-fontello' title='' data-avia-related-tooltip='Compartir en LinkedIn' rel=\"noopener\"><span class='avia_hidden_link_text'>Compartir en LinkedIn<\/span><\/a><\/li><li class='av-share-link av-social-link-mail' ><a  aria-label=\"Compartir por correo\" href='mailto:?subject=La%20carpinter%C3%ADa%20de%20ribera%20y%20la%20m%C3%ADtica%20figura%20del%20pirata%20%C3%91anc%C3%BApel%20fueron%20el%20centro%20del%20D%C3%ADa%20de%20los%20Patrimonios%20en%20Guaitecas&#038;body=https:\/\/radiorevelacionfm.cl\/?p=31662' aria-hidden='false' data-av_icon='\ue805' data-av_iconfont='entypo-fontello' title='' data-avia-related-tooltip='Compartir por correo'><span class='avia_hidden_link_text'>Compartir por correo<\/span><\/a><\/li><\/ul><\/div><\/div>\n<div  style='height:50px' class='hr hr-invisible   avia-builder-el-8  el_after_av_social_share  el_before_av_comments_list '><span class='hr-inner ' ><span class='hr-inner-style'><\/span><\/span><\/div>\n<div  class='av-buildercomment  av-blog-meta-html-info-disabled av-blog-meta-tag-disabled  '><\/div>\n","protected":false},"excerpt":{"rendered":"","protected":false},"author":1,"featured_media":31663,"comment_status":"open","ping_status":"open","sticky":false,"template":"","format":"standard","meta":{"footnotes":""},"categories":[38],"tags":[],"class_list":["post-31662","post","type-post","status-publish","format-standard","has-post-thumbnail","hentry","category-regional"],"jetpack_featured_media_url":"https:\/\/radiorevelacionfm.cl\/wp-content\/uploads\/2023\/06\/IMG-20230531-WA0012-Guaitecas-1-1.jpg","_links":{"self":[{"href":"https:\/\/radiorevelacionfm.cl\/index.php?rest_route=\/wp\/v2\/posts\/31662","targetHints":{"allow":["GET"]}}],"collection":[{"href":"https:\/\/radiorevelacionfm.cl\/index.php?rest_route=\/wp\/v2\/posts"}],"about":[{"href":"https:\/\/radiorevelacionfm.cl\/index.php?rest_route=\/wp\/v2\/types\/post"}],"author":[{"embeddable":true,"href":"https:\/\/radiorevelacionfm.cl\/index.php?rest_route=\/wp\/v2\/users\/1"}],"replies":[{"embeddable":true,"href":"https:\/\/radiorevelacionfm.cl\/index.php?rest_route=%2Fwp%2Fv2%2Fcomments&post=31662"}],"version-history":[{"count":1,"href":"https:\/\/radiorevelacionfm.cl\/index.php?rest_route=\/wp\/v2\/posts\/31662\/revisions"}],"predecessor-version":[{"id":31664,"href":"https:\/\/radiorevelacionfm.cl\/index.php?rest_route=\/wp\/v2\/posts\/31662\/revisions\/31664"}],"wp:featuredmedia":[{"embeddable":true,"href":"https:\/\/radiorevelacionfm.cl\/index.php?rest_route=\/wp\/v2\/media\/31663"}],"wp:attachment":[{"href":"https:\/\/radiorevelacionfm.cl\/index.php?rest_route=%2Fwp%2Fv2%2Fmedia&parent=31662"}],"wp:term":[{"taxonomy":"category","embeddable":true,"href":"https:\/\/radiorevelacionfm.cl\/index.php?rest_route=%2Fwp%2Fv2%2Fcategories&post=31662"},{"taxonomy":"post_tag","embeddable":true,"href":"https:\/\/radiorevelacionfm.cl\/index.php?rest_route=%2Fwp%2Fv2%2Ftags&post=31662"}],"curies":[{"name":"wp","href":"https:\/\/api.w.org\/{rel}","templated":true}]}}