{"id":31656,"date":"2023-06-04T18:10:34","date_gmt":"2023-06-04T21:10:34","guid":{"rendered":"https:\/\/radiorevelacionfm.cl\/?p=31656"},"modified":"2023-06-04T18:10:34","modified_gmt":"2023-06-04T21:10:34","slug":"destacan-labor-de-funcionarios-en-el-marco-del-aniversario-92-de-bienes-nacionales","status":"publish","type":"post","link":"https:\/\/radiorevelacionfm.cl\/?p=31656","title":{"rendered":"Destacan labor de funcionarios en el marco del aniversario 92 de Bienes Nacionales\u00a0"},"content":{"rendered":"<div class=\"flex_column av_one_full  flex_column_div av-zero-column-padding first  avia-builder-el-0  el_before_av_one_full  avia-builder-el-first  \" style='border-radius:0px; '><div  class='avia-image-container  av-styling-    avia-builder-el-1  avia-builder-el-no-sibling  avia-align-center '  itemprop=\"image\" itemscope=\"itemscope\" itemtype=\"https:\/\/schema.org\/ImageObject\"  ><div class='avia-image-container-inner'><div class='avia-image-overlay-wrap'><img decoding=\"async\" class='wp-image-31657 avia-img-lazy-loading-not-31657 avia_image' src=\"https:\/\/radiorevelacionfm.cl\/wp-content\/uploads\/2023\/06\/foto-aniversario-1_optimized-1.jpeg\" alt='' title='foto-aniversario-(1)_optimized (1)' height=\"600\" width=\"800\"  itemprop=\"thumbnailUrl\" srcset=\"https:\/\/radiorevelacionfm.cl\/wp-content\/uploads\/2023\/06\/foto-aniversario-1_optimized-1.jpeg 800w, https:\/\/radiorevelacionfm.cl\/wp-content\/uploads\/2023\/06\/foto-aniversario-1_optimized-1-300x225.jpeg 300w, https:\/\/radiorevelacionfm.cl\/wp-content\/uploads\/2023\/06\/foto-aniversario-1_optimized-1-768x576.jpeg 768w, https:\/\/radiorevelacionfm.cl\/wp-content\/uploads\/2023\/06\/foto-aniversario-1_optimized-1-705x529.jpeg 705w, https:\/\/radiorevelacionfm.cl\/wp-content\/uploads\/2023\/06\/foto-aniversario-1_optimized-1-450x338.jpeg 450w, https:\/\/radiorevelacionfm.cl\/wp-content\/uploads\/2023\/06\/foto-aniversario-1_optimized-1-600x450.jpeg 600w\" sizes=\"(max-width: 800px) 100vw, 800px\" \/><\/div><\/div><\/div><\/div><div class=\"flex_column av_one_full  flex_column_div av-zero-column-padding first  avia-builder-el-2  el_after_av_one_full  el_before_av_one_full  column-top-margin\" style='border-radius:0px; '><section class=\"av_textblock_section \"  itemscope=\"itemscope\" itemtype=\"https:\/\/schema.org\/BlogPosting\" itemprop=\"blogPost\" ><div class='avia_textblock  '   itemprop=\"text\" ><p style=\"text-align: center;\"><strong><span style=\"font-size: 18pt;\">Destacan labor de funcionarios en el marco del aniversario 92 de Bienes Nacionales\u00a0<\/span><\/strong><\/p>\n<div id=\"gtx-trans\" style=\"position: absolute; left: -50px; top: 4.31534px;\">\n<div class=\"gtx-trans-icon\"><\/div>\n<\/div>\n<\/div><\/section><\/div><div class=\"flex_column av_one_full  flex_column_div av-zero-column-padding first  avia-builder-el-4  el_after_av_one_full  el_before_av_hr  column-top-margin\" style='border-radius:0px; '><section class=\"av_textblock_section \"  itemscope=\"itemscope\" itemtype=\"https:\/\/schema.org\/BlogPosting\" itemprop=\"blogPost\" ><div class='avia_textblock  '   itemprop=\"text\" ><p style=\"text-align: justify;\">Creado el 31 de mayo de 1931, el Ministerio de Tierras y Colonizaci\u00f3n, actualmente, Ministerio de Bienes Nacionales, celebr\u00f3 a nivel pa\u00eds, sus 92 a\u00f1os de vida institucional, actividades que tambi\u00e9n se desarrollaron en la Secretar\u00eda Regional Ministerial de Ays\u00e9n, oportunidad en la que se destac\u00f3 a tres funcionarios por sus 15, 20 y 38 a\u00f1os de servicio en el ministerio que administra la gran propiedad fiscal.<\/p>\n<p style=\"text-align: justify;\">En ese contexto, la seremi Irina Morend Valdebenito, destac\u00f3 la labor de todos quienes forman parte de Bienes Nacionaes, resaltando que las funcionarias y funcionarios son quienes plasman el rol del Ministerio. \u201cEn la celebraci\u00f3n de estos 92 a\u00f1os, queremos relevar la contribuci\u00f3n del Ministerio de Bienes Nacionales, en su minuto, Ministerio de Tierras y Colonizaci\u00f3n, tanto en la formaci\u00f3n de nuestra regi\u00f3n de Ays\u00e9n, y tambi\u00e9n en la consolidaci\u00f3n territorial de la colonizaci\u00f3n, un rol importante que cumpli\u00f3 nuestro Ministerio en la ocupaci\u00f3n territorial, en las distintas zonas rurales, pero tambi\u00e9n en la formaci\u00f3n de las villas donde el Ministerio entreg\u00f3 terrenos para que se fundaran y que posteriormente se convirtieran en lo que son las localidades que conocemos ahora, inclusive las capitales de las diez comunas de la regi\u00f3n. Tambi\u00e9n en el marco de la celebraci\u00f3n de estos 92 a\u00f1os, hemos hecho reconocimiento a la labor funcionaria, y quisiera recordar que en el pasado, cuando los funcionarios ten\u00edan que hacer las mediciones para los posteriores procesos que se convert\u00edan en t\u00edtulos de dominio, ellos recorr\u00edan tres o cuatro meses, viajaban largas extensiones a caballo, en bote, cruzando r\u00edos, subiendo por territorios escarpados, para tener los planos y en definitiva los decretos que terminaban siendo t\u00edtulos de dominio, concesiones y tambi\u00e9n arrendamientos\u201d, record\u00f3 la seremi, agregando que en ese proceso, de revivir la historia, \u201cesto significa el aporte de nuestros funcionarios a la existencia de nuestro Ministerio, y en ese marco se reconoci\u00f3 a don Patricio Carrasco, quien se desempe\u00f1a en Unidad de Bienes como fiscalizador, por sus 20 a\u00f1os de servicio, tambi\u00e9n a don Mauricio Schacht, quien desde hace 15 a\u00f1os est\u00e1 prestando servicio en nuestro Ministerio y hoy se desempe\u00f1a como encargado de la Unidad de Regularizaci\u00f3n, y tambi\u00e9n le dimos un reconocimiento especial a la se\u00f1ora Mirna R\u00edos, pues ella cumpli\u00f3 38 a\u00f1os de trabajo, y festej\u00f3 su \u00faltimo aniversario con sus colegas y amigos, por lo que se prepar\u00f3 una especial celebraci\u00f3n entre todas y todos los funcionarios\u201d, destac\u00f3 la autoridad regional.<\/p>\n<p style=\"text-align: justify;\"><strong>El valor del Ministerio en la regi\u00f3n<\/strong><\/p>\n<p style=\"text-align: justify;\">La administraci\u00f3n de la gran propiedad fiscal nunca fue tarea f\u00e1cil, y eso es reconocido por las y los funcionarios, quienes destacan el gran valor del Ministerio de Bienes Nacionales en la regi\u00f3n y el pa\u00eds. Y es que, tal como lo mencionaba la seremi Morend, a caballo, en bote o mediante largas caminatas, muchos funcionarios han dejado y siguen dejando sus huellas en tierras ayseninas, con el fin de catastrar o fiscalizar los inmuebles fiscales de la regi\u00f3n.<\/p>\n<p style=\"text-align: justify;\">As\u00ed tambi\u00e9n, es importante destacar el gran aporte transversal de Bienes Nacionales, como administrador del patrimonio fiscal, pues con la disposici\u00f3n del suelo, se han podido levantar grandes proyectos sociales con inversi\u00f3n del Estado, en \u00e1reas clave como Vivienda, Salud, Educaci\u00f3n; entre otras, posicionando a la Seremi de Bienes Nacionales como un actor necesario en la conversaci\u00f3n intersectorial, no solo por su importante aporte de activo a trav\u00e9s de los inmuebles fiscales, sino que tambi\u00e9n, por su mirada de gesti\u00f3n territorial, donde lo que urge ahora, seg\u00fan destaca la seremi Irina Morend, \u201ces poder aplicar acciones de planificaci\u00f3n, algo que esta administraci\u00f3n ha priorizado para migrar desde la funci\u00f3n \u00b4a pedido\u00b4, hacia una propositiva, en base a la planificaci\u00f3n y proyecci\u00f3n a futuro del crecimiento de nuestros territorios\u201d.<\/p>\n<\/div><\/section><\/div><div  style='height:50px' class='hr hr-invisible   avia-builder-el-6  el_after_av_one_full  el_before_av_social_share '><span class='hr-inner ' ><span class='hr-inner-style'><\/span><\/span><\/div><\/p>\n<div  class='av-social-sharing-box  avia-builder-el-7  el_after_av_hr  el_before_av_hr  '><div class='av-share-box'><h5 class='av-share-link-description av-no-toc '>Compartir esta noticia<\/h5><ul class='av-share-box-list noLightbox'><li class='av-share-link av-social-link-facebook' ><a target=\"_blank\" aria-label=\"Compartir en Facebook\" href='https:\/\/www.facebook.com\/sharer.php?u=https:\/\/radiorevelacionfm.cl\/?p=31656&#038;t=Destacan%20labor%20de%20funcionarios%20en%20el%20marco%20del%20aniversario%2092%20de%20Bienes%20Nacionales%C2%A0' aria-hidden='false' data-av_icon='\ue8f3' data-av_iconfont='entypo-fontello' title='' data-avia-related-tooltip='Compartir en Facebook' rel=\"noopener\"><span class='avia_hidden_link_text'>Compartir en Facebook<\/span><\/a><\/li><li class='av-share-link av-social-link-twitter' ><a target=\"_blank\" aria-label=\"Compartir en Twitter\" href='https:\/\/twitter.com\/share?text=Destacan%20labor%20de%20funcionarios%20en%20el%20marco%20del%20aniversario%2092%20de%20Bienes%20Nacionales%C2%A0&#038;url=https:\/\/radiorevelacionfm.cl\/?p=31656' aria-hidden='false' data-av_icon='\ue8f1' data-av_iconfont='entypo-fontello' title='' data-avia-related-tooltip='Compartir en Twitter' rel=\"noopener\"><span class='avia_hidden_link_text'>Compartir en Twitter<\/span><\/a><\/li><li class='av-share-link av-social-link-whatsapp' ><a target=\"_blank\" aria-label=\"Compartir en Whatsapp\" href='https:\/\/api.whatsapp.com\/send?text=https:\/\/radiorevelacionfm.cl\/?p=31656' aria-hidden='false' data-av_icon='\uf232' data-av_iconfont='entypo-fontello' title='' data-avia-related-tooltip='Compartir en Whatsapp' rel=\"noopener\"><span class='avia_hidden_link_text'>Compartir en Whatsapp<\/span><\/a><\/li><li class='av-share-link av-social-link-linkedin' ><a target=\"_blank\" aria-label=\"Compartir en LinkedIn\" href='https:\/\/linkedin.com\/shareArticle?mini=true&#038;title=Destacan%20labor%20de%20funcionarios%20en%20el%20marco%20del%20aniversario%2092%20de%20Bienes%20Nacionales%C2%A0&#038;url=https:\/\/radiorevelacionfm.cl\/?p=31656' aria-hidden='false' data-av_icon='\ue8fc' data-av_iconfont='entypo-fontello' title='' data-avia-related-tooltip='Compartir en LinkedIn' rel=\"noopener\"><span class='avia_hidden_link_text'>Compartir en LinkedIn<\/span><\/a><\/li><li class='av-share-link av-social-link-mail' ><a  aria-label=\"Compartir por correo\" href='mailto:?subject=Destacan%20labor%20de%20funcionarios%20en%20el%20marco%20del%20aniversario%2092%20de%20Bienes%20Nacionales%C2%A0&#038;body=https:\/\/radiorevelacionfm.cl\/?p=31656' aria-hidden='false' data-av_icon='\ue805' data-av_iconfont='entypo-fontello' title='' data-avia-related-tooltip='Compartir por correo'><span class='avia_hidden_link_text'>Compartir por correo<\/span><\/a><\/li><\/ul><\/div><\/div>\n<div  style='height:50px' class='hr hr-invisible   avia-builder-el-8  el_after_av_social_share  el_before_av_comments_list '><span class='hr-inner ' ><span class='hr-inner-style'><\/span><\/span><\/div>\n<div  class='av-buildercomment  av-blog-meta-html-info-disabled av-blog-meta-tag-disabled  '><\/div>\n","protected":false},"excerpt":{"rendered":"","protected":false},"author":1,"featured_media":31657,"comment_status":"open","ping_status":"open","sticky":false,"template":"","format":"standard","meta":{"footnotes":""},"categories":[38],"tags":[],"class_list":["post-31656","post","type-post","status-publish","format-standard","has-post-thumbnail","hentry","category-regional"],"jetpack_featured_media_url":"https:\/\/radiorevelacionfm.cl\/wp-content\/uploads\/2023\/06\/foto-aniversario-1_optimized-1.jpeg","_links":{"self":[{"href":"https:\/\/radiorevelacionfm.cl\/index.php?rest_route=\/wp\/v2\/posts\/31656","targetHints":{"allow":["GET"]}}],"collection":[{"href":"https:\/\/radiorevelacionfm.cl\/index.php?rest_route=\/wp\/v2\/posts"}],"about":[{"href":"https:\/\/radiorevelacionfm.cl\/index.php?rest_route=\/wp\/v2\/types\/post"}],"author":[{"embeddable":true,"href":"https:\/\/radiorevelacionfm.cl\/index.php?rest_route=\/wp\/v2\/users\/1"}],"replies":[{"embeddable":true,"href":"https:\/\/radiorevelacionfm.cl\/index.php?rest_route=%2Fwp%2Fv2%2Fcomments&post=31656"}],"version-history":[{"count":1,"href":"https:\/\/radiorevelacionfm.cl\/index.php?rest_route=\/wp\/v2\/posts\/31656\/revisions"}],"predecessor-version":[{"id":31658,"href":"https:\/\/radiorevelacionfm.cl\/index.php?rest_route=\/wp\/v2\/posts\/31656\/revisions\/31658"}],"wp:featuredmedia":[{"embeddable":true,"href":"https:\/\/radiorevelacionfm.cl\/index.php?rest_route=\/wp\/v2\/media\/31657"}],"wp:attachment":[{"href":"https:\/\/radiorevelacionfm.cl\/index.php?rest_route=%2Fwp%2Fv2%2Fmedia&parent=31656"}],"wp:term":[{"taxonomy":"category","embeddable":true,"href":"https:\/\/radiorevelacionfm.cl\/index.php?rest_route=%2Fwp%2Fv2%2Fcategories&post=31656"},{"taxonomy":"post_tag","embeddable":true,"href":"https:\/\/radiorevelacionfm.cl\/index.php?rest_route=%2Fwp%2Fv2%2Ftags&post=31656"}],"curies":[{"name":"wp","href":"https:\/\/api.w.org\/{rel}","templated":true}]}}