{"id":31653,"date":"2023-06-04T22:11:19","date_gmt":"2023-06-05T01:11:19","guid":{"rendered":"https:\/\/radiorevelacionfm.cl\/?p=31653"},"modified":"2023-06-04T22:11:19","modified_gmt":"2023-06-05T01:11:19","slug":"consejo-asesor-regional-de-gestion-integral-de-riesgos-evalua-condiciones-productivas-invernales-en-aysen","status":"publish","type":"post","link":"https:\/\/radiorevelacionfm.cl\/?p=31653","title":{"rendered":"Consejo Asesor Regional de Gesti\u00f3n Integral de Riesgos eval\u00faa condiciones productivas invernales en Ays\u00e9n"},"content":{"rendered":"<div class=\"flex_column av_one_full  flex_column_div av-zero-column-padding first  avia-builder-el-0  el_before_av_one_full  avia-builder-el-first  \" style='border-radius:0px; '><div  class='avia-image-container  av-styling-    avia-builder-el-1  avia-builder-el-no-sibling  avia-align-center '  itemprop=\"image\" itemscope=\"itemscope\" itemtype=\"https:\/\/schema.org\/ImageObject\"  ><div class='avia-image-container-inner'><div class='avia-image-overlay-wrap'><img decoding=\"async\" class='wp-image-31654 avia-img-lazy-loading-not-31654 avia_image' src=\"https:\/\/radiorevelacionfm.cl\/wp-content\/uploads\/2023\/06\/1-49-1_optimized.jpg\" alt='' title='1-(49)-(1)_optimized' height=\"600\" width=\"802\"  itemprop=\"thumbnailUrl\" srcset=\"https:\/\/radiorevelacionfm.cl\/wp-content\/uploads\/2023\/06\/1-49-1_optimized.jpg 802w, https:\/\/radiorevelacionfm.cl\/wp-content\/uploads\/2023\/06\/1-49-1_optimized-300x224.jpg 300w, https:\/\/radiorevelacionfm.cl\/wp-content\/uploads\/2023\/06\/1-49-1_optimized-768x575.jpg 768w, https:\/\/radiorevelacionfm.cl\/wp-content\/uploads\/2023\/06\/1-49-1_optimized-705x527.jpg 705w, https:\/\/radiorevelacionfm.cl\/wp-content\/uploads\/2023\/06\/1-49-1_optimized-450x337.jpg 450w, https:\/\/radiorevelacionfm.cl\/wp-content\/uploads\/2023\/06\/1-49-1_optimized-600x449.jpg 600w\" sizes=\"(max-width: 802px) 100vw, 802px\" \/><\/div><\/div><\/div><\/div><div class=\"flex_column av_one_full  flex_column_div av-zero-column-padding first  avia-builder-el-2  el_after_av_one_full  el_before_av_one_full  column-top-margin\" style='border-radius:0px; '><section class=\"av_textblock_section \"  itemscope=\"itemscope\" itemtype=\"https:\/\/schema.org\/BlogPosting\" itemprop=\"blogPost\" ><div class='avia_textblock  '   itemprop=\"text\" ><p style=\"text-align: center;\"><span style=\"font-size: 18pt;\"><b>Consejo Asesor Regional de Gesti\u00f3n Integral de Riesgos eval\u00faa condiciones productivas invernales en Ays\u00e9n<\/b><\/span><\/p>\n<div id=\"gtx-trans\" style=\"position: absolute; left: -50px; top: 4.31534px;\">\n<div class=\"gtx-trans-icon\"><\/div>\n<\/div>\n<\/div><\/section><\/div><div class=\"flex_column av_one_full  flex_column_div av-zero-column-padding first  avia-builder-el-4  el_after_av_one_full  el_before_av_hr  column-top-margin\" style='border-radius:0px; '><section class=\"av_textblock_section \"  itemscope=\"itemscope\" itemtype=\"https:\/\/schema.org\/BlogPosting\" itemprop=\"blogPost\" ><div class='avia_textblock  '   itemprop=\"text\" ><p style=\"text-align: justify;\">El Consejo Asesor Regional de Gesti\u00f3n Integral de Riesgos (CARGIR), coordinado por el Seremi de Agricultura, Alan Espinoza, analiz\u00f3 las condiciones productivas para la \u00e9poca invernal. Adem\u00e1s de verificar las medidas preventivas impulsadas y gestionadas ante situaciones relacionadas con el clima y la conectividad en la regi\u00f3n.<\/p>\n<p style=\"text-align: justify;\">Durante la sesi\u00f3n, se abordaron diferentes temas de inter\u00e9s por parte de los equipos directivos y t\u00e9cnicos de INDAP, INIA, SAG, CONAF y Servicio Nacional de Prevenci\u00f3n y Respuesta ante Desastres, SENAPRED.<\/p>\n<p style=\"text-align: justify;\">\u00abSe analiz\u00f3 y revis\u00f3 el informe elaborado por INIA sobre la producci\u00f3n de forraje de la temporada 2022-2023, adem\u00e1s de generar la reactivaci\u00f3n de las telecomunicaciones al interior de los distintos servicios del Ministerio de Agricultura. En conjunto con SENAPRED, estamos trabajando en medidas preventivas para esta temporada invernal, que nos permita afrontar cualquier emergencia que podamos tener en una situaci\u00f3n venidera\u00bb, se\u00f1al\u00f3 el Seremi Alan Espinoza Ortiz.<\/p>\n<p style=\"text-align: justify;\">El Informe agroclimatol\u00f3gico elaborado por INIA detalla la temporada de crecimiento de forraje 2022-2023, indicando que en la segunda mitad de la primavera y principios del verano, cuando se produce la mayor parte del crecimiento vegetal, se observaron temperaturas y precipitaciones favorables, lo que permiti\u00f3 una conservaci\u00f3n cercana a lo normal de forraje en praderas y alfalfa. Los primeros cortes realizados en diciembre permitieron obtener reservas de forraje para el invierno.<\/p>\n<p style=\"text-align: justify;\">Por su parte, Sidi Bravo Donoso, director de SENAPRED, resalt\u00f3 la importancia de esta instancia de coordinaci\u00f3n oportuna, que se realiza peri\u00f3dicamente con los organismos del Ministerio de Agricultura en Ays\u00e9n.<\/p>\n<p style=\"text-align: justify;\">\u00abLas condiciones de invierno hasta el momento son bastante inestables debido al cambio de la Ni\u00f1a al Ni\u00f1o, lo cual ha favorecido, en cierta medida, para tener un inicio de oto\u00f1o-invierno en buenas condiciones. No obstante, esto puede variar y cambiar para la \u00e9poca ya invernal, por lo cual debemos estar preparados para esa situaci\u00f3n. Y, por lo tanto, esa es la importancia de reunirnos previamente con el mundo del agro a trav\u00e9s del Ministerio de Agricultura y el Seremi de Agricultura\u00bb, detall\u00f3.<\/p>\n<p style=\"text-align: justify;\"><strong>Reporte de \u00e1reas de INDAP<\/strong><\/p>\n<p style=\"text-align: justify;\">En la instancia se analiz\u00f3 la informaci\u00f3n reportada por todas las \u00e1reas de INDAP en la regi\u00f3n, a ra\u00edz de lo cual se defini\u00f3 solicitar maquinaria a CARGIR, Vialidad y el Ej\u00e9rcito para despejar los caminos problem\u00e1ticos en Coyhaique.<\/p>\n<p style=\"text-align: justify;\">En Ays\u00e9n no se reportaron situaciones complejas, pero algunos sectores altos pueden tener problemas de conectividad debido a la nieve, mientras que las lluvias pueden aumentar el caudal de los r\u00edos y causar deslizamientos.<\/p>\n<p style=\"text-align: justify;\">En R\u00edo Ib\u00e1\u00f1ez hay nieve en zonas altas y altas precipitaciones de lluvia, con caminos transitables, pero se recomienda precauci\u00f3n.<\/p>\n<p style=\"text-align: justify;\">En Chile Chico, hay nieve en sectores altos, pero no afecta los caminos, mientras que, en Cochrane, hay una peque\u00f1a capa de nieve en Mayer y en las cercan\u00edas de Tortel.<\/p>\n<p style=\"text-align: justify;\">El Consejo Asesor Regional de Gesti\u00f3n Integral de Riesgos sigue monitoreando la situaci\u00f3n y brindando asistencia necesaria a la comunidad, en el marco de un oto\u00f1o y entrada de invierno que ha tra\u00eddo nevadas en los sectores altos, correspondiente a lo que ocurre normalmente en el periodo de oto\u00f1o en la Regi\u00f3n de Ays\u00e9n.<\/p>\n<\/div><\/section><\/div><div  style='height:50px' class='hr hr-invisible   avia-builder-el-6  el_after_av_one_full  el_before_av_social_share '><span class='hr-inner ' ><span class='hr-inner-style'><\/span><\/span><\/div><\/p>\n<div  class='av-social-sharing-box  avia-builder-el-7  el_after_av_hr  el_before_av_hr  '><div class='av-share-box'><h5 class='av-share-link-description av-no-toc '>Compartir esta noticia<\/h5><ul class='av-share-box-list noLightbox'><li class='av-share-link av-social-link-facebook' ><a target=\"_blank\" aria-label=\"Compartir en Facebook\" href='https:\/\/www.facebook.com\/sharer.php?u=https:\/\/radiorevelacionfm.cl\/?p=31653&#038;t=Consejo%20Asesor%20Regional%20de%20Gesti%C3%B3n%20Integral%20de%20Riesgos%20eval%C3%BAa%20condiciones%20productivas%20invernales%20en%20Ays%C3%A9n' aria-hidden='false' data-av_icon='\ue8f3' data-av_iconfont='entypo-fontello' title='' data-avia-related-tooltip='Compartir en Facebook' rel=\"noopener\"><span class='avia_hidden_link_text'>Compartir en Facebook<\/span><\/a><\/li><li class='av-share-link av-social-link-twitter' ><a target=\"_blank\" aria-label=\"Compartir en Twitter\" href='https:\/\/twitter.com\/share?text=Consejo%20Asesor%20Regional%20de%20Gesti%C3%B3n%20Integral%20de%20Riesgos%20eval%C3%BAa%20condiciones%20productivas%20invernales%20en%20Ays%C3%A9n&#038;url=https:\/\/radiorevelacionfm.cl\/?p=31653' aria-hidden='false' data-av_icon='\ue8f1' data-av_iconfont='entypo-fontello' title='' data-avia-related-tooltip='Compartir en Twitter' rel=\"noopener\"><span class='avia_hidden_link_text'>Compartir en Twitter<\/span><\/a><\/li><li class='av-share-link av-social-link-whatsapp' ><a target=\"_blank\" aria-label=\"Compartir en Whatsapp\" href='https:\/\/api.whatsapp.com\/send?text=https:\/\/radiorevelacionfm.cl\/?p=31653' aria-hidden='false' data-av_icon='\uf232' data-av_iconfont='entypo-fontello' title='' data-avia-related-tooltip='Compartir en Whatsapp' rel=\"noopener\"><span class='avia_hidden_link_text'>Compartir en Whatsapp<\/span><\/a><\/li><li class='av-share-link av-social-link-linkedin' ><a target=\"_blank\" aria-label=\"Compartir en LinkedIn\" href='https:\/\/linkedin.com\/shareArticle?mini=true&#038;title=Consejo%20Asesor%20Regional%20de%20Gesti%C3%B3n%20Integral%20de%20Riesgos%20eval%C3%BAa%20condiciones%20productivas%20invernales%20en%20Ays%C3%A9n&#038;url=https:\/\/radiorevelacionfm.cl\/?p=31653' aria-hidden='false' data-av_icon='\ue8fc' data-av_iconfont='entypo-fontello' title='' data-avia-related-tooltip='Compartir en LinkedIn' rel=\"noopener\"><span class='avia_hidden_link_text'>Compartir en LinkedIn<\/span><\/a><\/li><li class='av-share-link av-social-link-mail' ><a  aria-label=\"Compartir por correo\" href='mailto:?subject=Consejo%20Asesor%20Regional%20de%20Gesti%C3%B3n%20Integral%20de%20Riesgos%20eval%C3%BAa%20condiciones%20productivas%20invernales%20en%20Ays%C3%A9n&#038;body=https:\/\/radiorevelacionfm.cl\/?p=31653' aria-hidden='false' data-av_icon='\ue805' data-av_iconfont='entypo-fontello' title='' data-avia-related-tooltip='Compartir por correo'><span class='avia_hidden_link_text'>Compartir por correo<\/span><\/a><\/li><\/ul><\/div><\/div>\n<div  style='height:50px' class='hr hr-invisible   avia-builder-el-8  el_after_av_social_share  el_before_av_comments_list '><span class='hr-inner ' ><span class='hr-inner-style'><\/span><\/span><\/div>\n<div  class='av-buildercomment  av-blog-meta-html-info-disabled av-blog-meta-tag-disabled  '><\/div>\n","protected":false},"excerpt":{"rendered":"","protected":false},"author":1,"featured_media":31654,"comment_status":"open","ping_status":"open","sticky":false,"template":"","format":"standard","meta":{"footnotes":""},"categories":[58],"tags":[],"class_list":["post-31653","post","type-post","status-publish","format-standard","has-post-thumbnail","hentry","category-agricultura"],"jetpack_featured_media_url":"https:\/\/radiorevelacionfm.cl\/wp-content\/uploads\/2023\/06\/1-49-1_optimized.jpg","_links":{"self":[{"href":"https:\/\/radiorevelacionfm.cl\/index.php?rest_route=\/wp\/v2\/posts\/31653","targetHints":{"allow":["GET"]}}],"collection":[{"href":"https:\/\/radiorevelacionfm.cl\/index.php?rest_route=\/wp\/v2\/posts"}],"about":[{"href":"https:\/\/radiorevelacionfm.cl\/index.php?rest_route=\/wp\/v2\/types\/post"}],"author":[{"embeddable":true,"href":"https:\/\/radiorevelacionfm.cl\/index.php?rest_route=\/wp\/v2\/users\/1"}],"replies":[{"embeddable":true,"href":"https:\/\/radiorevelacionfm.cl\/index.php?rest_route=%2Fwp%2Fv2%2Fcomments&post=31653"}],"version-history":[{"count":1,"href":"https:\/\/radiorevelacionfm.cl\/index.php?rest_route=\/wp\/v2\/posts\/31653\/revisions"}],"predecessor-version":[{"id":31655,"href":"https:\/\/radiorevelacionfm.cl\/index.php?rest_route=\/wp\/v2\/posts\/31653\/revisions\/31655"}],"wp:featuredmedia":[{"embeddable":true,"href":"https:\/\/radiorevelacionfm.cl\/index.php?rest_route=\/wp\/v2\/media\/31654"}],"wp:attachment":[{"href":"https:\/\/radiorevelacionfm.cl\/index.php?rest_route=%2Fwp%2Fv2%2Fmedia&parent=31653"}],"wp:term":[{"taxonomy":"category","embeddable":true,"href":"https:\/\/radiorevelacionfm.cl\/index.php?rest_route=%2Fwp%2Fv2%2Fcategories&post=31653"},{"taxonomy":"post_tag","embeddable":true,"href":"https:\/\/radiorevelacionfm.cl\/index.php?rest_route=%2Fwp%2Fv2%2Ftags&post=31653"}],"curies":[{"name":"wp","href":"https:\/\/api.w.org\/{rel}","templated":true}]}}