{"id":31650,"date":"2023-06-04T16:34:02","date_gmt":"2023-06-04T19:34:02","guid":{"rendered":"https:\/\/radiorevelacionfm.cl\/?p=31650"},"modified":"2023-06-04T16:34:02","modified_gmt":"2023-06-04T19:34:02","slug":"determinan-clausura-de-local-nocturno-karma-en-coyhaique","status":"publish","type":"post","link":"https:\/\/radiorevelacionfm.cl\/?p=31650","title":{"rendered":"Determinan clausura de local nocturno Karma en Coyhaique"},"content":{"rendered":"<div class=\"flex_column av_one_full  flex_column_div av-zero-column-padding first  avia-builder-el-0  el_before_av_one_full  avia-builder-el-first  \" style='border-radius:0px; '><div  class='avia-image-container  av-styling-    avia-builder-el-1  avia-builder-el-no-sibling  avia-align-center '  itemprop=\"image\" itemscope=\"itemscope\" itemtype=\"https:\/\/schema.org\/ImageObject\"  ><div class='avia-image-container-inner'><div class='avia-image-overlay-wrap'><img decoding=\"async\" class='wp-image-31651 avia-img-lazy-loading-not-31651 avia_image' src=\"https:\/\/radiorevelacionfm.cl\/wp-content\/uploads\/2023\/06\/img_20230602_191408-1_optimized-1.jpg\" alt='' title='img_20230602_191408-(1)_optimized (1)' height=\"600\" width=\"1116\"  itemprop=\"thumbnailUrl\" srcset=\"https:\/\/radiorevelacionfm.cl\/wp-content\/uploads\/2023\/06\/img_20230602_191408-1_optimized-1.jpg 1116w, https:\/\/radiorevelacionfm.cl\/wp-content\/uploads\/2023\/06\/img_20230602_191408-1_optimized-1-300x161.jpg 300w, https:\/\/radiorevelacionfm.cl\/wp-content\/uploads\/2023\/06\/img_20230602_191408-1_optimized-1-1030x554.jpg 1030w, https:\/\/radiorevelacionfm.cl\/wp-content\/uploads\/2023\/06\/img_20230602_191408-1_optimized-1-768x413.jpg 768w, https:\/\/radiorevelacionfm.cl\/wp-content\/uploads\/2023\/06\/img_20230602_191408-1_optimized-1-705x379.jpg 705w, https:\/\/radiorevelacionfm.cl\/wp-content\/uploads\/2023\/06\/img_20230602_191408-1_optimized-1-450x242.jpg 450w, https:\/\/radiorevelacionfm.cl\/wp-content\/uploads\/2023\/06\/img_20230602_191408-1_optimized-1-600x323.jpg 600w\" sizes=\"(max-width: 1116px) 100vw, 1116px\" \/><\/div><\/div><\/div><\/div><div class=\"flex_column av_one_full  flex_column_div av-zero-column-padding first  avia-builder-el-2  el_after_av_one_full  el_before_av_one_full  column-top-margin\" style='border-radius:0px; '><section class=\"av_textblock_section \"  itemscope=\"itemscope\" itemtype=\"https:\/\/schema.org\/BlogPosting\" itemprop=\"blogPost\" ><div class='avia_textblock  '   itemprop=\"text\" ><p style=\"text-align: center;\"><strong><span style=\"font-size: 18pt;\">Determinan clausura de local nocturno Karma en Coyhaique<\/span><\/strong><\/p>\n<div id=\"gtx-trans\" style=\"position: absolute; left: -50px; top: 4.31534px;\">\n<div class=\"gtx-trans-icon\"><\/div>\n<\/div>\n<\/div><\/section><\/div><div class=\"flex_column av_one_full  flex_column_div av-zero-column-padding first  avia-builder-el-4  el_after_av_one_full  el_before_av_hr  column-top-margin\" style='border-radius:0px; '><section class=\"av_textblock_section \"  itemscope=\"itemscope\" itemtype=\"https:\/\/schema.org\/BlogPosting\" itemprop=\"blogPost\" ><div class='avia_textblock  '   itemprop=\"text\" ><p style=\"text-align: justify;\">La clausura del local nocturno Karma, ubicado en Moraleda 420, Coyhaique, concret\u00f3 el viernes \u00faltimo, la Delegaci\u00f3n Presidencial Regional de Ays\u00e9n, en el marco del Plan Calles sin Violencia y Plan Regional de Seguridad P\u00fablica.<\/p>\n<p style=\"text-align: justify;\">El operativo fue desarrollado por Carabineros e inspeccionado por el Delegado Presidencial Regional, Rodrigo Araya, el alcalde Carlos Gatica, y la Coordinadora de Seguridad P\u00fablica, Camila Covarrubias, tras constatarse el incumplimiento de una serie de normativas asociadas a este tipo de establecimientos.<\/p>\n<p style=\"text-align: justify;\">Entre ellos, el establecimiento no cuenta con patente para expendio de bebidas alcoh\u00f3licas ni para sal\u00f3n de baile\/discoteca, no tiene medidas de seguridad, plan de emergencias, ni sistema de seguridad privada.<\/p>\n<p style=\"text-align: justify;\">\u201cHemos procedido a la clausura de este local, porque las denuncias de los vecinos y las fiscalizaciones realizadas por la Municipalidad, Servicio Impuestos Internos y Carabineros de Chile, han demostrado que en este local y en las inmediaciones se incumplen normas de seguridad b\u00e1sica. Hay detenidos por lesiones y, adem\u00e1s, se ha constatado que el regente de este local no cuenta con patente de alcoholes, plan de seguridad e, incluso, se ha detectado consumo alcohol de menores de edad al interior de este recinto. Un mandato de nuestro Presidente de la Rep\u00fablica es velar por la seguridad ciudadana y, por eso, estamos procediendo a la clausura de este local, para que no haya situaciones de riesgo de nuestra gente y sobre todo de los j\u00f3venes en nuestra comuna\u201d, afirm\u00f3 Rodrigo Araya.<\/p>\n<p style=\"text-align: justify;\">El alcalde Carlos Gatica a\u00f1adi\u00f3 que este trabajo intersectorial busca reducir la ocurrencia de delitos. \u201cHoy d\u00eda se puede dar termino a un proceso amplio, de trabajo en equipo, que brinda seguridad, como parte del plan de seguridad del municipio de Coyhaique, que sigue trabajando en conjunto, con distintas instituciones para brindarle seguridad a nuestros vecinos y garantizar a nuestros j\u00f3venes, nuestros adolescente, que puedan concurrir a locales que cumplen con normativas de seguridad, pero tambi\u00e9n de alcoholes vigente, porque queremos el desarrollo \u00edntegro de nuestra ciudadan\u00eda, pero siempre velando por la seguridad y que se cumpla la normativa actual vigente del Estado de Chile\u201d, se\u00f1al\u00f3.<\/p>\n<p style=\"text-align: justify;\">El prefecto de servicio de la Prefectura de Carabineros Ays\u00e9n, Teniente coronel Juan Mu\u00f1oz, llam\u00f3 a evitar riesgos innecesarios al concurrir a lugares que incumplen las normativas.<\/p>\n<p style=\"text-align: justify;\">\u201cPreventivamente se est\u00e1n desarrollando las acciones pertinentes para que no ocurran hechos que ya han sido denunciados el Ministerio P\u00fablico los cuales, desafortunadamente, han ocurrido, incluso, hasta lesiones a personas que se encontraban en el interior de este local. Tambi\u00e9n estamos previniendo que ocurran situaciones de riesgo mayor. Hago un llamado a nuestra ciudadan\u00eda que no concurra a este tipo de locales y con la clausura, en el caso de que esta sea violentada, van a incurrir en una nueva tipificaci\u00f3n delictual, la cual Carabineros de Chile o los fiscalizadores se van a ver en la obligaci\u00f3n de denunciar al Ministerio P\u00fablico e iniciar procesos judiciales de una mayor envergadura\u201d, enfatiz\u00f3.<\/p>\n<p style=\"text-align: justify;\">Camila Covarrubias destac\u00f3 que la medida \u201cpone t\u00e9rmino a la sensaci\u00f3n de inseguridad que ha tenido la poblaci\u00f3n respecto a situaciones de violencia que han ocurri\u00f3 tanto al interior como en el entorno de estos locales. As\u00ed es que es una respuesta para que la ciudadan\u00eda hoy en d\u00eda pueda estar tranquila y que, como se\u00f1al\u00f3 Carabineros, los j\u00f3venes y las personas que concurren a este tipo de locales, se abstengan de hacerlo porque no cumple con la normativa y se ponen en riesgo ellos mismos y otras personas\u201d.<\/p>\n<p style=\"text-align: justify;\">Las autoridades recalcaron que el Plan Calles sin Violencia y el Plan Regional de Seguridad P\u00fablica consideran un refuerzo de los controles preventivos y fiscalizaciones, para prevenir delitos e incivilidades y aumentar la seguridad en la poblaci\u00f3n.<\/p>\n<\/div><\/section><\/div><div  style='height:50px' class='hr hr-invisible   avia-builder-el-6  el_after_av_one_full  el_before_av_social_share '><span class='hr-inner ' ><span class='hr-inner-style'><\/span><\/span><\/div><\/p>\n<div  class='av-social-sharing-box  avia-builder-el-7  el_after_av_hr  el_before_av_hr  '><div class='av-share-box'><h5 class='av-share-link-description av-no-toc '>Compartir esta noticia<\/h5><ul class='av-share-box-list noLightbox'><li class='av-share-link av-social-link-facebook' ><a target=\"_blank\" aria-label=\"Compartir en Facebook\" href='https:\/\/www.facebook.com\/sharer.php?u=https:\/\/radiorevelacionfm.cl\/?p=31650&#038;t=Determinan%20clausura%20de%20local%20nocturno%20Karma%20en%20Coyhaique' aria-hidden='false' data-av_icon='\ue8f3' data-av_iconfont='entypo-fontello' title='' data-avia-related-tooltip='Compartir en Facebook' rel=\"noopener\"><span class='avia_hidden_link_text'>Compartir en Facebook<\/span><\/a><\/li><li class='av-share-link av-social-link-twitter' ><a target=\"_blank\" aria-label=\"Compartir en Twitter\" href='https:\/\/twitter.com\/share?text=Determinan%20clausura%20de%20local%20nocturno%20Karma%20en%20Coyhaique&#038;url=https:\/\/radiorevelacionfm.cl\/?p=31650' aria-hidden='false' data-av_icon='\ue8f1' data-av_iconfont='entypo-fontello' title='' data-avia-related-tooltip='Compartir en Twitter' rel=\"noopener\"><span class='avia_hidden_link_text'>Compartir en Twitter<\/span><\/a><\/li><li class='av-share-link av-social-link-whatsapp' ><a target=\"_blank\" aria-label=\"Compartir en Whatsapp\" href='https:\/\/api.whatsapp.com\/send?text=https:\/\/radiorevelacionfm.cl\/?p=31650' aria-hidden='false' data-av_icon='\uf232' data-av_iconfont='entypo-fontello' title='' data-avia-related-tooltip='Compartir en Whatsapp' rel=\"noopener\"><span class='avia_hidden_link_text'>Compartir en Whatsapp<\/span><\/a><\/li><li class='av-share-link av-social-link-linkedin' ><a target=\"_blank\" aria-label=\"Compartir en LinkedIn\" href='https:\/\/linkedin.com\/shareArticle?mini=true&#038;title=Determinan%20clausura%20de%20local%20nocturno%20Karma%20en%20Coyhaique&#038;url=https:\/\/radiorevelacionfm.cl\/?p=31650' aria-hidden='false' data-av_icon='\ue8fc' data-av_iconfont='entypo-fontello' title='' data-avia-related-tooltip='Compartir en LinkedIn' rel=\"noopener\"><span class='avia_hidden_link_text'>Compartir en LinkedIn<\/span><\/a><\/li><li class='av-share-link av-social-link-mail' ><a  aria-label=\"Compartir por correo\" href='mailto:?subject=Determinan%20clausura%20de%20local%20nocturno%20Karma%20en%20Coyhaique&#038;body=https:\/\/radiorevelacionfm.cl\/?p=31650' aria-hidden='false' data-av_icon='\ue805' data-av_iconfont='entypo-fontello' title='' data-avia-related-tooltip='Compartir por correo'><span class='avia_hidden_link_text'>Compartir por correo<\/span><\/a><\/li><\/ul><\/div><\/div>\n<div  style='height:50px' class='hr hr-invisible   avia-builder-el-8  el_after_av_social_share  el_before_av_comments_list '><span class='hr-inner ' ><span class='hr-inner-style'><\/span><\/span><\/div>\n<div  class='av-buildercomment  av-blog-meta-html-info-disabled av-blog-meta-tag-disabled  '><\/div>\n","protected":false},"excerpt":{"rendered":"","protected":false},"author":1,"featured_media":31651,"comment_status":"open","ping_status":"open","sticky":false,"template":"","format":"standard","meta":{"footnotes":""},"categories":[38],"tags":[],"class_list":["post-31650","post","type-post","status-publish","format-standard","has-post-thumbnail","hentry","category-regional"],"jetpack_featured_media_url":"https:\/\/radiorevelacionfm.cl\/wp-content\/uploads\/2023\/06\/img_20230602_191408-1_optimized-1.jpg","_links":{"self":[{"href":"https:\/\/radiorevelacionfm.cl\/index.php?rest_route=\/wp\/v2\/posts\/31650","targetHints":{"allow":["GET"]}}],"collection":[{"href":"https:\/\/radiorevelacionfm.cl\/index.php?rest_route=\/wp\/v2\/posts"}],"about":[{"href":"https:\/\/radiorevelacionfm.cl\/index.php?rest_route=\/wp\/v2\/types\/post"}],"author":[{"embeddable":true,"href":"https:\/\/radiorevelacionfm.cl\/index.php?rest_route=\/wp\/v2\/users\/1"}],"replies":[{"embeddable":true,"href":"https:\/\/radiorevelacionfm.cl\/index.php?rest_route=%2Fwp%2Fv2%2Fcomments&post=31650"}],"version-history":[{"count":1,"href":"https:\/\/radiorevelacionfm.cl\/index.php?rest_route=\/wp\/v2\/posts\/31650\/revisions"}],"predecessor-version":[{"id":31652,"href":"https:\/\/radiorevelacionfm.cl\/index.php?rest_route=\/wp\/v2\/posts\/31650\/revisions\/31652"}],"wp:featuredmedia":[{"embeddable":true,"href":"https:\/\/radiorevelacionfm.cl\/index.php?rest_route=\/wp\/v2\/media\/31651"}],"wp:attachment":[{"href":"https:\/\/radiorevelacionfm.cl\/index.php?rest_route=%2Fwp%2Fv2%2Fmedia&parent=31650"}],"wp:term":[{"taxonomy":"category","embeddable":true,"href":"https:\/\/radiorevelacionfm.cl\/index.php?rest_route=%2Fwp%2Fv2%2Fcategories&post=31650"},{"taxonomy":"post_tag","embeddable":true,"href":"https:\/\/radiorevelacionfm.cl\/index.php?rest_route=%2Fwp%2Fv2%2Ftags&post=31650"}],"curies":[{"name":"wp","href":"https:\/\/api.w.org\/{rel}","templated":true}]}}