{"id":31647,"date":"2023-06-04T16:45:41","date_gmt":"2023-06-04T19:45:41","guid":{"rendered":"https:\/\/radiorevelacionfm.cl\/?p=31647"},"modified":"2023-06-04T16:45:41","modified_gmt":"2023-06-04T19:45:41","slug":"el-joven-que-da-a-conocer-la-patagonia-con-google-maps-claudio-garrido-mansilla","status":"publish","type":"post","link":"https:\/\/radiorevelacionfm.cl\/?p=31647","title":{"rendered":"El joven que da a conocer la Patagonia con Google Maps, Claudio Garrido Mansilla"},"content":{"rendered":"<div class=\"flex_column av_one_full  flex_column_div av-zero-column-padding first  avia-builder-el-0  el_before_av_one_full  avia-builder-el-first  \" style='border-radius:0px; '><div  class='avia-image-container  av-styling-    avia-builder-el-1  avia-builder-el-no-sibling  avia-align-center '  itemprop=\"image\" itemscope=\"itemscope\" itemtype=\"https:\/\/schema.org\/ImageObject\"  ><div class='avia-image-container-inner'><div class='avia-image-overlay-wrap'><img decoding=\"async\" class='wp-image-31648 avia-img-lazy-loading-not-31648 avia_image' src=\"https:\/\/radiorevelacionfm.cl\/wp-content\/uploads\/2023\/06\/Claudio-Garrido-1-1.jpg\" alt='' title='Claudio Garrido (1) (1)' height=\"600\" width=\"721\"  itemprop=\"thumbnailUrl\" srcset=\"https:\/\/radiorevelacionfm.cl\/wp-content\/uploads\/2023\/06\/Claudio-Garrido-1-1.jpg 721w, https:\/\/radiorevelacionfm.cl\/wp-content\/uploads\/2023\/06\/Claudio-Garrido-1-1-300x250.jpg 300w, https:\/\/radiorevelacionfm.cl\/wp-content\/uploads\/2023\/06\/Claudio-Garrido-1-1-705x587.jpg 705w, https:\/\/radiorevelacionfm.cl\/wp-content\/uploads\/2023\/06\/Claudio-Garrido-1-1-450x374.jpg 450w, https:\/\/radiorevelacionfm.cl\/wp-content\/uploads\/2023\/06\/Claudio-Garrido-1-1-600x499.jpg 600w\" sizes=\"(max-width: 721px) 100vw, 721px\" \/><\/div><\/div><\/div><\/div><div class=\"flex_column av_one_full  flex_column_div av-zero-column-padding first  avia-builder-el-2  el_after_av_one_full  el_before_av_one_full  column-top-margin\" style='border-radius:0px; '><section class=\"av_textblock_section \"  itemscope=\"itemscope\" itemtype=\"https:\/\/schema.org\/BlogPosting\" itemprop=\"blogPost\" ><div class='avia_textblock  '   itemprop=\"text\" ><p style=\"text-align: center;\"><strong><span style=\"font-size: 18pt;\">El joven que da a conocer la Patagonia con Google Maps, Claudio Garrido Mansilla<\/span><\/strong><\/p>\n<div id=\"gtx-trans\" style=\"position: absolute; left: -50px; top: 4.31534px;\">\n<div class=\"gtx-trans-icon\"><\/div>\n<\/div>\n<\/div><\/section><\/div><div class=\"flex_column av_one_full  flex_column_div av-zero-column-padding first  avia-builder-el-4  el_after_av_one_full  el_before_av_hr  column-top-margin\" style='border-radius:0px; '><section class=\"av_textblock_section \"  itemscope=\"itemscope\" itemtype=\"https:\/\/schema.org\/BlogPosting\" itemprop=\"blogPost\" ><div class='avia_textblock  '   itemprop=\"text\" ><p style=\"text-align: justify;\">Claudio Garrido es un joven estudiante de T\u00e9cnico en Turismo y Naturaleza de la Universidad Austral de Chile, coyhaiquino que emprende con \u201c360\u00b0 Future View\u201d, proyecto que busca contribuir a la comunidad regional y al futuro turista, con la actualizaci\u00f3n de mapas en la regi\u00f3n, mediante Google Maps.<\/p>\n<p style=\"text-align: justify;\">La Directora Regional (S) de INJUV Ays\u00e9n, G\u00e9nesis Arias, destaco la iniciativa, \u201cque apunta a una oportunidad para el turismo de la regi\u00f3n, el que necesita de todo el apoyo posible para volver a sus niveles de proyecci\u00f3n\u201d, adem\u00e1s indicando \u201cClaudio es de nuestra regi\u00f3n, y est\u00e1 realizando un trabajo de gran nivel para apoyarnos entre todos, lo que es muy valioso\u201d.<\/p>\n<p style=\"text-align: justify;\">Este joven emprendedor, prepara su equipamiento, consistente en tr\u00edpode, c\u00e1mara profesional con capacidad de generar tomas en alta calidad en 360\u00b0 y una grabadora que genera videos de interior en alta definici\u00f3n de sitios de la comuna y la regi\u00f3n. Actualmente las fotos de Google Maps se encuentran desactualizadas, siendo material del a\u00f1o 2018 e incluso de a\u00f1os anteriores, por lo que con esta tecnolog\u00eda se puede dar a conocer lugares con recorridos interiores interactivos.<\/p>\n<p style=\"text-align: justify;\">\u201cEste proyecto llamado \u201c360\u00b0 Future View\u201d nace principalmente para construir en la actualizaci\u00f3n del mapa regional, ya que las fotos que est\u00e1n son del 2018 y en formato tradicional, mi idea es ponerlo en formato 360\u00b0 para una mayor interacci\u00f3n del usuario y que beneficia tanto a la comunidad regional como al futuro turista que arriba a la regi\u00f3n. Mi emprendimiento apunta a lugares tur\u00edsticos, diferentes locales comerciales, gimnasios, cl\u00ednicas entre otros.\u201d<\/p>\n<p style=\"text-align: justify;\">En la misma l\u00ednea Garrido indic\u00f3 que\u201d como soy estudiante de turismo me quise comprar una c\u00e1mara de acci\u00f3n y tambi\u00e9n como el costo de la c\u00e1mara es alto, quise buscar una manera de general ingresos con la misma c\u00e1mara, aqu\u00ed naci\u00f3 la idea de implementarla para sacar las fotos 360\u00b0 y actualizar Google Maps, investigando y buscando como se pod\u00eda hacer, porque tampoco es un proceso f\u00e1cil, el equipo es costoso, encontr\u00e9 una oportunidad de emprendimiento en ese nicho\u201d.<\/p>\n<p style=\"text-align: justify;\">Claudio hizo una demostraci\u00f3n en la direcci\u00f3n regional de INJUV Ays\u00e9n, y realiz\u00f3 una invitaci\u00f3n a la comunidad regional 2los invito a conocer m\u00e1s del proyecto, conocer m\u00e1s del emprendimiento y darles una oportunidad a las nuevas tecnolog\u00edas y principalmente dar un paso al futuro\u201d, sostuvo Garrido.<\/p>\n<p style=\"text-align: justify;\">Tel\u00e9fono de contacto +56 9 98861612, correo electr\u00f3nico <a href=\"mailto:360future.view@gmail.com\">360future.view@gmail.com<\/a>, e Instagram @360future.view.<\/p>\n<\/div><\/section><\/div><div  style='height:50px' class='hr hr-invisible   avia-builder-el-6  el_after_av_one_full  el_before_av_social_share '><span class='hr-inner ' ><span class='hr-inner-style'><\/span><\/span><\/div><\/p>\n<div  class='av-social-sharing-box  avia-builder-el-7  el_after_av_hr  el_before_av_hr  '><div class='av-share-box'><h5 class='av-share-link-description av-no-toc '>Compartir esta noticia<\/h5><ul class='av-share-box-list noLightbox'><li class='av-share-link av-social-link-facebook' ><a target=\"_blank\" aria-label=\"Compartir en Facebook\" href='https:\/\/www.facebook.com\/sharer.php?u=https:\/\/radiorevelacionfm.cl\/?p=31647&#038;t=El%20joven%20que%20da%20a%20conocer%20la%20Patagonia%20con%20Google%20Maps%2C%20Claudio%20Garrido%20Mansilla' aria-hidden='false' data-av_icon='\ue8f3' data-av_iconfont='entypo-fontello' title='' data-avia-related-tooltip='Compartir en Facebook' rel=\"noopener\"><span class='avia_hidden_link_text'>Compartir en Facebook<\/span><\/a><\/li><li class='av-share-link av-social-link-twitter' ><a target=\"_blank\" aria-label=\"Compartir en Twitter\" href='https:\/\/twitter.com\/share?text=El%20joven%20que%20da%20a%20conocer%20la%20Patagonia%20con%20Google%20Maps%2C%20Claudio%20Garrido%20Mansilla&#038;url=https:\/\/radiorevelacionfm.cl\/?p=31647' aria-hidden='false' data-av_icon='\ue8f1' data-av_iconfont='entypo-fontello' title='' data-avia-related-tooltip='Compartir en Twitter' rel=\"noopener\"><span class='avia_hidden_link_text'>Compartir en Twitter<\/span><\/a><\/li><li class='av-share-link av-social-link-whatsapp' ><a target=\"_blank\" aria-label=\"Compartir en Whatsapp\" href='https:\/\/api.whatsapp.com\/send?text=https:\/\/radiorevelacionfm.cl\/?p=31647' aria-hidden='false' data-av_icon='\uf232' data-av_iconfont='entypo-fontello' title='' data-avia-related-tooltip='Compartir en Whatsapp' rel=\"noopener\"><span class='avia_hidden_link_text'>Compartir en Whatsapp<\/span><\/a><\/li><li class='av-share-link av-social-link-linkedin' ><a target=\"_blank\" aria-label=\"Compartir en LinkedIn\" href='https:\/\/linkedin.com\/shareArticle?mini=true&#038;title=El%20joven%20que%20da%20a%20conocer%20la%20Patagonia%20con%20Google%20Maps%2C%20Claudio%20Garrido%20Mansilla&#038;url=https:\/\/radiorevelacionfm.cl\/?p=31647' aria-hidden='false' data-av_icon='\ue8fc' data-av_iconfont='entypo-fontello' title='' data-avia-related-tooltip='Compartir en LinkedIn' rel=\"noopener\"><span class='avia_hidden_link_text'>Compartir en LinkedIn<\/span><\/a><\/li><li class='av-share-link av-social-link-mail' ><a  aria-label=\"Compartir por correo\" href='mailto:?subject=El%20joven%20que%20da%20a%20conocer%20la%20Patagonia%20con%20Google%20Maps%2C%20Claudio%20Garrido%20Mansilla&#038;body=https:\/\/radiorevelacionfm.cl\/?p=31647' aria-hidden='false' data-av_icon='\ue805' data-av_iconfont='entypo-fontello' title='' data-avia-related-tooltip='Compartir por correo'><span class='avia_hidden_link_text'>Compartir por correo<\/span><\/a><\/li><\/ul><\/div><\/div>\n<div  style='height:50px' class='hr hr-invisible   avia-builder-el-8  el_after_av_social_share  el_before_av_comments_list '><span class='hr-inner ' ><span class='hr-inner-style'><\/span><\/span><\/div>\n<div  class='av-buildercomment  av-blog-meta-html-info-disabled av-blog-meta-tag-disabled  '><\/div>\n","protected":false},"excerpt":{"rendered":"","protected":false},"author":1,"featured_media":31648,"comment_status":"open","ping_status":"open","sticky":false,"template":"","format":"standard","meta":{"footnotes":""},"categories":[38],"tags":[],"class_list":["post-31647","post","type-post","status-publish","format-standard","has-post-thumbnail","hentry","category-regional"],"jetpack_featured_media_url":"https:\/\/radiorevelacionfm.cl\/wp-content\/uploads\/2023\/06\/Claudio-Garrido-1-1.jpg","_links":{"self":[{"href":"https:\/\/radiorevelacionfm.cl\/index.php?rest_route=\/wp\/v2\/posts\/31647","targetHints":{"allow":["GET"]}}],"collection":[{"href":"https:\/\/radiorevelacionfm.cl\/index.php?rest_route=\/wp\/v2\/posts"}],"about":[{"href":"https:\/\/radiorevelacionfm.cl\/index.php?rest_route=\/wp\/v2\/types\/post"}],"author":[{"embeddable":true,"href":"https:\/\/radiorevelacionfm.cl\/index.php?rest_route=\/wp\/v2\/users\/1"}],"replies":[{"embeddable":true,"href":"https:\/\/radiorevelacionfm.cl\/index.php?rest_route=%2Fwp%2Fv2%2Fcomments&post=31647"}],"version-history":[{"count":1,"href":"https:\/\/radiorevelacionfm.cl\/index.php?rest_route=\/wp\/v2\/posts\/31647\/revisions"}],"predecessor-version":[{"id":31649,"href":"https:\/\/radiorevelacionfm.cl\/index.php?rest_route=\/wp\/v2\/posts\/31647\/revisions\/31649"}],"wp:featuredmedia":[{"embeddable":true,"href":"https:\/\/radiorevelacionfm.cl\/index.php?rest_route=\/wp\/v2\/media\/31648"}],"wp:attachment":[{"href":"https:\/\/radiorevelacionfm.cl\/index.php?rest_route=%2Fwp%2Fv2%2Fmedia&parent=31647"}],"wp:term":[{"taxonomy":"category","embeddable":true,"href":"https:\/\/radiorevelacionfm.cl\/index.php?rest_route=%2Fwp%2Fv2%2Fcategories&post=31647"},{"taxonomy":"post_tag","embeddable":true,"href":"https:\/\/radiorevelacionfm.cl\/index.php?rest_route=%2Fwp%2Fv2%2Ftags&post=31647"}],"curies":[{"name":"wp","href":"https:\/\/api.w.org\/{rel}","templated":true}]}}