{"id":31643,"date":"2023-06-04T21:22:23","date_gmt":"2023-06-05T00:22:23","guid":{"rendered":"https:\/\/radiorevelacionfm.cl\/?p=31643"},"modified":"2023-06-04T21:22:23","modified_gmt":"2023-06-05T00:22:23","slug":"segundo-operativo-en-hospital-de-puerto-aysen-totaliza-mas-de-430-examenes-de-imagenes","status":"publish","type":"post","link":"https:\/\/radiorevelacionfm.cl\/?p=31643","title":{"rendered":"Segundo operativo en Hospital de Puerto Ays\u00e9n totaliza m\u00e1s de 430 ex\u00e1menes de im\u00e1genes"},"content":{"rendered":"<div class=\"flex_column av_one_full  flex_column_div av-zero-column-padding first  avia-builder-el-0  el_before_av_one_full  avia-builder-el-first  \" style='border-radius:0px; '><div  class='avia-image-container  av-styling-    avia-builder-el-1  avia-builder-el-no-sibling  avia-align-center '  itemprop=\"image\" itemscope=\"itemscope\" itemtype=\"https:\/\/schema.org\/ImageObject\"  ><div class='avia-image-container-inner'><div class='avia-image-overlay-wrap'><img decoding=\"async\" class='wp-image-31645 avia-img-lazy-loading-not-31645 avia_image' src=\"https:\/\/radiorevelacionfm.cl\/wp-content\/uploads\/2023\/06\/operativo-imagen-clinica-alemana-2-1.jpg\" alt='' title='operativo imagen clinica alemana (2) (1)' height=\"600\" width=\"900\"  itemprop=\"thumbnailUrl\" srcset=\"https:\/\/radiorevelacionfm.cl\/wp-content\/uploads\/2023\/06\/operativo-imagen-clinica-alemana-2-1.jpg 900w, https:\/\/radiorevelacionfm.cl\/wp-content\/uploads\/2023\/06\/operativo-imagen-clinica-alemana-2-1-300x200.jpg 300w, https:\/\/radiorevelacionfm.cl\/wp-content\/uploads\/2023\/06\/operativo-imagen-clinica-alemana-2-1-768x512.jpg 768w, https:\/\/radiorevelacionfm.cl\/wp-content\/uploads\/2023\/06\/operativo-imagen-clinica-alemana-2-1-705x470.jpg 705w, https:\/\/radiorevelacionfm.cl\/wp-content\/uploads\/2023\/06\/operativo-imagen-clinica-alemana-2-1-450x300.jpg 450w, https:\/\/radiorevelacionfm.cl\/wp-content\/uploads\/2023\/06\/operativo-imagen-clinica-alemana-2-1-600x400.jpg 600w\" sizes=\"(max-width: 900px) 100vw, 900px\" \/><\/div><\/div><\/div><\/div><div class=\"flex_column av_one_full  flex_column_div av-zero-column-padding first  avia-builder-el-2  el_after_av_one_full  el_before_av_one_full  column-top-margin\" style='border-radius:0px; '><section class=\"av_textblock_section \"  itemscope=\"itemscope\" itemtype=\"https:\/\/schema.org\/BlogPosting\" itemprop=\"blogPost\" ><div class='avia_textblock  '   itemprop=\"text\" ><p style=\"text-align: center;\"><strong><span style=\"font-size: 18pt;\">Segundo operativo en Hospital de Puerto Ays\u00e9n totaliza m\u00e1s de 430 ex\u00e1menes de im\u00e1genes<\/span><\/strong><\/p>\n<div id=\"gtx-trans\" style=\"position: absolute; left: -50px; top: 4.31534px;\">\n<div class=\"gtx-trans-icon\"><\/div>\n<\/div>\n<\/div><\/section><\/div><div class=\"flex_column av_one_full  flex_column_div av-zero-column-padding first  avia-builder-el-4  el_after_av_one_full  el_before_av_hr  column-top-margin\" style='border-radius:0px; '><section class=\"av_textblock_section \"  itemscope=\"itemscope\" itemtype=\"https:\/\/schema.org\/BlogPosting\" itemprop=\"blogPost\" ><div class='avia_textblock  '   itemprop=\"text\" ><p class=\"v1MsoNormal\" style=\"text-align: justify;\">El equipo de Cl\u00ednica Alemana de Santiago realiz\u00f3 m\u00e1s de 430 atenciones durante este fin de semana en el Hospital de Puerto Ays\u00e9n, regi\u00f3n de Ays\u00e9n. Esta actividad se suma a la ejecutada en noviembre, en que se realizaron 213 ex\u00e1menes de im\u00e1genes, lo que permiti\u00f3 a los pacientes resolver sus exploraciones pendientes, evaluar cirug\u00edas y tratamientos.<\/p>\n<p class=\"v1MsoNormal\" style=\"text-align: justify;\">Los especialistas del centro asistencial capitalino se trasladaron al hospital de Puerto Ays\u00e9n para atender a pacientes que se encontraban a la espera de diagn\u00f3sticos por im\u00e1genes, en el marco del convenio de colaboraci\u00f3n firmado entre Desaf\u00edo Levantemos Chile y la Cl\u00ednica Alemana de Santiago, con el Servicio de Salud Ays\u00e9n, que realiza atenciones gratuitas, financiadas en su totalidad por el centro asistencial privado.<\/p>\n<p class=\"v1MsoNormal\" style=\"text-align: justify;\">El objetivo es disminuir las listas de espera del sistema p\u00fablico y es parte del programa de Cl\u00ednica Alemana, que se propuso aportar hasta fines de este a\u00f1o con 1.000 soluciones de salud para igual n\u00famero de pacientes.<\/p>\n<p class=\"v1MsoNormal\" style=\"text-align: justify;\">Para el operativo, gracias al apoyo de Sky Airlines, viajaron a la ciudad de Puerto Ays\u00e9n cuatro radi\u00f3logos y dos tecn\u00f3logos m\u00e9dicos de Cl\u00ednica Alemana qui\u00e9nes, realizaron m\u00e1s de 250 ex\u00e1menes, entre ecograf\u00edas generales, abdominales, cervicales, renovesicales, estudios vasculares con doppler y ecograf\u00edas musculoesquel\u00e9tica.<\/p>\n<p class=\"v1MsoNormal\" style=\"text-align: justify;\">Mientras los seis ec\u00f3grafos de alta gama Canon disponibles fueron trasladados desde la capital por la empresa Tecnoimagen,<\/p>\n<p class=\"v1MsoNormal\" style=\"text-align: justify;\">\u00abSeguimos trabajando para reducir nuestras listas de espera, reforzando el accionar de toda nuestra red asistencial y apoy\u00e1ndonos con un trabajo intersectorial y es en esa l\u00ednea que destaco el trabajo que estamos realizando en el Hospital de Puerto Ays\u00e9n, con un operativo para realizar ex\u00e1menes radiol\u00f3gicos con el apoyo de la Cl\u00ednica Alemana y la Fundaci\u00f3n Desaf\u00edo Levantemos Chile. Con estos operativos vamos a reducir en alrededor de un 30% la lista de espera asociadas a im\u00e1genes de radiolog\u00eda\u00bb, precis\u00f3 Mauricio Cort\u00e9s Molina, Director (S) del servicio de Salud Ays\u00e9n.<\/p>\n<p class=\"v1MsoNormal\" style=\"text-align: justify;\">\u00abEste es el segundo operativo de im\u00e1genes en menos de cinco meses que permite dar el pase m\u00e9dico para futuras intervenciones quir\u00fargicas. Como hospital solo hace un mes contamos con especialista en radiolog\u00eda, pero la capacidad t\u00e9cnica que proporciona este operativo a\u00fan no la tenemos disponible\u00bb, explica por su parte Claudio Arriagada Momberg, Director del Hospital de Puerto Ays\u00e9n.<\/p>\n<p class=\"v1MsoNormal\" style=\"text-align: justify;\">Para Barbara Leyton, directora de salud de la Fundaci\u00f3n Desaf\u00edo Levantemos Chile \u00e9sta acci\u00f3n se traduce en \u00abacercar la salud, otorgando acceso y entregando oportunidades en el diagn\u00f3stico en una de las regiones m\u00e1s extremas de nuestro pa\u00eds\u00bb. As\u00ed lo ratifica Ximena Ruiz, presidenta del Consejo Consultivo de Salud qui\u00e9n valora la iniciativa de que el centro privado de salud viaje a brindar atenciones en el recinto p\u00fablico hospitalario.<\/p>\n<p class=\"v1MsoNormal\" style=\"text-align: justify;\">\u00abCon orgullo nos tomamos el desaf\u00edo de recorrer m\u00e1s de 1660 kms para llegar a la ciudad de Puerto Ays\u00e9n y contribuir a disminuir las listas de espera de salud de la regi\u00f3n. Los pacientes se realizaron los ex\u00e1menes con la misma tecnolog\u00eda y profesionalismo que contamos en Santiago\u00bb, comenta el doctor Juan Pablo Niedmann, radi\u00f3logo de Cl\u00ednica Alemana.<\/p>\n<\/div><\/section><\/div><div  style='height:50px' class='hr hr-invisible   avia-builder-el-6  el_after_av_one_full  el_before_av_social_share '><span class='hr-inner ' ><span class='hr-inner-style'><\/span><\/span><\/div><\/p>\n<div  class='av-social-sharing-box  avia-builder-el-7  el_after_av_hr  el_before_av_hr  '><div class='av-share-box'><h5 class='av-share-link-description av-no-toc '>Compartir esta noticia<\/h5><ul class='av-share-box-list noLightbox'><li class='av-share-link av-social-link-facebook' ><a target=\"_blank\" aria-label=\"Compartir en Facebook\" href='https:\/\/www.facebook.com\/sharer.php?u=https:\/\/radiorevelacionfm.cl\/?p=31643&#038;t=Segundo%20operativo%20en%20Hospital%20de%20Puerto%20Ays%C3%A9n%20totaliza%20m%C3%A1s%20de%20430%20ex%C3%A1menes%20de%20im%C3%A1genes' aria-hidden='false' data-av_icon='\ue8f3' data-av_iconfont='entypo-fontello' title='' data-avia-related-tooltip='Compartir en Facebook' rel=\"noopener\"><span class='avia_hidden_link_text'>Compartir en Facebook<\/span><\/a><\/li><li class='av-share-link av-social-link-twitter' ><a target=\"_blank\" aria-label=\"Compartir en Twitter\" href='https:\/\/twitter.com\/share?text=Segundo%20operativo%20en%20Hospital%20de%20Puerto%20Ays%C3%A9n%20totaliza%20m%C3%A1s%20de%20430%20ex%C3%A1menes%20de%20im%C3%A1genes&#038;url=https:\/\/radiorevelacionfm.cl\/?p=31643' aria-hidden='false' data-av_icon='\ue8f1' data-av_iconfont='entypo-fontello' title='' data-avia-related-tooltip='Compartir en Twitter' rel=\"noopener\"><span class='avia_hidden_link_text'>Compartir en Twitter<\/span><\/a><\/li><li class='av-share-link av-social-link-whatsapp' ><a target=\"_blank\" aria-label=\"Compartir en Whatsapp\" href='https:\/\/api.whatsapp.com\/send?text=https:\/\/radiorevelacionfm.cl\/?p=31643' aria-hidden='false' data-av_icon='\uf232' data-av_iconfont='entypo-fontello' title='' data-avia-related-tooltip='Compartir en Whatsapp' rel=\"noopener\"><span class='avia_hidden_link_text'>Compartir en Whatsapp<\/span><\/a><\/li><li class='av-share-link av-social-link-linkedin' ><a target=\"_blank\" aria-label=\"Compartir en LinkedIn\" href='https:\/\/linkedin.com\/shareArticle?mini=true&#038;title=Segundo%20operativo%20en%20Hospital%20de%20Puerto%20Ays%C3%A9n%20totaliza%20m%C3%A1s%20de%20430%20ex%C3%A1menes%20de%20im%C3%A1genes&#038;url=https:\/\/radiorevelacionfm.cl\/?p=31643' aria-hidden='false' data-av_icon='\ue8fc' data-av_iconfont='entypo-fontello' title='' data-avia-related-tooltip='Compartir en LinkedIn' rel=\"noopener\"><span class='avia_hidden_link_text'>Compartir en LinkedIn<\/span><\/a><\/li><li class='av-share-link av-social-link-mail' ><a  aria-label=\"Compartir por correo\" href='mailto:?subject=Segundo%20operativo%20en%20Hospital%20de%20Puerto%20Ays%C3%A9n%20totaliza%20m%C3%A1s%20de%20430%20ex%C3%A1menes%20de%20im%C3%A1genes&#038;body=https:\/\/radiorevelacionfm.cl\/?p=31643' aria-hidden='false' data-av_icon='\ue805' data-av_iconfont='entypo-fontello' title='' data-avia-related-tooltip='Compartir por correo'><span class='avia_hidden_link_text'>Compartir por correo<\/span><\/a><\/li><\/ul><\/div><\/div>\n<div  style='height:50px' class='hr hr-invisible   avia-builder-el-8  el_after_av_social_share  el_before_av_comments_list '><span class='hr-inner ' ><span class='hr-inner-style'><\/span><\/span><\/div>\n<div  class='av-buildercomment  av-blog-meta-html-info-disabled av-blog-meta-tag-disabled  '><\/div>\n","protected":false},"excerpt":{"rendered":"","protected":false},"author":1,"featured_media":31645,"comment_status":"open","ping_status":"open","sticky":false,"template":"","format":"standard","meta":{"footnotes":""},"categories":[46],"tags":[],"class_list":["post-31643","post","type-post","status-publish","format-standard","has-post-thumbnail","hentry","category-salud"],"jetpack_featured_media_url":"https:\/\/radiorevelacionfm.cl\/wp-content\/uploads\/2023\/06\/operativo-imagen-clinica-alemana-2-1.jpg","_links":{"self":[{"href":"https:\/\/radiorevelacionfm.cl\/index.php?rest_route=\/wp\/v2\/posts\/31643","targetHints":{"allow":["GET"]}}],"collection":[{"href":"https:\/\/radiorevelacionfm.cl\/index.php?rest_route=\/wp\/v2\/posts"}],"about":[{"href":"https:\/\/radiorevelacionfm.cl\/index.php?rest_route=\/wp\/v2\/types\/post"}],"author":[{"embeddable":true,"href":"https:\/\/radiorevelacionfm.cl\/index.php?rest_route=\/wp\/v2\/users\/1"}],"replies":[{"embeddable":true,"href":"https:\/\/radiorevelacionfm.cl\/index.php?rest_route=%2Fwp%2Fv2%2Fcomments&post=31643"}],"version-history":[{"count":1,"href":"https:\/\/radiorevelacionfm.cl\/index.php?rest_route=\/wp\/v2\/posts\/31643\/revisions"}],"predecessor-version":[{"id":31646,"href":"https:\/\/radiorevelacionfm.cl\/index.php?rest_route=\/wp\/v2\/posts\/31643\/revisions\/31646"}],"wp:featuredmedia":[{"embeddable":true,"href":"https:\/\/radiorevelacionfm.cl\/index.php?rest_route=\/wp\/v2\/media\/31645"}],"wp:attachment":[{"href":"https:\/\/radiorevelacionfm.cl\/index.php?rest_route=%2Fwp%2Fv2%2Fmedia&parent=31643"}],"wp:term":[{"taxonomy":"category","embeddable":true,"href":"https:\/\/radiorevelacionfm.cl\/index.php?rest_route=%2Fwp%2Fv2%2Fcategories&post=31643"},{"taxonomy":"post_tag","embeddable":true,"href":"https:\/\/radiorevelacionfm.cl\/index.php?rest_route=%2Fwp%2Fv2%2Ftags&post=31643"}],"curies":[{"name":"wp","href":"https:\/\/api.w.org\/{rel}","templated":true}]}}