{"id":31640,"date":"2023-06-04T19:12:40","date_gmt":"2023-06-04T22:12:40","guid":{"rendered":"https:\/\/radiorevelacionfm.cl\/?p=31640"},"modified":"2023-06-04T19:12:40","modified_gmt":"2023-06-04T22:12:40","slug":"luis-aedo-mora-jura-como-ministro-de-la-corte-de-apelaciones-de-coyhaique","status":"publish","type":"post","link":"https:\/\/radiorevelacionfm.cl\/?p=31640","title":{"rendered":"Luis Aedo Mora jura como ministro de la Corte de Apelaciones de Coyhaique"},"content":{"rendered":"<div class=\"flex_column av_one_full  flex_column_div av-zero-column-padding first  avia-builder-el-0  el_before_av_one_full  avia-builder-el-first  \" style='border-radius:0px; '><div  class='avia-image-container  av-styling-    avia-builder-el-1  avia-builder-el-no-sibling  avia-align-center '  itemprop=\"image\" itemscope=\"itemscope\" itemtype=\"https:\/\/schema.org\/ImageObject\"  ><div class='avia-image-container-inner'><div class='avia-image-overlay-wrap'><img decoding=\"async\" class='wp-image-31641 avia-img-lazy-loading-not-31641 avia_image' src=\"https:\/\/radiorevelacionfm.cl\/wp-content\/uploads\/2023\/06\/Ministro-Luis-Aedo-2-1-1.jpg\" alt='' title='Ministro Luis Aedo 2 (1) (1)' height=\"600\" width=\"919\"  itemprop=\"thumbnailUrl\" srcset=\"https:\/\/radiorevelacionfm.cl\/wp-content\/uploads\/2023\/06\/Ministro-Luis-Aedo-2-1-1.jpg 919w, https:\/\/radiorevelacionfm.cl\/wp-content\/uploads\/2023\/06\/Ministro-Luis-Aedo-2-1-1-300x196.jpg 300w, https:\/\/radiorevelacionfm.cl\/wp-content\/uploads\/2023\/06\/Ministro-Luis-Aedo-2-1-1-768x501.jpg 768w, https:\/\/radiorevelacionfm.cl\/wp-content\/uploads\/2023\/06\/Ministro-Luis-Aedo-2-1-1-705x460.jpg 705w, https:\/\/radiorevelacionfm.cl\/wp-content\/uploads\/2023\/06\/Ministro-Luis-Aedo-2-1-1-450x294.jpg 450w, https:\/\/radiorevelacionfm.cl\/wp-content\/uploads\/2023\/06\/Ministro-Luis-Aedo-2-1-1-600x392.jpg 600w\" sizes=\"(max-width: 919px) 100vw, 919px\" \/><\/div><\/div><\/div><\/div><div class=\"flex_column av_one_full  flex_column_div av-zero-column-padding first  avia-builder-el-2  el_after_av_one_full  el_before_av_one_full  column-top-margin\" style='border-radius:0px; '><section class=\"av_textblock_section \"  itemscope=\"itemscope\" itemtype=\"https:\/\/schema.org\/BlogPosting\" itemprop=\"blogPost\" ><div class='avia_textblock  '   itemprop=\"text\" ><p style=\"text-align: center;\"><span style=\"font-size: 18pt;\"><b>Luis Aedo Mora jura como ministro de la Corte de Apelaciones de Coyhaique<\/b><\/span><\/p>\n<div id=\"gtx-trans\" style=\"position: absolute; left: -50px; top: 4.31534px;\">\n<div class=\"gtx-trans-icon\"><\/div>\n<\/div>\n<\/div><\/section><\/div><div class=\"flex_column av_one_full  flex_column_div av-zero-column-padding first  avia-builder-el-4  el_after_av_one_full  el_before_av_hr  column-top-margin\" style='border-radius:0px; '><section class=\"av_textblock_section \"  itemscope=\"itemscope\" itemtype=\"https:\/\/schema.org\/BlogPosting\" itemprop=\"blogPost\" ><div class='avia_textblock  '   itemprop=\"text\" ><p class=\"v1MsoNormal\" style=\"text-align: justify;\">El presidente de la Corte de Apelaciones de Coyhaique, ministro Jos\u00e9 Ignacio Mora Trujillo, tom\u00f3 juramento al nuevo ministro del tribunal de alzada, Luis Aedo Mora, quien asumi\u00f3 en reemplazo de Sergio Mora Vallejos, que dej\u00f3 el Poder Judicial en septiembre de 2022, luego del cese de sus funciones al cumplir la edad legal para permanecer en el cargo.<\/p>\n<p class=\"v1MsoNormal\" style=\"text-align: justify;\">El ministro Aedo curs\u00f3 sus estudios superiores en la Facultad de Ciencias Jur\u00eddicas y Sociales de la Universidad de Concepci\u00f3n, obteniendo el t\u00edtulo de abogado en 1998. Inici\u00f3 su carrera judicial en 1999, como secretario del Juzgado de Letras y Garant\u00eda de Ays\u00e9n; posteriormente, es nombrado juez del Juzgado de letras y Garant\u00eda de Tolt\u00e9n, a fines del a\u00f1o 2000; para luego asumir como juez del Juzgado de Letras y Garant\u00eda de Ays\u00e9n. En el 2003, fue nombrado como juez del Juzgado de Garant\u00eda de Chill\u00e1n y desde julio de 2018 a la fecha se desempe\u00f1\u00f3 como ministro de la Corte de Apelaciones de Valdivia.<\/p>\n<p class=\"v1MsoNormal\" style=\"text-align: justify;\">\u00abSin duda alguna es un motivo de satisfacci\u00f3n personal y profesional. Regresar a mis lugar que me vio nacer a la vida judicial y regresar con un crecimiento personal y profesional, con nuevos desaf\u00edos, por cierto, y con el prop\u00f3sito firme de constituir un aporte para el trabajo que se desarrolla de manera tan seria en esta jurisdicci\u00f3n\u00bb, sostuvo el ministro Aedo.<\/p>\n<p class=\"v1MsoNormal\" style=\"text-align: justify;\">Agreg\u00f3 que: \u00abes un desaf\u00edo que particularmente me marca porque vengo en reemplazo de un ministro de mucha val\u00eda en esta jurisdicci\u00f3n como lo es Sergio Mora Vallejos, quien indudablemente ha dejado la vara muy alta en torno a lo que son sus cualidades personales y profesionales\u00bb.<\/p>\n<p class=\"v1MsoNormal\" style=\"text-align: justify;\">\u00abPor otra parte, la idea es contribuir con humanidad en el trabajo del d\u00eda a d\u00eda, porque nosotros lo que tenemos por cualidad esencial es el trabajo con personas, con la situaciones de conflicto de las personas que tenemos que contribuir a resolver. Y la idea es hacerlo con prudencia, con ponderaci\u00f3n y con conocimiento, de manera que en la medida que cumplamos tambi\u00e9n ese prop\u00f3sito, creo que podemos darnos por satisfechos como personas y como profesionales\u00bb, concluy\u00f3.<\/p>\n<p class=\"v1MsoNormal\" style=\"text-align: justify;\">En t\u00e9rminos acad\u00e9micos, el ministro Aedo cuenta con diplomados en materias como actualizaci\u00f3n Jur\u00eddica y Recursos Constitucionales (recurso de protecci\u00f3n) desarrollados de la mano del Instituto de Estudios Judiciales. Adem\u00e1s, ejerci\u00f3 alrededor de cuatro a\u00f1os como docente en la Academia Judicial, realizando de paso tutor\u00edas a pasantes de la instituci\u00f3n.<\/p>\n<p class=\"v1MsoNormal\" style=\"text-align: justify;\">En la ceremonia de juramento estuvo presente el Pleno de la Corte de Apelaciones de Coyhaique integrado por los ministros Jos\u00e9 Ignacio Mora, Natalia Rencoret y el fiscal judicial (s) Rafael Alvarado, adem\u00e1s de jueces, funcionarios y familiares del ministro Aedo.<\/p>\n<\/div><\/section><\/div><div  style='height:50px' class='hr hr-invisible   avia-builder-el-6  el_after_av_one_full  el_before_av_social_share '><span class='hr-inner ' ><span class='hr-inner-style'><\/span><\/span><\/div><\/p>\n<div  class='av-social-sharing-box  avia-builder-el-7  el_after_av_hr  el_before_av_hr  '><div class='av-share-box'><h5 class='av-share-link-description av-no-toc '>Compartir esta noticia<\/h5><ul class='av-share-box-list noLightbox'><li class='av-share-link av-social-link-facebook' ><a target=\"_blank\" aria-label=\"Compartir en Facebook\" href='https:\/\/www.facebook.com\/sharer.php?u=https:\/\/radiorevelacionfm.cl\/?p=31640&#038;t=Luis%20Aedo%20Mora%20jura%20como%20ministro%20de%20la%20Corte%20de%20Apelaciones%20de%20Coyhaique' aria-hidden='false' data-av_icon='\ue8f3' data-av_iconfont='entypo-fontello' title='' data-avia-related-tooltip='Compartir en Facebook' rel=\"noopener\"><span class='avia_hidden_link_text'>Compartir en Facebook<\/span><\/a><\/li><li class='av-share-link av-social-link-twitter' ><a target=\"_blank\" aria-label=\"Compartir en Twitter\" href='https:\/\/twitter.com\/share?text=Luis%20Aedo%20Mora%20jura%20como%20ministro%20de%20la%20Corte%20de%20Apelaciones%20de%20Coyhaique&#038;url=https:\/\/radiorevelacionfm.cl\/?p=31640' aria-hidden='false' data-av_icon='\ue8f1' data-av_iconfont='entypo-fontello' title='' data-avia-related-tooltip='Compartir en Twitter' rel=\"noopener\"><span class='avia_hidden_link_text'>Compartir en Twitter<\/span><\/a><\/li><li class='av-share-link av-social-link-whatsapp' ><a target=\"_blank\" aria-label=\"Compartir en Whatsapp\" href='https:\/\/api.whatsapp.com\/send?text=https:\/\/radiorevelacionfm.cl\/?p=31640' aria-hidden='false' data-av_icon='\uf232' data-av_iconfont='entypo-fontello' title='' data-avia-related-tooltip='Compartir en Whatsapp' rel=\"noopener\"><span class='avia_hidden_link_text'>Compartir en Whatsapp<\/span><\/a><\/li><li class='av-share-link av-social-link-linkedin' ><a target=\"_blank\" aria-label=\"Compartir en LinkedIn\" href='https:\/\/linkedin.com\/shareArticle?mini=true&#038;title=Luis%20Aedo%20Mora%20jura%20como%20ministro%20de%20la%20Corte%20de%20Apelaciones%20de%20Coyhaique&#038;url=https:\/\/radiorevelacionfm.cl\/?p=31640' aria-hidden='false' data-av_icon='\ue8fc' data-av_iconfont='entypo-fontello' title='' data-avia-related-tooltip='Compartir en LinkedIn' rel=\"noopener\"><span class='avia_hidden_link_text'>Compartir en LinkedIn<\/span><\/a><\/li><li class='av-share-link av-social-link-mail' ><a  aria-label=\"Compartir por correo\" href='mailto:?subject=Luis%20Aedo%20Mora%20jura%20como%20ministro%20de%20la%20Corte%20de%20Apelaciones%20de%20Coyhaique&#038;body=https:\/\/radiorevelacionfm.cl\/?p=31640' aria-hidden='false' data-av_icon='\ue805' data-av_iconfont='entypo-fontello' title='' data-avia-related-tooltip='Compartir por correo'><span class='avia_hidden_link_text'>Compartir por correo<\/span><\/a><\/li><\/ul><\/div><\/div>\n<div  style='height:50px' class='hr hr-invisible   avia-builder-el-8  el_after_av_social_share  el_before_av_comments_list '><span class='hr-inner ' ><span class='hr-inner-style'><\/span><\/span><\/div>\n<div  class='av-buildercomment  av-blog-meta-html-info-disabled av-blog-meta-tag-disabled  '><\/div>\n","protected":false},"excerpt":{"rendered":"","protected":false},"author":1,"featured_media":31641,"comment_status":"open","ping_status":"open","sticky":false,"template":"","format":"standard","meta":{"footnotes":""},"categories":[55],"tags":[],"class_list":["post-31640","post","type-post","status-publish","format-standard","has-post-thumbnail","hentry","category-justicia"],"jetpack_featured_media_url":"https:\/\/radiorevelacionfm.cl\/wp-content\/uploads\/2023\/06\/Ministro-Luis-Aedo-2-1-1.jpg","_links":{"self":[{"href":"https:\/\/radiorevelacionfm.cl\/index.php?rest_route=\/wp\/v2\/posts\/31640","targetHints":{"allow":["GET"]}}],"collection":[{"href":"https:\/\/radiorevelacionfm.cl\/index.php?rest_route=\/wp\/v2\/posts"}],"about":[{"href":"https:\/\/radiorevelacionfm.cl\/index.php?rest_route=\/wp\/v2\/types\/post"}],"author":[{"embeddable":true,"href":"https:\/\/radiorevelacionfm.cl\/index.php?rest_route=\/wp\/v2\/users\/1"}],"replies":[{"embeddable":true,"href":"https:\/\/radiorevelacionfm.cl\/index.php?rest_route=%2Fwp%2Fv2%2Fcomments&post=31640"}],"version-history":[{"count":1,"href":"https:\/\/radiorevelacionfm.cl\/index.php?rest_route=\/wp\/v2\/posts\/31640\/revisions"}],"predecessor-version":[{"id":31642,"href":"https:\/\/radiorevelacionfm.cl\/index.php?rest_route=\/wp\/v2\/posts\/31640\/revisions\/31642"}],"wp:featuredmedia":[{"embeddable":true,"href":"https:\/\/radiorevelacionfm.cl\/index.php?rest_route=\/wp\/v2\/media\/31641"}],"wp:attachment":[{"href":"https:\/\/radiorevelacionfm.cl\/index.php?rest_route=%2Fwp%2Fv2%2Fmedia&parent=31640"}],"wp:term":[{"taxonomy":"category","embeddable":true,"href":"https:\/\/radiorevelacionfm.cl\/index.php?rest_route=%2Fwp%2Fv2%2Fcategories&post=31640"},{"taxonomy":"post_tag","embeddable":true,"href":"https:\/\/radiorevelacionfm.cl\/index.php?rest_route=%2Fwp%2Fv2%2Ftags&post=31640"}],"curies":[{"name":"wp","href":"https:\/\/api.w.org\/{rel}","templated":true}]}}