{"id":3164,"date":"2021-04-15T18:55:59","date_gmt":"2021-04-15T21:55:59","guid":{"rendered":"https:\/\/radiorevelacionfm.cl\/?p=3164"},"modified":"2021-04-15T18:55:59","modified_gmt":"2021-04-15T21:55:59","slug":"un-nuevo-icono-turistico-con-letras-volumetricas-inauguran-en-puerto-guadal","status":"publish","type":"post","link":"https:\/\/radiorevelacionfm.cl\/?p=3164","title":{"rendered":"Un nuevo \u00edcono tur\u00edstico con letras volum\u00e9tricas inauguran en Puerto Guadal"},"content":{"rendered":"<div class=\"flex_column av_one_full  flex_column_div av-zero-column-padding first  avia-builder-el-0  el_before_av_one_full  avia-builder-el-first  \" style='border-radius:0px; '><div  class='avia-image-container  av-styling-    avia-builder-el-1  avia-builder-el-no-sibling  avia-align-center '  itemprop=\"image\" itemscope=\"itemscope\" itemtype=\"https:\/\/schema.org\/ImageObject\"  ><div class='avia-image-container-inner'><div class='avia-image-overlay-wrap'><img decoding=\"async\" class='wp-image-0 avia-img-lazy-loading-not-0 avia_image' src=\"https:\/\/radiorevelacionfm.cl\/wp-content\/uploads\/2021\/04\/letras-guadal-3_optimized.jpg\" alt='' title=''   itemprop=\"thumbnailUrl\"  \/><\/div><\/div><\/div><\/div><div class=\"flex_column av_one_full  flex_column_div av-zero-column-padding first  avia-builder-el-2  el_after_av_one_full  el_before_av_one_full  column-top-margin\" style='border-radius:0px; '><section class=\"av_textblock_section \"  itemscope=\"itemscope\" itemtype=\"https:\/\/schema.org\/BlogPosting\" itemprop=\"blogPost\" ><div class='avia_textblock  '   itemprop=\"text\" ><p style=\"text-align: center;\"><span style=\"font-size: 18pt;\"><strong>Un nuevo \u00edcono tur\u00edstico con letras volum\u00e9tricas inauguran en Puerto Guadal <\/strong><\/span><\/p>\n<div id=\"gtx-trans\" style=\"position: absolute; left: -50px; top: 4.31534px;\">\n<div class=\"gtx-trans-icon\"><\/div>\n<\/div>\n<\/div><\/section><\/div><div class=\"flex_column av_one_full  flex_column_div av-zero-column-padding first  avia-builder-el-4  el_after_av_one_full  el_before_av_hr  column-top-margin\" style='border-radius:0px; '><section class=\"av_textblock_section \"  itemscope=\"itemscope\" itemtype=\"https:\/\/schema.org\/BlogPosting\" itemprop=\"blogPost\" ><div class='avia_textblock  '   itemprop=\"text\" ><p style=\"text-align: justify;\">El Alcalde Ricardo Ibarra acompa\u00f1ado de la comunidad, dirigentes vecinales, Concejala Velides Urrutia, representantes de Carabineros, trabajadores de Chile Chico y la Delegaci\u00f3n Municipal, inauguraron un nuevo icono tur\u00edstico en la comuna. Se trata de las letras volum\u00e9tricas de Puerto Guadal, las que descansan sobre la estructura de una embarcaci\u00f3n simulando la forma de conectividad que por muchas d\u00e9cadas se desarroll\u00f3 en la cuenca del Lago General Carrera.<\/p>\n<p style=\"text-align: justify;\">La m\u00e1xima autoridad comunal, puso en valor el trabajo de todo el equipo municipal que permiti\u00f3 llegar a dise\u00f1ar y construir el nuevo s\u00edmbolo de \u201cla perla del lago\u201d.<\/p>\n<p style=\"text-align: justify;\">\u201cEste es un trabajo enorme de los colegas, compa\u00f1eros de trabajo que intervienen hasta que se hace realidad y est\u00e1 puesto en cada una de las localidades este icono tur\u00edstico. Hoy d\u00eda agradecer el trabajo del Departamento de Obras, a los que crearon esta idea, a los que le dieron forma, a los que levantaron este barco imaginario que llega hasta Puerto Guadal, recordando parte de la historia lacustre de las personas que trabajaron en los barcos que llegaban a la perla del lago. Tambi\u00e9n a quienes hicieron historia, a quienes fundaron Puerto Guadal, a quienes hicieron las calles, a los que hicieron el comercio tan importante que hoy est\u00e1 reflejado simb\u00f3licamente en este barco, que fue envejecido para que tenga todos los a\u00f1os de historia que tiene esta localidad y que navega rumbo al futuro, rumbo al crecimiento\u201d.<\/p>\n<p style=\"text-align: justify;\">En la actividad hubo varios dirigentes y dirigentas sociales que relevaron la instalaci\u00f3n de las letras volum\u00e9tricas de Puerto Guadal, Alicia Vera, de la Junta de Vecinos N\u00ba8, destac\u00f3 el buen resultado de los trabajos, una idea que fue consensuada con la ciudadan\u00eda, siendo una sorpresa el lugar. \u201cDe parte de la junta de vecinos sab\u00edamos de que esto se iba a hacer, hubo hace un tiempo atr\u00e1s una consulta ciudadana, \u00bfqu\u00e9 nombre quer\u00edamos elegir?, lo que no sab\u00edamos d\u00f3nde se iba a colocar. Est\u00e1 muy bonito, lo agradecemos, porque la idea fue genial, va a ser algo lindo y tur\u00edstico para nuestro pueblo\u201d.<\/p>\n<p style=\"text-align: justify;\">El aportar a la identidad mediante este tipo de iconos tur\u00edsticos fue una idea que naci\u00f3 desde el Alcalde Ricardo Ibarra, quien lo convers\u00f3 con el \u00e1rea de Administraci\u00f3n, donde colabor\u00f3 Secplac en el dise\u00f1o, la Direcci\u00f3n de Obras en la ejecuci\u00f3n, con una destacada labor de trabajadores de galp\u00f3n, entre ellos, Willy Vega, quien ha sido parte del trabajo de las letras volum\u00e9tricas en Chile Chico, Rio Le\u00f3n, Guadal y mencion\u00f3 que se vienen las de Puerto Bertrand, Mall\u00edn Grande, Fachinal y Bah\u00eda Jara.<\/p>\n<\/div><\/section><\/div><div  style='height:50px' class='hr hr-invisible   avia-builder-el-6  el_after_av_one_full  el_before_av_social_share '><span class='hr-inner ' ><span class='hr-inner-style'><\/span><\/span><\/div><\/p>\n<div  class='av-social-sharing-box  avia-builder-el-7  el_after_av_hr  el_before_av_hr  '><div class='av-share-box'><h5 class='av-share-link-description av-no-toc '>Compartir esta noticia<\/h5><ul class='av-share-box-list noLightbox'><li class='av-share-link av-social-link-facebook' ><a target=\"_blank\" aria-label=\"Compartir en Facebook\" href='https:\/\/www.facebook.com\/sharer.php?u=https:\/\/radiorevelacionfm.cl\/?p=3164&#038;t=Un%20nuevo%20%C3%ADcono%20tur%C3%ADstico%20con%20letras%20volum%C3%A9tricas%20inauguran%20en%20Puerto%20Guadal' aria-hidden='false' data-av_icon='\ue8f3' data-av_iconfont='entypo-fontello' title='' data-avia-related-tooltip='Compartir en Facebook' rel=\"noopener\"><span class='avia_hidden_link_text'>Compartir en Facebook<\/span><\/a><\/li><li class='av-share-link av-social-link-twitter' ><a target=\"_blank\" aria-label=\"Compartir en Twitter\" href='https:\/\/twitter.com\/share?text=Un%20nuevo%20%C3%ADcono%20tur%C3%ADstico%20con%20letras%20volum%C3%A9tricas%20inauguran%20en%20Puerto%20Guadal&#038;url=https:\/\/radiorevelacionfm.cl\/?p=3164' aria-hidden='false' data-av_icon='\ue8f1' data-av_iconfont='entypo-fontello' title='' data-avia-related-tooltip='Compartir en Twitter' rel=\"noopener\"><span class='avia_hidden_link_text'>Compartir en Twitter<\/span><\/a><\/li><li class='av-share-link av-social-link-whatsapp' ><a target=\"_blank\" aria-label=\"Compartir en Whatsapp\" href='https:\/\/api.whatsapp.com\/send?text=https:\/\/radiorevelacionfm.cl\/?p=3164' aria-hidden='false' data-av_icon='\uf232' data-av_iconfont='entypo-fontello' title='' data-avia-related-tooltip='Compartir en Whatsapp' rel=\"noopener\"><span class='avia_hidden_link_text'>Compartir en Whatsapp<\/span><\/a><\/li><li class='av-share-link av-social-link-linkedin' ><a target=\"_blank\" aria-label=\"Compartir en LinkedIn\" href='https:\/\/linkedin.com\/shareArticle?mini=true&#038;title=Un%20nuevo%20%C3%ADcono%20tur%C3%ADstico%20con%20letras%20volum%C3%A9tricas%20inauguran%20en%20Puerto%20Guadal&#038;url=https:\/\/radiorevelacionfm.cl\/?p=3164' aria-hidden='false' data-av_icon='\ue8fc' data-av_iconfont='entypo-fontello' title='' data-avia-related-tooltip='Compartir en LinkedIn' rel=\"noopener\"><span class='avia_hidden_link_text'>Compartir en LinkedIn<\/span><\/a><\/li><li class='av-share-link av-social-link-mail' ><a  aria-label=\"Compartir por correo\" href='mailto:?subject=Un%20nuevo%20%C3%ADcono%20tur%C3%ADstico%20con%20letras%20volum%C3%A9tricas%20inauguran%20en%20Puerto%20Guadal&#038;body=https:\/\/radiorevelacionfm.cl\/?p=3164' aria-hidden='false' data-av_icon='\ue805' data-av_iconfont='entypo-fontello' title='' data-avia-related-tooltip='Compartir por correo'><span class='avia_hidden_link_text'>Compartir por correo<\/span><\/a><\/li><\/ul><\/div><\/div>\n<div  style='height:50px' class='hr hr-invisible   avia-builder-el-8  el_after_av_social_share  el_before_av_comments_list '><span class='hr-inner ' ><span class='hr-inner-style'><\/span><\/span><\/div>\n<div  class='av-buildercomment  av-blog-meta-html-info-disabled av-blog-meta-tag-disabled  '><\/div>\n","protected":false},"excerpt":{"rendered":"","protected":false},"author":1,"featured_media":0,"comment_status":"open","ping_status":"open","sticky":false,"template":"","format":"standard","meta":{"footnotes":""},"categories":[38],"tags":[],"class_list":["post-3164","post","type-post","status-publish","format-standard","hentry","category-regional"],"jetpack_featured_media_url":"","_links":{"self":[{"href":"https:\/\/radiorevelacionfm.cl\/index.php?rest_route=\/wp\/v2\/posts\/3164","targetHints":{"allow":["GET"]}}],"collection":[{"href":"https:\/\/radiorevelacionfm.cl\/index.php?rest_route=\/wp\/v2\/posts"}],"about":[{"href":"https:\/\/radiorevelacionfm.cl\/index.php?rest_route=\/wp\/v2\/types\/post"}],"author":[{"embeddable":true,"href":"https:\/\/radiorevelacionfm.cl\/index.php?rest_route=\/wp\/v2\/users\/1"}],"replies":[{"embeddable":true,"href":"https:\/\/radiorevelacionfm.cl\/index.php?rest_route=%2Fwp%2Fv2%2Fcomments&post=3164"}],"version-history":[{"count":1,"href":"https:\/\/radiorevelacionfm.cl\/index.php?rest_route=\/wp\/v2\/posts\/3164\/revisions"}],"predecessor-version":[{"id":3166,"href":"https:\/\/radiorevelacionfm.cl\/index.php?rest_route=\/wp\/v2\/posts\/3164\/revisions\/3166"}],"wp:attachment":[{"href":"https:\/\/radiorevelacionfm.cl\/index.php?rest_route=%2Fwp%2Fv2%2Fmedia&parent=3164"}],"wp:term":[{"taxonomy":"category","embeddable":true,"href":"https:\/\/radiorevelacionfm.cl\/index.php?rest_route=%2Fwp%2Fv2%2Fcategories&post=3164"},{"taxonomy":"post_tag","embeddable":true,"href":"https:\/\/radiorevelacionfm.cl\/index.php?rest_route=%2Fwp%2Fv2%2Ftags&post=3164"}],"curies":[{"name":"wp","href":"https:\/\/api.w.org\/{rel}","templated":true}]}}