{"id":31637,"date":"2023-06-04T16:55:00","date_gmt":"2023-06-04T19:55:00","guid":{"rendered":"https:\/\/radiorevelacionfm.cl\/?p=31637"},"modified":"2023-06-04T16:55:00","modified_gmt":"2023-06-04T19:55:00","slug":"realizan-gira-tecnologica-con-recolectoras-de-productos-forestales-no-madereros-de-la-region-aysen","status":"publish","type":"post","link":"https:\/\/radiorevelacionfm.cl\/?p=31637","title":{"rendered":"Realizan gira tecnol\u00f3gica con recolectoras de productos forestales no madereros de la Regi\u00f3n Ays\u00e9n"},"content":{"rendered":"<div class=\"flex_column av_one_full  flex_column_div av-zero-column-padding first  avia-builder-el-0  el_before_av_one_full  avia-builder-el-first  \" style='border-radius:0px; '><div  class='avia-image-container  av-styling-    avia-builder-el-1  avia-builder-el-no-sibling  avia-align-center '  itemprop=\"image\" itemscope=\"itemscope\" itemtype=\"https:\/\/schema.org\/ImageObject\"  ><div class='avia-image-container-inner'><div class='avia-image-overlay-wrap'><img decoding=\"async\" class='wp-image-31638 avia-img-lazy-loading-not-31638 avia_image' src=\"https:\/\/radiorevelacionfm.cl\/wp-content\/uploads\/2023\/06\/gira-tecnologica-03-1_optimized-1.jpg\" alt='' title='gira-tecnologica-03-(1)_optimized (1)' height=\"600\" width=\"806\"  itemprop=\"thumbnailUrl\" srcset=\"https:\/\/radiorevelacionfm.cl\/wp-content\/uploads\/2023\/06\/gira-tecnologica-03-1_optimized-1.jpg 806w, https:\/\/radiorevelacionfm.cl\/wp-content\/uploads\/2023\/06\/gira-tecnologica-03-1_optimized-1-300x223.jpg 300w, https:\/\/radiorevelacionfm.cl\/wp-content\/uploads\/2023\/06\/gira-tecnologica-03-1_optimized-1-768x572.jpg 768w, https:\/\/radiorevelacionfm.cl\/wp-content\/uploads\/2023\/06\/gira-tecnologica-03-1_optimized-1-705x525.jpg 705w, https:\/\/radiorevelacionfm.cl\/wp-content\/uploads\/2023\/06\/gira-tecnologica-03-1_optimized-1-450x335.jpg 450w, https:\/\/radiorevelacionfm.cl\/wp-content\/uploads\/2023\/06\/gira-tecnologica-03-1_optimized-1-600x447.jpg 600w\" sizes=\"(max-width: 806px) 100vw, 806px\" \/><\/div><\/div><\/div><\/div><div class=\"flex_column av_one_full  flex_column_div av-zero-column-padding first  avia-builder-el-2  el_after_av_one_full  el_before_av_one_full  column-top-margin\" style='border-radius:0px; '><section class=\"av_textblock_section \"  itemscope=\"itemscope\" itemtype=\"https:\/\/schema.org\/BlogPosting\" itemprop=\"blogPost\" ><div class='avia_textblock  '   itemprop=\"text\" ><p style=\"text-align: center;\"><strong><span style=\"font-size: 18pt;\">Realizan gira tecnol\u00f3gica con recolectoras de productos forestales no madereros de la Regi\u00f3n Ays\u00e9n<\/span><\/strong><\/p>\n<div id=\"gtx-trans\" style=\"position: absolute; left: -50px; top: 4.31534px;\">\n<div class=\"gtx-trans-icon\"><\/div>\n<\/div>\n<\/div><\/section><\/div><div class=\"flex_column av_one_full  flex_column_div av-zero-column-padding first  avia-builder-el-4  el_after_av_one_full  el_before_av_hr  column-top-margin\" style='border-radius:0px; '><section class=\"av_textblock_section \"  itemscope=\"itemscope\" itemtype=\"https:\/\/schema.org\/BlogPosting\" itemprop=\"blogPost\" ><div class='avia_textblock  '   itemprop=\"text\" ><p style=\"text-align: justify;\">Una exitosa gira tecnol\u00f3gica de capacitaci\u00f3n y transferencia t\u00e9cnica llev\u00f3 a cabo el Instituto Forestal (INFOR), sede Patagonia, con 14 recolectoras y recolectores de Productos Forestales No Madereros (PFNM) de toda la regi\u00f3n de Ays\u00e9n, quienes visitaron experiencias en las regiones de La Araucan\u00eda y Los R\u00edos.<\/p>\n<p style=\"text-align: justify;\">La iniciativa, financiada a trav\u00e9s del Programa FNDR \u00abTransferencia para el Desarrollo Productivo en Base a Productos Forestales No Madereros (PFNM)\u00bb por el Gobierno Regional y su Consejo, ha brindado a los recolectores la oportunidad de mejorar sus pr\u00e1cticas de recolecci\u00f3n, comercializaci\u00f3n y producci\u00f3n, promoviendo as\u00ed la recolecci\u00f3n sustentable en sus territorios.<\/p>\n<p style=\"text-align: justify;\">\u201cEl prop\u00f3sito de esta gira es mejorar las pr\u00e1cticas de recolecci\u00f3n, comercializaci\u00f3n y producci\u00f3n, a trav\u00e9s del intercambio de conocimientos y herramientas necesarios para optimizar su labor, fomentando as\u00ed el desarrollo sostenible de esta actividad econ\u00f3mica en la regi\u00f3n, que est\u00e1 en sinton\u00eda con los lineamientos de nuestro ministerio con el fortalecimiento de la agricultura familiar y la promoci\u00f3n de pr\u00e1cticas sustentables en el sector silvoagropecuario\u201d, sintetiz\u00f3 el Seremi de Agricultura, Alan Espinoza Ortiz.<\/p>\n<p style=\"text-align: justify;\">Durante la gira, las y los beneficiarios del programa tuvieron la oportunidad de visitar diferentes localidades y compartir experiencias con recolectoras destacadas de otras regiones. Es as\u00ed como en la regi\u00f3n de La Araucan\u00eda conocieron Ruka Liwen, un emprendimiento de Etnoturismo y Del Campo a la Cocina, experiencia a trav\u00e9s de un recorrido por el bosque nativo de la localidad de Caburgua, identificando especies de flora y distintos tipos de hongos, todo lo recolectado en el bosque sirvi\u00f3 para cocinar el almuerzo, una \u201cexperiencia\u201d que las recolectoras de Ays\u00e9n pueden replicar en sus localidades. Los hongos obtenidos del bosque fueron el changle, el pique y el ostra, y tambi\u00e9n p\u00e9talos ca\u00eddos en el bosque de las flores de copihue.<\/p>\n<p style=\"text-align: justify;\">Andrea Salas Mesa, recolectora de Ma\u00f1ihuales, expres\u00f3 su satisfacci\u00f3n con la experiencia. \u00abMuy enriquecedor todo, nos llevamos mucho conocimiento, m\u00e1s que nada para que podamos mantenernos en el tiempo y poder emprender a\u00fan m\u00e1s, haciendo m\u00e1s cosas de las que ya hacemos, porque fueron experiencias muy bonitas\u00bb.<\/p>\n<p style=\"text-align: justify;\">En la regi\u00f3n de los R\u00edos, los representantes de Ays\u00e9n, visitaron en Valdivia la sede de INFOR, para conocer sobre proyectos de investigaci\u00f3n de hongos comestibles del bosque nativo, que impulsa el organismo dependiente del Ministerio de Agricultura en la zona; conocieron la producci\u00f3n de hongos en el bosque y la sala de cultivo de hongos ostra de la recolectora Rosario Catrip\u00e1n, en Panguipulli; la experiencia de recolecci\u00f3n en la reserva natural Pilunkura y Latue de cocina; as\u00ed como el emprendimiento familiar femenino de Maqueo Sabores \u00c9tnicos, donde pudieron conocer una perspectiva diferente de comercializaci\u00f3n en torno a la recolecci\u00f3n del Maqui.<\/p>\n<p style=\"text-align: justify;\">Teresa Hern\u00e1ndez Aravena, recolectora de Villa O&#8217;Higgins, resalt\u00f3 la oportunidad de aprendizaje y el impacto en su trabajo. \u00abParticipar en esta gira me pareci\u00f3 una tremenda oportunidad, una experiencia desde todos los puntos de vista muy potente tanto en lo que uno aprende como en lo que uno comparte. Aprend\u00ed lo de producir experiencias, no es solo un producto, si no tambi\u00e9n lo que lo rodea y eso me inspira much\u00edsimo a cambiar algunas formas de mi trabajo para mejorarlas\u00bb.<\/p>\n<p style=\"text-align: justify;\">En tanto, Carolina Llancapani Urrieta, recolectora de Cisnes, destac\u00f3 la motivaci\u00f3n que obtuvo para innovar en su labor. \u00abLa gira fue algo espectacular para m\u00ed, sobre todo porque nos motiv\u00f3 a hacer cosas nuevas y diferentes dentro de nuestra localidad. Como recolectora y elaboradora de productos, me siento feliz porque es un agrado que el INFOR haya entregado esta gira para nosotras\u00bb.<\/p>\n<p style=\"text-align: justify;\">Por su parte, Rosa Soto Mu\u00f1oz, recolectora de Lago Verde, enfatiz\u00f3 la importancia de compartir el conocimiento adquirido. \u00abHe podido recopilar mucho conocimiento de otras personas y espero poder transmitir toda la informaci\u00f3n a mis compa\u00f1eras de grupo all\u00e1 en Lago Verde y ponerla en pr\u00e1ctica\u00bb.<\/p>\n<p style=\"text-align: justify;\">La gobernadora regional de Ays\u00e9n, Andrea Mac\u00edas, igualmente valor\u00f3 la realizaci\u00f3n de la gira tecnol\u00f3gica enfatizando en que \u00abeste programa est\u00e1 en la l\u00ednea de uno de los ejes de nuestra gesti\u00f3n a cargo del Gobierno Regional de Ays\u00e9n, que es ir en apoyo de nuestras mujeres rurales, que para nosotros son un grupo prioritario de desarrollar y fortalecer. En esa l\u00ednea resulta fundamental conocer experiencias exitosas en otras regiones, para de esta manera atraer innovaci\u00f3n y conocimiento en el rubro forestal no maderero y mejorar la competitividad de las recolectoras de nuestro territorio\u00bb.<\/p>\n<p style=\"text-align: justify;\">Finalmente, Jaime Salinas, gerente de INFOR Patagonia, remarc\u00f3 la importancia de estas iniciativas para el Instituto Forestal. \u00abEste tipo de iniciativas son muy importantes para INFOR, ya que permiten que recolectoras de diferentes territorios de la regi\u00f3n puedan mejorar sus pr\u00e1cticas de recolecci\u00f3n, comercializaci\u00f3n y producci\u00f3n. Agradecemos al Gobierno Regional y su Consejo por el financiamiento de un programa que ha permitido realizar una serie de actividades de capacitaci\u00f3n y transferencia t\u00e9cnica, mejorando as\u00ed los procesos de recolecci\u00f3n sustentable de productos forestales no madereros\u00bb.<\/p>\n<\/div><\/section><\/div><div  style='height:50px' class='hr hr-invisible   avia-builder-el-6  el_after_av_one_full  el_before_av_social_share '><span class='hr-inner ' ><span class='hr-inner-style'><\/span><\/span><\/div><\/p>\n<div  class='av-social-sharing-box  avia-builder-el-7  el_after_av_hr  el_before_av_hr  '><div class='av-share-box'><h5 class='av-share-link-description av-no-toc '>Compartir esta noticia<\/h5><ul class='av-share-box-list noLightbox'><li class='av-share-link av-social-link-facebook' ><a target=\"_blank\" aria-label=\"Compartir en Facebook\" href='https:\/\/www.facebook.com\/sharer.php?u=https:\/\/radiorevelacionfm.cl\/?p=31637&#038;t=Realizan%20gira%20tecnol%C3%B3gica%20con%20recolectoras%20de%20productos%20forestales%20no%20madereros%20de%20la%20Regi%C3%B3n%20Ays%C3%A9n' aria-hidden='false' data-av_icon='\ue8f3' data-av_iconfont='entypo-fontello' title='' data-avia-related-tooltip='Compartir en Facebook' rel=\"noopener\"><span class='avia_hidden_link_text'>Compartir en Facebook<\/span><\/a><\/li><li class='av-share-link av-social-link-twitter' ><a target=\"_blank\" aria-label=\"Compartir en Twitter\" href='https:\/\/twitter.com\/share?text=Realizan%20gira%20tecnol%C3%B3gica%20con%20recolectoras%20de%20productos%20forestales%20no%20madereros%20de%20la%20Regi%C3%B3n%20Ays%C3%A9n&#038;url=https:\/\/radiorevelacionfm.cl\/?p=31637' aria-hidden='false' data-av_icon='\ue8f1' data-av_iconfont='entypo-fontello' title='' data-avia-related-tooltip='Compartir en Twitter' rel=\"noopener\"><span class='avia_hidden_link_text'>Compartir en Twitter<\/span><\/a><\/li><li class='av-share-link av-social-link-whatsapp' ><a target=\"_blank\" aria-label=\"Compartir en Whatsapp\" href='https:\/\/api.whatsapp.com\/send?text=https:\/\/radiorevelacionfm.cl\/?p=31637' aria-hidden='false' data-av_icon='\uf232' data-av_iconfont='entypo-fontello' title='' data-avia-related-tooltip='Compartir en Whatsapp' rel=\"noopener\"><span class='avia_hidden_link_text'>Compartir en Whatsapp<\/span><\/a><\/li><li class='av-share-link av-social-link-linkedin' ><a target=\"_blank\" aria-label=\"Compartir en LinkedIn\" href='https:\/\/linkedin.com\/shareArticle?mini=true&#038;title=Realizan%20gira%20tecnol%C3%B3gica%20con%20recolectoras%20de%20productos%20forestales%20no%20madereros%20de%20la%20Regi%C3%B3n%20Ays%C3%A9n&#038;url=https:\/\/radiorevelacionfm.cl\/?p=31637' aria-hidden='false' data-av_icon='\ue8fc' data-av_iconfont='entypo-fontello' title='' data-avia-related-tooltip='Compartir en LinkedIn' rel=\"noopener\"><span class='avia_hidden_link_text'>Compartir en LinkedIn<\/span><\/a><\/li><li class='av-share-link av-social-link-mail' ><a  aria-label=\"Compartir por correo\" href='mailto:?subject=Realizan%20gira%20tecnol%C3%B3gica%20con%20recolectoras%20de%20productos%20forestales%20no%20madereros%20de%20la%20Regi%C3%B3n%20Ays%C3%A9n&#038;body=https:\/\/radiorevelacionfm.cl\/?p=31637' aria-hidden='false' data-av_icon='\ue805' data-av_iconfont='entypo-fontello' title='' data-avia-related-tooltip='Compartir por correo'><span class='avia_hidden_link_text'>Compartir por correo<\/span><\/a><\/li><\/ul><\/div><\/div>\n<div  style='height:50px' class='hr hr-invisible   avia-builder-el-8  el_after_av_social_share  el_before_av_comments_list '><span class='hr-inner ' ><span class='hr-inner-style'><\/span><\/span><\/div>\n<div  class='av-buildercomment  av-blog-meta-html-info-disabled av-blog-meta-tag-disabled  '><\/div>\n","protected":false},"excerpt":{"rendered":"","protected":false},"author":1,"featured_media":31638,"comment_status":"open","ping_status":"open","sticky":false,"template":"","format":"standard","meta":{"footnotes":""},"categories":[58],"tags":[],"class_list":["post-31637","post","type-post","status-publish","format-standard","has-post-thumbnail","hentry","category-agricultura"],"jetpack_featured_media_url":"https:\/\/radiorevelacionfm.cl\/wp-content\/uploads\/2023\/06\/gira-tecnologica-03-1_optimized-1.jpg","_links":{"self":[{"href":"https:\/\/radiorevelacionfm.cl\/index.php?rest_route=\/wp\/v2\/posts\/31637","targetHints":{"allow":["GET"]}}],"collection":[{"href":"https:\/\/radiorevelacionfm.cl\/index.php?rest_route=\/wp\/v2\/posts"}],"about":[{"href":"https:\/\/radiorevelacionfm.cl\/index.php?rest_route=\/wp\/v2\/types\/post"}],"author":[{"embeddable":true,"href":"https:\/\/radiorevelacionfm.cl\/index.php?rest_route=\/wp\/v2\/users\/1"}],"replies":[{"embeddable":true,"href":"https:\/\/radiorevelacionfm.cl\/index.php?rest_route=%2Fwp%2Fv2%2Fcomments&post=31637"}],"version-history":[{"count":1,"href":"https:\/\/radiorevelacionfm.cl\/index.php?rest_route=\/wp\/v2\/posts\/31637\/revisions"}],"predecessor-version":[{"id":31639,"href":"https:\/\/radiorevelacionfm.cl\/index.php?rest_route=\/wp\/v2\/posts\/31637\/revisions\/31639"}],"wp:featuredmedia":[{"embeddable":true,"href":"https:\/\/radiorevelacionfm.cl\/index.php?rest_route=\/wp\/v2\/media\/31638"}],"wp:attachment":[{"href":"https:\/\/radiorevelacionfm.cl\/index.php?rest_route=%2Fwp%2Fv2%2Fmedia&parent=31637"}],"wp:term":[{"taxonomy":"category","embeddable":true,"href":"https:\/\/radiorevelacionfm.cl\/index.php?rest_route=%2Fwp%2Fv2%2Fcategories&post=31637"},{"taxonomy":"post_tag","embeddable":true,"href":"https:\/\/radiorevelacionfm.cl\/index.php?rest_route=%2Fwp%2Fv2%2Ftags&post=31637"}],"curies":[{"name":"wp","href":"https:\/\/api.w.org\/{rel}","templated":true}]}}