{"id":31630,"date":"2023-06-02T19:58:25","date_gmt":"2023-06-02T22:58:25","guid":{"rendered":"https:\/\/radiorevelacionfm.cl\/?p=31630"},"modified":"2023-06-02T19:58:25","modified_gmt":"2023-06-02T22:58:25","slug":"labocar-34-anos-de-ciencia-aplicada-a-la-investigacion-criminal","status":"publish","type":"post","link":"https:\/\/radiorevelacionfm.cl\/?p=31630","title":{"rendered":"Labocar: 34 a\u00f1os de ciencia aplicada a la investigaci\u00f3n criminal"},"content":{"rendered":"<div class=\"flex_column av_one_full  flex_column_div av-zero-column-padding first  avia-builder-el-0  el_before_av_one_full  avia-builder-el-first  \" style='border-radius:0px; '><div  class='avia-image-container  av-styling-    avia-builder-el-1  avia-builder-el-no-sibling  avia-align-center '  itemprop=\"image\" itemscope=\"itemscope\" itemtype=\"https:\/\/schema.org\/ImageObject\"  ><div class='avia-image-container-inner'><div class='avia-image-overlay-wrap'><img decoding=\"async\" class='wp-image-31631 avia-img-lazy-loading-not-31631 avia_image' src=\"https:\/\/radiorevelacionfm.cl\/wp-content\/uploads\/2023\/06\/e1a39b79-f911-466c-9d74-6b6ba241ef29-1_optimized-1_optimized-1_optimized-1.jpg\" alt='' title='e1a39b79-f911-466c-9d74-6b6ba241ef29-(1)_optimized-(1)_optimized-(1)_optimized (1)' height=\"600\" width=\"1275\"  itemprop=\"thumbnailUrl\" srcset=\"https:\/\/radiorevelacionfm.cl\/wp-content\/uploads\/2023\/06\/e1a39b79-f911-466c-9d74-6b6ba241ef29-1_optimized-1_optimized-1_optimized-1.jpg 1275w, https:\/\/radiorevelacionfm.cl\/wp-content\/uploads\/2023\/06\/e1a39b79-f911-466c-9d74-6b6ba241ef29-1_optimized-1_optimized-1_optimized-1-300x141.jpg 300w, https:\/\/radiorevelacionfm.cl\/wp-content\/uploads\/2023\/06\/e1a39b79-f911-466c-9d74-6b6ba241ef29-1_optimized-1_optimized-1_optimized-1-1030x485.jpg 1030w, https:\/\/radiorevelacionfm.cl\/wp-content\/uploads\/2023\/06\/e1a39b79-f911-466c-9d74-6b6ba241ef29-1_optimized-1_optimized-1_optimized-1-768x361.jpg 768w, https:\/\/radiorevelacionfm.cl\/wp-content\/uploads\/2023\/06\/e1a39b79-f911-466c-9d74-6b6ba241ef29-1_optimized-1_optimized-1_optimized-1-705x332.jpg 705w, https:\/\/radiorevelacionfm.cl\/wp-content\/uploads\/2023\/06\/e1a39b79-f911-466c-9d74-6b6ba241ef29-1_optimized-1_optimized-1_optimized-1-450x212.jpg 450w, https:\/\/radiorevelacionfm.cl\/wp-content\/uploads\/2023\/06\/e1a39b79-f911-466c-9d74-6b6ba241ef29-1_optimized-1_optimized-1_optimized-1-600x282.jpg 600w\" sizes=\"(max-width: 1275px) 100vw, 1275px\" \/><\/div><\/div><\/div><\/div><div class=\"flex_column av_one_full  flex_column_div av-zero-column-padding first  avia-builder-el-2  el_after_av_one_full  el_before_av_one_full  column-top-margin\" style='border-radius:0px; '><section class=\"av_textblock_section \"  itemscope=\"itemscope\" itemtype=\"https:\/\/schema.org\/BlogPosting\" itemprop=\"blogPost\" ><div class='avia_textblock  '   itemprop=\"text\" ><p style=\"text-align: center;\"><span style=\"font-size: 18pt;\"><b>Labocar: 34 a\u00f1os de ciencia aplicada a la investigaci\u00f3n criminal<\/b><\/span><\/p>\n<div id=\"gtx-trans\" style=\"position: absolute; left: -50px; top: 4.31534px;\">\n<div class=\"gtx-trans-icon\"><\/div>\n<\/div>\n<\/div><\/section><\/div><div class=\"flex_column av_one_full  flex_column_div av-zero-column-padding first  avia-builder-el-4  el_after_av_one_full  el_before_av_hr  column-top-margin\" style='border-radius:0px; '><section class=\"av_textblock_section \"  itemscope=\"itemscope\" itemtype=\"https:\/\/schema.org\/BlogPosting\" itemprop=\"blogPost\" ><div class='avia_textblock  '   itemprop=\"text\" ><p class=\"v1MsoNormal\" style=\"text-align: justify;\">La especialidad est\u00e1 abocada al trabajo del sitio del suceso, fijaci\u00f3n, levantamiento y an\u00e1lisis de evidencias, sumado a la evacuaci\u00f3n de informes t\u00e9cnicos, que permitan satisfacer los requerimientos de la Fiscal\u00eda, los Tribunales de Justicia y de la propia Instituci\u00f3n.<\/p>\n<p class=\"v1MsoNormal\" style=\"text-align: justify;\">Porque la prevenci\u00f3n no se puede realizar sin investigaci\u00f3n, hace 34 a\u00f1os, un 2 de junio de 1989, la Instituci\u00f3n conform\u00f3 un selecto grupo de cient\u00edficos y peritos, dando vida al Laboratorio de Criminal\u00edstica de Carabineros (Labocar).<\/p>\n<p class=\"v1MsoNormal\" style=\"text-align: justify;\">Con un rol eminentemente preventivo, la complejidad de los acontecimientos o delitos, sumado al levantamiento de evidencias y an\u00e1lisis de estas como medios probatorios, llev\u00f3 a la Instituci\u00f3n a conformar esta especialidad.<\/p>\n<p class=\"v1MsoNormal\" style=\"text-align: justify;\">El trabajo de la Secci\u00f3n Criminal\u00edstica -se desarrolla siguiendo las orientaciones de la Fiscal\u00eda- est\u00e1 circunscrito al sitio del suceso, el cual tras su aislamiento es indagado mediante el uso de tecnolog\u00eda y t\u00e9cnicas de investigaci\u00f3n, desde el cual se realiza el levantamiento de evidencia de inter\u00e9s investigativo que va desde lo general a lo particular y desde lo particular al detalle, para su posterior an\u00e1lisis de laboratorio y evacuaci\u00f3n de informes t\u00e9cnicos, que permitan satisfacer los requerimientos de la Fiscal\u00eda, los Tribunales de Justicia y de la propia Instituci\u00f3n.<\/p>\n<p class=\"v1MsoNormal\" style=\"text-align: justify;\">Se trata de un procedimiento metodol\u00f3gico y ciencia aplicada a la investigaci\u00f3n criminal, entre las que destacan pericias huellogr\u00e1ficas, gen\u00e9ticas, mec\u00e1nicas, qu\u00edmica, bal\u00edstica, entre otras, que permitan contribuir al esclarecimiento de un hecho constitutivo de delito.<\/p>\n<p class=\"v1MsoNormal\" style=\"text-align: justify;\"><b>Reconocimiento<\/b><\/p>\n<p class=\"v1MsoNormal\" style=\"text-align: justify;\">Hoy, el prestigio y reconocimiento del trabajo que realiza Labocar ha trascendido nuestras fronteras al formar parte de la Academia Iberoamericana de Criminal\u00edstica y Estudios Forenses y el Programa de Cooperaciones Internacional del Gobierno de Chile para Polic\u00edas Uniformadas Extranjeras, permitiendo capacitar a polic\u00edas de diversos pa\u00edses en materia de investigaci\u00f3n criminal.<\/p>\n<p class=\"v1MsoNormal\" style=\"text-align: justify;\">Inicialmente el Labocar contaba con tres profesionales m\u00e9dicos y un qu\u00edmico, en la actualidad en cambio, posee cient\u00edficos de las m\u00e1s diversas \u00e1reas del conocimiento, sumado a carabineros con una vasta experiencia en este campo.<\/p>\n<p class=\"v1MsoNormal\" style=\"text-align: justify;\">En la regi\u00f3n de Ays\u00e9n, el Labocar fue conformado el 26 de febrero de 2003, el cual posee las especialidades de bal\u00edstica, documentolog\u00eda, armero artificiero, huellas, planimetr\u00eda forense, sitio del suceso, im\u00e1genes e inform\u00e1tica.<\/p>\n<p style=\"text-align: justify;\">Durante el a\u00f1o 2022 la Secci\u00f3n Criminal\u00edstica de Carabineros Ays\u00e9n realiz\u00f3 369 informes, 185 intervenciones de equipo pericial, 51 identificaciones forense mediante huellas y 23 estudios de bal\u00edstica forense, contribuyendo al esclarecimiento de los delitos y apoyando los servicios operativos para seguir haciendo de Ays\u00e9n una de las regiones m\u00e1s seguras del pa\u00eds.<\/p>\n<\/div><\/section><\/div><div  style='height:50px' class='hr hr-invisible   avia-builder-el-6  el_after_av_one_full  el_before_av_social_share '><span class='hr-inner ' ><span class='hr-inner-style'><\/span><\/span><\/div><\/p>\n<div  class='av-social-sharing-box  avia-builder-el-7  el_after_av_hr  el_before_av_hr  '><div class='av-share-box'><h5 class='av-share-link-description av-no-toc '>Compartir esta noticia<\/h5><ul class='av-share-box-list noLightbox'><li class='av-share-link av-social-link-facebook' ><a target=\"_blank\" aria-label=\"Compartir en Facebook\" href='https:\/\/www.facebook.com\/sharer.php?u=https:\/\/radiorevelacionfm.cl\/?p=31630&#038;t=Labocar%3A%2034%20a%C3%B1os%20de%20ciencia%20aplicada%20a%20la%20investigaci%C3%B3n%20criminal' aria-hidden='false' data-av_icon='\ue8f3' data-av_iconfont='entypo-fontello' title='' data-avia-related-tooltip='Compartir en Facebook' rel=\"noopener\"><span class='avia_hidden_link_text'>Compartir en Facebook<\/span><\/a><\/li><li class='av-share-link av-social-link-twitter' ><a target=\"_blank\" aria-label=\"Compartir en Twitter\" href='https:\/\/twitter.com\/share?text=Labocar%3A%2034%20a%C3%B1os%20de%20ciencia%20aplicada%20a%20la%20investigaci%C3%B3n%20criminal&#038;url=https:\/\/radiorevelacionfm.cl\/?p=31630' aria-hidden='false' data-av_icon='\ue8f1' data-av_iconfont='entypo-fontello' title='' data-avia-related-tooltip='Compartir en Twitter' rel=\"noopener\"><span class='avia_hidden_link_text'>Compartir en Twitter<\/span><\/a><\/li><li class='av-share-link av-social-link-whatsapp' ><a target=\"_blank\" aria-label=\"Compartir en Whatsapp\" href='https:\/\/api.whatsapp.com\/send?text=https:\/\/radiorevelacionfm.cl\/?p=31630' aria-hidden='false' data-av_icon='\uf232' data-av_iconfont='entypo-fontello' title='' data-avia-related-tooltip='Compartir en Whatsapp' rel=\"noopener\"><span class='avia_hidden_link_text'>Compartir en Whatsapp<\/span><\/a><\/li><li class='av-share-link av-social-link-linkedin' ><a target=\"_blank\" aria-label=\"Compartir en LinkedIn\" href='https:\/\/linkedin.com\/shareArticle?mini=true&#038;title=Labocar%3A%2034%20a%C3%B1os%20de%20ciencia%20aplicada%20a%20la%20investigaci%C3%B3n%20criminal&#038;url=https:\/\/radiorevelacionfm.cl\/?p=31630' aria-hidden='false' data-av_icon='\ue8fc' data-av_iconfont='entypo-fontello' title='' data-avia-related-tooltip='Compartir en LinkedIn' rel=\"noopener\"><span class='avia_hidden_link_text'>Compartir en LinkedIn<\/span><\/a><\/li><li class='av-share-link av-social-link-mail' ><a  aria-label=\"Compartir por correo\" href='mailto:?subject=Labocar%3A%2034%20a%C3%B1os%20de%20ciencia%20aplicada%20a%20la%20investigaci%C3%B3n%20criminal&#038;body=https:\/\/radiorevelacionfm.cl\/?p=31630' aria-hidden='false' data-av_icon='\ue805' data-av_iconfont='entypo-fontello' title='' data-avia-related-tooltip='Compartir por correo'><span class='avia_hidden_link_text'>Compartir por correo<\/span><\/a><\/li><\/ul><\/div><\/div>\n<div  style='height:50px' class='hr hr-invisible   avia-builder-el-8  el_after_av_social_share  el_before_av_comments_list '><span class='hr-inner ' ><span class='hr-inner-style'><\/span><\/span><\/div>\n<div  class='av-buildercomment  av-blog-meta-html-info-disabled av-blog-meta-tag-disabled  '><\/div>\n","protected":false},"excerpt":{"rendered":"","protected":false},"author":1,"featured_media":31631,"comment_status":"open","ping_status":"open","sticky":false,"template":"","format":"standard","meta":{"footnotes":""},"categories":[36],"tags":[],"class_list":["post-31630","post","type-post","status-publish","format-standard","has-post-thumbnail","hentry","category-policial"],"jetpack_featured_media_url":"https:\/\/radiorevelacionfm.cl\/wp-content\/uploads\/2023\/06\/e1a39b79-f911-466c-9d74-6b6ba241ef29-1_optimized-1_optimized-1_optimized-1.jpg","_links":{"self":[{"href":"https:\/\/radiorevelacionfm.cl\/index.php?rest_route=\/wp\/v2\/posts\/31630","targetHints":{"allow":["GET"]}}],"collection":[{"href":"https:\/\/radiorevelacionfm.cl\/index.php?rest_route=\/wp\/v2\/posts"}],"about":[{"href":"https:\/\/radiorevelacionfm.cl\/index.php?rest_route=\/wp\/v2\/types\/post"}],"author":[{"embeddable":true,"href":"https:\/\/radiorevelacionfm.cl\/index.php?rest_route=\/wp\/v2\/users\/1"}],"replies":[{"embeddable":true,"href":"https:\/\/radiorevelacionfm.cl\/index.php?rest_route=%2Fwp%2Fv2%2Fcomments&post=31630"}],"version-history":[{"count":1,"href":"https:\/\/radiorevelacionfm.cl\/index.php?rest_route=\/wp\/v2\/posts\/31630\/revisions"}],"predecessor-version":[{"id":31632,"href":"https:\/\/radiorevelacionfm.cl\/index.php?rest_route=\/wp\/v2\/posts\/31630\/revisions\/31632"}],"wp:featuredmedia":[{"embeddable":true,"href":"https:\/\/radiorevelacionfm.cl\/index.php?rest_route=\/wp\/v2\/media\/31631"}],"wp:attachment":[{"href":"https:\/\/radiorevelacionfm.cl\/index.php?rest_route=%2Fwp%2Fv2%2Fmedia&parent=31630"}],"wp:term":[{"taxonomy":"category","embeddable":true,"href":"https:\/\/radiorevelacionfm.cl\/index.php?rest_route=%2Fwp%2Fv2%2Fcategories&post=31630"},{"taxonomy":"post_tag","embeddable":true,"href":"https:\/\/radiorevelacionfm.cl\/index.php?rest_route=%2Fwp%2Fv2%2Ftags&post=31630"}],"curies":[{"name":"wp","href":"https:\/\/api.w.org\/{rel}","templated":true}]}}