{"id":31627,"date":"2023-06-02T21:43:55","date_gmt":"2023-06-03T00:43:55","guid":{"rendered":"https:\/\/radiorevelacionfm.cl\/?p=31627"},"modified":"2023-06-02T21:43:55","modified_gmt":"2023-06-03T00:43:55","slug":"pacientes-de-rio-ibanez-son-atendidos-por-especialistas-en-neurologia-y-geriatria","status":"publish","type":"post","link":"https:\/\/radiorevelacionfm.cl\/?p=31627","title":{"rendered":"Pacientes de R\u00edo Ib\u00e1\u00f1ez son atendidos por especialistas en neurolog\u00eda y geriatr\u00eda"},"content":{"rendered":"<div class=\"flex_column av_one_full  flex_column_div av-zero-column-padding first  avia-builder-el-0  el_before_av_one_full  avia-builder-el-first  \" style='border-radius:0px; '><div  class='avia-image-container  av-styling-    avia-builder-el-1  avia-builder-el-no-sibling  avia-align-center '  itemprop=\"image\" itemscope=\"itemscope\" itemtype=\"https:\/\/schema.org\/ImageObject\"  ><div class='avia-image-container-inner'><div class='avia-image-overlay-wrap'><img decoding=\"async\" class='wp-image-31628 avia-img-lazy-loading-not-31628 avia_image' src=\"https:\/\/radiorevelacionfm.cl\/wp-content\/uploads\/2023\/06\/Hospital-en-Terreno_Ibanez-3-1-1.jpeg\" alt='' title='Hospital en Terreno_Iba\u00f1ez (3) (1) (1)' height=\"600\" width=\"800\"  itemprop=\"thumbnailUrl\" srcset=\"https:\/\/radiorevelacionfm.cl\/wp-content\/uploads\/2023\/06\/Hospital-en-Terreno_Ibanez-3-1-1.jpeg 800w, https:\/\/radiorevelacionfm.cl\/wp-content\/uploads\/2023\/06\/Hospital-en-Terreno_Ibanez-3-1-1-300x225.jpeg 300w, https:\/\/radiorevelacionfm.cl\/wp-content\/uploads\/2023\/06\/Hospital-en-Terreno_Ibanez-3-1-1-768x576.jpeg 768w, https:\/\/radiorevelacionfm.cl\/wp-content\/uploads\/2023\/06\/Hospital-en-Terreno_Ibanez-3-1-1-705x529.jpeg 705w, https:\/\/radiorevelacionfm.cl\/wp-content\/uploads\/2023\/06\/Hospital-en-Terreno_Ibanez-3-1-1-450x338.jpeg 450w, https:\/\/radiorevelacionfm.cl\/wp-content\/uploads\/2023\/06\/Hospital-en-Terreno_Ibanez-3-1-1-600x450.jpeg 600w\" sizes=\"(max-width: 800px) 100vw, 800px\" \/><\/div><\/div><\/div><\/div><div class=\"flex_column av_one_full  flex_column_div av-zero-column-padding first  avia-builder-el-2  el_after_av_one_full  el_before_av_one_full  column-top-margin\" style='border-radius:0px; '><section class=\"av_textblock_section \"  itemscope=\"itemscope\" itemtype=\"https:\/\/schema.org\/BlogPosting\" itemprop=\"blogPost\" ><div class='avia_textblock  '   itemprop=\"text\" ><p style=\"text-align: center;\"><strong><span style=\"font-size: 18pt;\">Pacientes de R\u00edo Ib\u00e1\u00f1ez son atendidos por especialistas en neurolog\u00eda y geriatr\u00eda<\/span><\/strong><\/p>\n<div id=\"gtx-trans\" style=\"position: absolute; left: -50px; top: 4.31534px;\">\n<div class=\"gtx-trans-icon\"><\/div>\n<\/div>\n<\/div><\/section><\/div><div class=\"flex_column av_one_full  flex_column_div av-zero-column-padding first  avia-builder-el-4  el_after_av_one_full  el_before_av_hr  column-top-margin\" style='border-radius:0px; '><section class=\"av_textblock_section \"  itemscope=\"itemscope\" itemtype=\"https:\/\/schema.org\/BlogPosting\" itemprop=\"blogPost\" ><div class='avia_textblock  '   itemprop=\"text\" ><p style=\"text-align: justify;\"><em>Esta actividad se enmarca en la estrategia de acercamiento al territorio del Hospital Regional Coyhaique, que busca descentralizar las prestaciones del \u00fanico hospital de alta complejidad de la regi\u00f3n de Ays\u00e9n.<\/em><\/p>\n<p style=\"text-align: justify;\">Un total de 20 pacientes atendidos por especialistas en geriatr\u00eda y neurolog\u00eda, 2 visitas domiciliarias, una charla sobre piso p\u00e9lvico y asesor\u00edas sobre agendamiento de horas m\u00e9dicas e Interconsultas, fueron las actividades realizadas por el equipo del Hospital Regional Coyhaique en la comuna de R\u00edo Ib\u00e1\u00f1ez, en el marco de la iniciativa denominada \u201cHospital en terreno\u201d.<\/p>\n<p style=\"text-align: justify;\">Esta iniciativa nace desde el Departamento de Desarrollo Hospitalario del HRC, mediante un plan piloto centrado en una participaci\u00f3n ciudadana efectiva, donde el equipo del Hospital Regional Coyhaique junto a Salud Rural y al Municipio de Ib\u00e1\u00f1ez, se reunieron con la comunidad para hacer un levantamiento de las necesidades en materia de salud que tiene la comuna con el mayor \u00edndice de adultos mayores de la regi\u00f3n de Ays\u00e9n.<\/p>\n<p style=\"text-align: justify;\">\u201cEsta idea de visitar otras localidades surge de una detecci\u00f3n de necesidades donde tras conversar con nuestro Consejo de Desarrollo Hospitalario, es decir, los representantes de nuestros usuarios, nos dimos cuenta que no abarcamos toda la regi\u00f3n, y quisimos salir a preguntar. Partimos con Ib\u00e1\u00f1ez, donde tras una reuni\u00f3n surgi\u00f3 la necesidad de llevar especialistas\u201d, sostuvo Gabriela Olivares, jefa de Desarrollo Hospitalario del HRC.<\/p>\n<p style=\"text-align: justify;\">En ese sentido, uno de los actores clave para la realizaci\u00f3n de esta actividad fue el Municipio de Ib\u00e1\u00f1ez, tanto en la etapa de detecci\u00f3n de necesidades como en la coordinaci\u00f3n previa para concretar la visita de especialistas que sean atingentes a la realidad comunal.<\/p>\n<p style=\"text-align: justify;\">\u201cComo comuna es s\u00faper importante la vinculaci\u00f3n que debemos tener con las instituciones que prestan servicios a nuestra comunidad. Una de ellas es el Hospital Regional Coyhaique, que a trav\u00e9s de una coordinaci\u00f3n que hemos hecho en conjunto con Salud Rural y el Municipio, se ha podido traer a especialistas y charlas espec\u00edficas para los vecinos de Ib\u00e1\u00f1ez. Es una iniciativa que se est\u00e1 probando, y esperamos que pueda ser replicada en otras localidades y comunas de la regi\u00f3n, porque es muy importante acercar la salud a los vecinos que vivimos en sectores rurales\u201d, precis\u00f3 el alcalde de R\u00edo Ib\u00e1\u00f1ez, Marcelo Santana.<\/p>\n<p style=\"text-align: justify;\">Por su parte, Lorena Guerrero, directora de Salud Rural, destac\u00f3 la importancia del trabajo en red entre los distintos dispositivos de salud con el fin de entregar una atenci\u00f3n digna y pertinente a todos los habitantes de la regi\u00f3n de Ays\u00e9n, intentando democratizar la entrega de prestaciones m\u00e9dicas en los distintos puntos del territorio.<\/p>\n<p style=\"text-align: justify;\">\u201cEsto es parte de un trabajo en red que hemos venido realizando desde la direcci\u00f3n de Salud Rural y de Atenci\u00f3n Primaria (APS) con la direcci\u00f3n del Hospital Regional Coyhaique. Este trabajo colaborativo permite un mayor acercamiento desde los especialistas a las localidades rurales, que es una necesidad que siempre manifiestan las personas que habitan en comunidades aisladas. De esta manera, acercamos la salud a la gente y fortalecemos nuestra red\u201d, precis\u00f3 la directora de salud Rural.<\/p>\n<p style=\"text-align: justify;\"><strong>REACCIONES<\/strong><\/p>\n<p style=\"text-align: justify;\">\u201cMe avisaron de la posta y mucho mejor venir para ac\u00e1 que a Coyhaique. Muy buena la doctora, muy conversadora. Muy buena la atenci\u00f3n\u201d, cuenta Julio Jara, uno de los veinte pacientes atendidos por especialista.<\/p>\n<p style=\"text-align: justify;\">Visi\u00f3n similar tiene Rosa Altamirano, quien adem\u00e1s de acompa\u00f1ar a su hermano a control m\u00e9dico, aprovech\u00f3 la ocasi\u00f3n para sacar una hora m\u00e9dica para ella. \u201cVine a acompa\u00f1ar a mi hermano que ten\u00eda hora con geriatra, la atenci\u00f3n muy buena. Yo tuve que viajar a Coyhaique hace unos d\u00edas porque me hicieron una biopsia a ahora aprovech\u00e9 de pedir hora para m\u00ed, que tengo que ir al cirujano\u201d, sostuvo.<\/p>\n<p style=\"text-align: justify;\">Por su parte, Romina V\u00e1squez, TENS encargada de la Posta de Puerto Ib\u00e1\u00f1ez, agreg\u00f3 que \u201cqueremos agradecer en la gesti\u00f3n en conjunto con el Hospital Regional Coyhaique y sus especialistas por el \u00e9xito de este operativo que ha beneficiado mucho a la poblaci\u00f3n de Puerto Ib\u00e1\u00f1ez, donde hay un alto n\u00famero de adultos mayores y adem\u00e1s se pudo acortar la lista de espera, mejorando tanto los controles como los tratamientos de los pacientes. Estamos s\u00faper felices, agradecidos y esperando que estas intervenciones se vuelvan a repetir\u201d.<\/p>\n<\/div><\/section><\/div><div  style='height:50px' class='hr hr-invisible   avia-builder-el-6  el_after_av_one_full  el_before_av_social_share '><span class='hr-inner ' ><span class='hr-inner-style'><\/span><\/span><\/div><\/p>\n<div  class='av-social-sharing-box  avia-builder-el-7  el_after_av_hr  el_before_av_hr  '><div class='av-share-box'><h5 class='av-share-link-description av-no-toc '>Compartir esta noticia<\/h5><ul class='av-share-box-list noLightbox'><li class='av-share-link av-social-link-facebook' ><a target=\"_blank\" aria-label=\"Compartir en Facebook\" href='https:\/\/www.facebook.com\/sharer.php?u=https:\/\/radiorevelacionfm.cl\/?p=31627&#038;t=Pacientes%20de%20R%C3%ADo%20Ib%C3%A1%C3%B1ez%20son%20atendidos%20por%20especialistas%20en%20neurolog%C3%ADa%20y%20geriatr%C3%ADa' aria-hidden='false' data-av_icon='\ue8f3' data-av_iconfont='entypo-fontello' title='' data-avia-related-tooltip='Compartir en Facebook' rel=\"noopener\"><span class='avia_hidden_link_text'>Compartir en Facebook<\/span><\/a><\/li><li class='av-share-link av-social-link-twitter' ><a target=\"_blank\" aria-label=\"Compartir en Twitter\" href='https:\/\/twitter.com\/share?text=Pacientes%20de%20R%C3%ADo%20Ib%C3%A1%C3%B1ez%20son%20atendidos%20por%20especialistas%20en%20neurolog%C3%ADa%20y%20geriatr%C3%ADa&#038;url=https:\/\/radiorevelacionfm.cl\/?p=31627' aria-hidden='false' data-av_icon='\ue8f1' data-av_iconfont='entypo-fontello' title='' data-avia-related-tooltip='Compartir en Twitter' rel=\"noopener\"><span class='avia_hidden_link_text'>Compartir en Twitter<\/span><\/a><\/li><li class='av-share-link av-social-link-whatsapp' ><a target=\"_blank\" aria-label=\"Compartir en Whatsapp\" href='https:\/\/api.whatsapp.com\/send?text=https:\/\/radiorevelacionfm.cl\/?p=31627' aria-hidden='false' data-av_icon='\uf232' data-av_iconfont='entypo-fontello' title='' data-avia-related-tooltip='Compartir en Whatsapp' rel=\"noopener\"><span class='avia_hidden_link_text'>Compartir en Whatsapp<\/span><\/a><\/li><li class='av-share-link av-social-link-linkedin' ><a target=\"_blank\" aria-label=\"Compartir en LinkedIn\" href='https:\/\/linkedin.com\/shareArticle?mini=true&#038;title=Pacientes%20de%20R%C3%ADo%20Ib%C3%A1%C3%B1ez%20son%20atendidos%20por%20especialistas%20en%20neurolog%C3%ADa%20y%20geriatr%C3%ADa&#038;url=https:\/\/radiorevelacionfm.cl\/?p=31627' aria-hidden='false' data-av_icon='\ue8fc' data-av_iconfont='entypo-fontello' title='' data-avia-related-tooltip='Compartir en LinkedIn' rel=\"noopener\"><span class='avia_hidden_link_text'>Compartir en LinkedIn<\/span><\/a><\/li><li class='av-share-link av-social-link-mail' ><a  aria-label=\"Compartir por correo\" href='mailto:?subject=Pacientes%20de%20R%C3%ADo%20Ib%C3%A1%C3%B1ez%20son%20atendidos%20por%20especialistas%20en%20neurolog%C3%ADa%20y%20geriatr%C3%ADa&#038;body=https:\/\/radiorevelacionfm.cl\/?p=31627' aria-hidden='false' data-av_icon='\ue805' data-av_iconfont='entypo-fontello' title='' data-avia-related-tooltip='Compartir por correo'><span class='avia_hidden_link_text'>Compartir por correo<\/span><\/a><\/li><\/ul><\/div><\/div>\n<div  style='height:50px' class='hr hr-invisible   avia-builder-el-8  el_after_av_social_share  el_before_av_comments_list '><span class='hr-inner ' ><span class='hr-inner-style'><\/span><\/span><\/div>\n<div  class='av-buildercomment  av-blog-meta-html-info-disabled av-blog-meta-tag-disabled  '><\/div>\n","protected":false},"excerpt":{"rendered":"","protected":false},"author":1,"featured_media":31628,"comment_status":"open","ping_status":"open","sticky":false,"template":"","format":"standard","meta":{"footnotes":""},"categories":[46],"tags":[],"class_list":["post-31627","post","type-post","status-publish","format-standard","has-post-thumbnail","hentry","category-salud"],"jetpack_featured_media_url":"https:\/\/radiorevelacionfm.cl\/wp-content\/uploads\/2023\/06\/Hospital-en-Terreno_Ibanez-3-1-1.jpeg","_links":{"self":[{"href":"https:\/\/radiorevelacionfm.cl\/index.php?rest_route=\/wp\/v2\/posts\/31627","targetHints":{"allow":["GET"]}}],"collection":[{"href":"https:\/\/radiorevelacionfm.cl\/index.php?rest_route=\/wp\/v2\/posts"}],"about":[{"href":"https:\/\/radiorevelacionfm.cl\/index.php?rest_route=\/wp\/v2\/types\/post"}],"author":[{"embeddable":true,"href":"https:\/\/radiorevelacionfm.cl\/index.php?rest_route=\/wp\/v2\/users\/1"}],"replies":[{"embeddable":true,"href":"https:\/\/radiorevelacionfm.cl\/index.php?rest_route=%2Fwp%2Fv2%2Fcomments&post=31627"}],"version-history":[{"count":1,"href":"https:\/\/radiorevelacionfm.cl\/index.php?rest_route=\/wp\/v2\/posts\/31627\/revisions"}],"predecessor-version":[{"id":31629,"href":"https:\/\/radiorevelacionfm.cl\/index.php?rest_route=\/wp\/v2\/posts\/31627\/revisions\/31629"}],"wp:featuredmedia":[{"embeddable":true,"href":"https:\/\/radiorevelacionfm.cl\/index.php?rest_route=\/wp\/v2\/media\/31628"}],"wp:attachment":[{"href":"https:\/\/radiorevelacionfm.cl\/index.php?rest_route=%2Fwp%2Fv2%2Fmedia&parent=31627"}],"wp:term":[{"taxonomy":"category","embeddable":true,"href":"https:\/\/radiorevelacionfm.cl\/index.php?rest_route=%2Fwp%2Fv2%2Fcategories&post=31627"},{"taxonomy":"post_tag","embeddable":true,"href":"https:\/\/radiorevelacionfm.cl\/index.php?rest_route=%2Fwp%2Fv2%2Ftags&post=31627"}],"curies":[{"name":"wp","href":"https:\/\/api.w.org\/{rel}","templated":true}]}}