{"id":31624,"date":"2023-06-02T18:50:41","date_gmt":"2023-06-02T21:50:41","guid":{"rendered":"https:\/\/radiorevelacionfm.cl\/?p=31624"},"modified":"2023-06-02T18:50:41","modified_gmt":"2023-06-02T21:50:41","slug":"complejo-fronterizo-coyhaique-alto-esta-operativo-para-el-transito-de-vehiculos-livianos","status":"publish","type":"post","link":"https:\/\/radiorevelacionfm.cl\/?p=31624","title":{"rendered":"Complejo Fronterizo Coyhaique Alto est\u00e1 operativo para el tr\u00e1nsito de veh\u00edculos livianos"},"content":{"rendered":"<div class=\"flex_column av_one_full  flex_column_div av-zero-column-padding first  avia-builder-el-0  el_before_av_one_full  avia-builder-el-first  \" style='border-radius:0px; '><div  class='avia-image-container  av-styling-    avia-builder-el-1  avia-builder-el-no-sibling  avia-align-center '  itemprop=\"image\" itemscope=\"itemscope\" itemtype=\"https:\/\/schema.org\/ImageObject\"  ><div class='avia-image-container-inner'><div class='avia-image-overlay-wrap'><img decoding=\"async\" class='wp-image-31625 avia-img-lazy-loading-not-31625 avia_image' src=\"https:\/\/radiorevelacionfm.cl\/wp-content\/uploads\/2023\/06\/4c67a031-b885-4aa0-94dc-eed46e7bee4c-1.jpg\" alt='' title='4c67a031-b885-4aa0-94dc-eed46e7bee4c (1)' height=\"580\" width=\"1024\"  itemprop=\"thumbnailUrl\" srcset=\"https:\/\/radiorevelacionfm.cl\/wp-content\/uploads\/2023\/06\/4c67a031-b885-4aa0-94dc-eed46e7bee4c-1.jpg 1024w, https:\/\/radiorevelacionfm.cl\/wp-content\/uploads\/2023\/06\/4c67a031-b885-4aa0-94dc-eed46e7bee4c-1-300x170.jpg 300w, https:\/\/radiorevelacionfm.cl\/wp-content\/uploads\/2023\/06\/4c67a031-b885-4aa0-94dc-eed46e7bee4c-1-768x435.jpg 768w, https:\/\/radiorevelacionfm.cl\/wp-content\/uploads\/2023\/06\/4c67a031-b885-4aa0-94dc-eed46e7bee4c-1-705x399.jpg 705w, https:\/\/radiorevelacionfm.cl\/wp-content\/uploads\/2023\/06\/4c67a031-b885-4aa0-94dc-eed46e7bee4c-1-450x255.jpg 450w, https:\/\/radiorevelacionfm.cl\/wp-content\/uploads\/2023\/06\/4c67a031-b885-4aa0-94dc-eed46e7bee4c-1-600x340.jpg 600w\" sizes=\"(max-width: 1024px) 100vw, 1024px\" \/><\/div><\/div><\/div><\/div><div class=\"flex_column av_one_full  flex_column_div av-zero-column-padding first  avia-builder-el-2  el_after_av_one_full  el_before_av_one_full  column-top-margin\" style='border-radius:0px; '><section class=\"av_textblock_section \"  itemscope=\"itemscope\" itemtype=\"https:\/\/schema.org\/BlogPosting\" itemprop=\"blogPost\" ><div class='avia_textblock  '   itemprop=\"text\" ><p style=\"text-align: center;\"><strong><span style=\"font-size: 18pt;\">Complejo Fronterizo Coyhaique Alto est\u00e1 operativo para el tr\u00e1nsito de veh\u00edculos livianos<\/span><\/strong><\/p>\n<div id=\"gtx-trans\" style=\"position: absolute; left: -50px; top: 4.31534px;\">\n<div class=\"gtx-trans-icon\"><\/div>\n<\/div>\n<\/div><\/section><\/div><div class=\"flex_column av_one_full  flex_column_div av-zero-column-padding first  avia-builder-el-4  el_after_av_one_full  el_before_av_hr  column-top-margin\" style='border-radius:0px; '><section class=\"av_textblock_section \"  itemscope=\"itemscope\" itemtype=\"https:\/\/schema.org\/BlogPosting\" itemprop=\"blogPost\" ><div class='avia_textblock  '   itemprop=\"text\" ><p style=\"text-align: justify;\">Operativo para el tr\u00e1nsito internacional de veh\u00edculos livianos, entre las 08:00 y 20:00 horas, se encuentra desde este jueves 01 de junio el Complejo Fronterizo Coyhaique Alto,\u00a0ubicado en la ruta CH 240, a 45 kil\u00f3metros de Coyhaique, en la Regi\u00f3n de Ays\u00e9n.<\/p>\n<p style=\"text-align: justify;\">El Delegado Presidencial Regional, Rodrigo Araya, encabez\u00f3 la apertura luego del mejoramiento general de las instalaciones, mediante una inversi\u00f3n que super\u00f3 los cien millones de pesos de la Unidad de Pasos Fronterizos del Ministerio del Interior.<\/p>\n<p style=\"text-align: justify;\">\u201cNosotros ac\u00e1 en la regi\u00f3n ten\u00edamos pendiente s\u00f3lo abrir este complejo fronterizo. Hemos mejorado la habitabilidad del recinto para la calidad de vida de todos los funcionarios que trabajan aqu\u00ed: SAG, PDI, Carabineros y Aduanas y, por supuesto, la calidad tambi\u00e9n de atenci\u00f3n a todas las personas que transitan por este paso fronterizo y, por lo tanto, dar todas las facilidades de tr\u00e1nsito a las personas que nos visitan y a los habitantes de nuestro territorio que tienen que salir por la frontera con Argentina\u201d, sostuvo el Delegado Araya.<\/p>\n<p style=\"text-align: justify;\">En la apertura participaron la Seremi de Salud, Carmen Monsalve; el Seremi de Agricultura, Alan Espinoza; el Subprefecto Fronterizo de Carabineros, Comandante Jean Paul Aravena; el Jefe de la Regi\u00f3n Policial de Ays\u00e9n de la Polic\u00eda de Investigaciones de Chile, Prefecto Luis Torralba; el Director Regional de Aduanas, V\u00edctor Valenzuela; y director de Senapred, Sidi Bravo, entre otros.<\/p>\n<p style=\"text-align: justify;\">\u201cEste tipo de acciones, impulsadas por nuestro Delegado Presidencial Regional, van de la mano con el compromiso irrestricto que tiene nuestro Gobierno, de avanzar en el cumplimiento de las condiciones de seguridad y salud en el trabajo. Con ello, adem\u00e1s de tener abierto el paso fronterizo, como autoridad sanitaria sabemos que la gente que aqu\u00ed trabaja se encuentra en buenas condiciones y ese tambi\u00e9n es nuestro objetivo\u201d, expres\u00f3 la seremi Carmen Monsalve.<\/p>\n<p style=\"text-align: justify;\">Por su parte, el seremi Alan Espinoza, enfatiz\u00f3 la importancia de resguardar y proteger el patrimonio fito y zoosanitario a trav\u00e9s de la labor del SAG en fronteras.<\/p>\n<p style=\"text-align: justify;\">\u201cEste hito es absolutamente relevante para nuestra ciudadan\u00eda, ya que este paso estaba cerrado desde marzo del 2020. Hoy d\u00eda, a trav\u00e9s de la Delegaci\u00f3n Presidencial en conjunto con el Servicio Agr\u00edcola Ganadero, se est\u00e1 haciendo un hito importante consistente en esta apertura. El rol que tienen los funcionarios y funcionarias del SAG es proteger el patrimonio fito y zoosanitario, lo que es absolutamente relevante\u201d, recalc\u00f3.<\/p>\n<p style=\"text-align: justify;\">El Comandante Jean Paul Aravena a\u00f1adi\u00f3 que \u201ceste es un paso estrat\u00e9gico que se encuentra muy cerca de un centro importante de flujo con Argentina, que es la l\u00ednea directa de conexi\u00f3n con Comodoro Rivadavia, por lo que satisface una necesidad real de la comunidad de poder hacer un movimiento migratorio adecuado, de manera mucho m\u00e1s digna\u201d.<\/p>\n<p style=\"text-align: justify;\">El prefecto Luis Torralba record\u00f3 que \u201cla Polic\u00eda de Investigaciones tiene dentro su misi\u00f3n por ley el control de ingreso y egreso de personas al territorio nacional y la fiscalizaci\u00f3n de la permanencia de extranjeros y una instancia como esta ayuda a un mejor servicio y dignifica la labor de los funcionarios policiales\u201d.<\/p>\n<p style=\"text-align: justify;\">En el marco de este acto de apertura, en la ocasi\u00f3n el Delegado Rodrigo Araya hizo un reconocimiento a la trayectoria y labor en el Servicio Nacional de Aduanas, del Director Regional V\u00edctor Valenzuela Mill\u00e1n.<\/p>\n<p style=\"text-align: justify;\">Entre las renovaciones en Coyhaique Alto se cuenta aislaci\u00f3n t\u00e9rmica, servicios sanitarios, iluminaci\u00f3n, condiciones de habitabilidad y calidad de los servicios generales ofrecidos a los usuarios, adem\u00e1s de las condiciones laborales para los funcionarios de Carabineros, el Servicio Agr\u00edcola y Ganadero (SAG), la Polic\u00eda de Investigaciones (PDI) y Aduanas.<\/p>\n<\/div><\/section><\/div><div  style='height:50px' class='hr hr-invisible   avia-builder-el-6  el_after_av_one_full  el_before_av_social_share '><span class='hr-inner ' ><span class='hr-inner-style'><\/span><\/span><\/div><\/p>\n<div  class='av-social-sharing-box  avia-builder-el-7  el_after_av_hr  el_before_av_hr  '><div class='av-share-box'><h5 class='av-share-link-description av-no-toc '>Compartir esta noticia<\/h5><ul class='av-share-box-list noLightbox'><li class='av-share-link av-social-link-facebook' ><a target=\"_blank\" aria-label=\"Compartir en Facebook\" href='https:\/\/www.facebook.com\/sharer.php?u=https:\/\/radiorevelacionfm.cl\/?p=31624&#038;t=Complejo%20Fronterizo%20Coyhaique%20Alto%20est%C3%A1%20operativo%20para%20el%20tr%C3%A1nsito%20de%20veh%C3%ADculos%20livianos' aria-hidden='false' data-av_icon='\ue8f3' data-av_iconfont='entypo-fontello' title='' data-avia-related-tooltip='Compartir en Facebook' rel=\"noopener\"><span class='avia_hidden_link_text'>Compartir en Facebook<\/span><\/a><\/li><li class='av-share-link av-social-link-twitter' ><a target=\"_blank\" aria-label=\"Compartir en Twitter\" href='https:\/\/twitter.com\/share?text=Complejo%20Fronterizo%20Coyhaique%20Alto%20est%C3%A1%20operativo%20para%20el%20tr%C3%A1nsito%20de%20veh%C3%ADculos%20livianos&#038;url=https:\/\/radiorevelacionfm.cl\/?p=31624' aria-hidden='false' data-av_icon='\ue8f1' data-av_iconfont='entypo-fontello' title='' data-avia-related-tooltip='Compartir en Twitter' rel=\"noopener\"><span class='avia_hidden_link_text'>Compartir en Twitter<\/span><\/a><\/li><li class='av-share-link av-social-link-whatsapp' ><a target=\"_blank\" aria-label=\"Compartir en Whatsapp\" href='https:\/\/api.whatsapp.com\/send?text=https:\/\/radiorevelacionfm.cl\/?p=31624' aria-hidden='false' data-av_icon='\uf232' data-av_iconfont='entypo-fontello' title='' data-avia-related-tooltip='Compartir en Whatsapp' rel=\"noopener\"><span class='avia_hidden_link_text'>Compartir en Whatsapp<\/span><\/a><\/li><li class='av-share-link av-social-link-linkedin' ><a target=\"_blank\" aria-label=\"Compartir en LinkedIn\" href='https:\/\/linkedin.com\/shareArticle?mini=true&#038;title=Complejo%20Fronterizo%20Coyhaique%20Alto%20est%C3%A1%20operativo%20para%20el%20tr%C3%A1nsito%20de%20veh%C3%ADculos%20livianos&#038;url=https:\/\/radiorevelacionfm.cl\/?p=31624' aria-hidden='false' data-av_icon='\ue8fc' data-av_iconfont='entypo-fontello' title='' data-avia-related-tooltip='Compartir en LinkedIn' rel=\"noopener\"><span class='avia_hidden_link_text'>Compartir en LinkedIn<\/span><\/a><\/li><li class='av-share-link av-social-link-mail' ><a  aria-label=\"Compartir por correo\" href='mailto:?subject=Complejo%20Fronterizo%20Coyhaique%20Alto%20est%C3%A1%20operativo%20para%20el%20tr%C3%A1nsito%20de%20veh%C3%ADculos%20livianos&#038;body=https:\/\/radiorevelacionfm.cl\/?p=31624' aria-hidden='false' data-av_icon='\ue805' data-av_iconfont='entypo-fontello' title='' data-avia-related-tooltip='Compartir por correo'><span class='avia_hidden_link_text'>Compartir por correo<\/span><\/a><\/li><\/ul><\/div><\/div>\n<div  style='height:50px' class='hr hr-invisible   avia-builder-el-8  el_after_av_social_share  el_before_av_comments_list '><span class='hr-inner ' ><span class='hr-inner-style'><\/span><\/span><\/div>\n<div  class='av-buildercomment  av-blog-meta-html-info-disabled av-blog-meta-tag-disabled  '><\/div>\n","protected":false},"excerpt":{"rendered":"","protected":false},"author":1,"featured_media":31625,"comment_status":"open","ping_status":"open","sticky":false,"template":"","format":"standard","meta":{"footnotes":""},"categories":[38],"tags":[],"class_list":["post-31624","post","type-post","status-publish","format-standard","has-post-thumbnail","hentry","category-regional"],"jetpack_featured_media_url":"https:\/\/radiorevelacionfm.cl\/wp-content\/uploads\/2023\/06\/4c67a031-b885-4aa0-94dc-eed46e7bee4c-1.jpg","_links":{"self":[{"href":"https:\/\/radiorevelacionfm.cl\/index.php?rest_route=\/wp\/v2\/posts\/31624","targetHints":{"allow":["GET"]}}],"collection":[{"href":"https:\/\/radiorevelacionfm.cl\/index.php?rest_route=\/wp\/v2\/posts"}],"about":[{"href":"https:\/\/radiorevelacionfm.cl\/index.php?rest_route=\/wp\/v2\/types\/post"}],"author":[{"embeddable":true,"href":"https:\/\/radiorevelacionfm.cl\/index.php?rest_route=\/wp\/v2\/users\/1"}],"replies":[{"embeddable":true,"href":"https:\/\/radiorevelacionfm.cl\/index.php?rest_route=%2Fwp%2Fv2%2Fcomments&post=31624"}],"version-history":[{"count":1,"href":"https:\/\/radiorevelacionfm.cl\/index.php?rest_route=\/wp\/v2\/posts\/31624\/revisions"}],"predecessor-version":[{"id":31626,"href":"https:\/\/radiorevelacionfm.cl\/index.php?rest_route=\/wp\/v2\/posts\/31624\/revisions\/31626"}],"wp:featuredmedia":[{"embeddable":true,"href":"https:\/\/radiorevelacionfm.cl\/index.php?rest_route=\/wp\/v2\/media\/31625"}],"wp:attachment":[{"href":"https:\/\/radiorevelacionfm.cl\/index.php?rest_route=%2Fwp%2Fv2%2Fmedia&parent=31624"}],"wp:term":[{"taxonomy":"category","embeddable":true,"href":"https:\/\/radiorevelacionfm.cl\/index.php?rest_route=%2Fwp%2Fv2%2Fcategories&post=31624"},{"taxonomy":"post_tag","embeddable":true,"href":"https:\/\/radiorevelacionfm.cl\/index.php?rest_route=%2Fwp%2Fv2%2Ftags&post=31624"}],"curies":[{"name":"wp","href":"https:\/\/api.w.org\/{rel}","templated":true}]}}