{"id":31621,"date":"2023-06-03T13:28:02","date_gmt":"2023-06-03T16:28:02","guid":{"rendered":"https:\/\/radiorevelacionfm.cl\/?p=31621"},"modified":"2023-06-03T13:28:02","modified_gmt":"2023-06-03T16:28:02","slug":"gobernadora-compromete-proceso-participativo-con-municipios-para-presupuesto-2024","status":"publish","type":"post","link":"https:\/\/radiorevelacionfm.cl\/?p=31621","title":{"rendered":"Gobernadora compromete proceso participativo con municipios para presupuesto 2024"},"content":{"rendered":"<div class=\"flex_column av_one_full  flex_column_div av-zero-column-padding first  avia-builder-el-0  el_before_av_one_full  avia-builder-el-first  \" style='border-radius:0px; '><div  class='avia-image-container  av-styling-    avia-builder-el-1  avia-builder-el-no-sibling  avia-align-center '  itemprop=\"image\" itemscope=\"itemscope\" itemtype=\"https:\/\/schema.org\/ImageObject\"  ><div class='avia-image-container-inner'><div class='avia-image-overlay-wrap'><img decoding=\"async\" class='wp-image-31622 avia-img-lazy-loading-not-31622 avia_image' src=\"https:\/\/radiorevelacionfm.cl\/wp-content\/uploads\/2023\/06\/Presupuesto-2-1-1.jpeg\" alt='' title='Presupuesto 2 (1) (1)' height=\"600\" width=\"1069\"  itemprop=\"thumbnailUrl\" srcset=\"https:\/\/radiorevelacionfm.cl\/wp-content\/uploads\/2023\/06\/Presupuesto-2-1-1.jpeg 1069w, https:\/\/radiorevelacionfm.cl\/wp-content\/uploads\/2023\/06\/Presupuesto-2-1-1-300x168.jpeg 300w, https:\/\/radiorevelacionfm.cl\/wp-content\/uploads\/2023\/06\/Presupuesto-2-1-1-1030x578.jpeg 1030w, https:\/\/radiorevelacionfm.cl\/wp-content\/uploads\/2023\/06\/Presupuesto-2-1-1-768x431.jpeg 768w, https:\/\/radiorevelacionfm.cl\/wp-content\/uploads\/2023\/06\/Presupuesto-2-1-1-705x396.jpeg 705w, https:\/\/radiorevelacionfm.cl\/wp-content\/uploads\/2023\/06\/Presupuesto-2-1-1-450x253.jpeg 450w, https:\/\/radiorevelacionfm.cl\/wp-content\/uploads\/2023\/06\/Presupuesto-2-1-1-600x337.jpeg 600w\" sizes=\"(max-width: 1069px) 100vw, 1069px\" \/><\/div><\/div><\/div><\/div><div class=\"flex_column av_one_full  flex_column_div av-zero-column-padding first  avia-builder-el-2  el_after_av_one_full  el_before_av_one_full  column-top-margin\" style='border-radius:0px; '><section class=\"av_textblock_section \"  itemscope=\"itemscope\" itemtype=\"https:\/\/schema.org\/BlogPosting\" itemprop=\"blogPost\" ><div class='avia_textblock  '   itemprop=\"text\" ><p style=\"text-align: center;\"><strong><span style=\"font-size: 18pt;\">Gobernadora compromete proceso participativo con municipios para presupuesto 2024<\/span><\/strong><\/p>\n<div id=\"gtx-trans\" style=\"position: absolute; left: -50px; top: 4.31534px;\">\n<div class=\"gtx-trans-icon\"><\/div>\n<\/div>\n<\/div><\/section><\/div><div class=\"flex_column av_one_full  flex_column_div av-zero-column-padding first  avia-builder-el-4  el_after_av_one_full  el_before_av_hr  column-top-margin\" style='border-radius:0px; '><section class=\"av_textblock_section \"  itemscope=\"itemscope\" itemtype=\"https:\/\/schema.org\/BlogPosting\" itemprop=\"blogPost\" ><div class='avia_textblock  '   itemprop=\"text\" ><p dir=\"ltr\" style=\"text-align: justify;\">Este viernes el Pleno del Consejo Regional revis\u00f3 el proyecto de Presupuesto del Gobierno Regional de Ays\u00e9n para el a\u00f1o 2024, propuesto por la administraci\u00f3n de la Gobernadora Andrea Mac\u00edas Palma, el cual avanz\u00f3 en su tramitaci\u00f3n con miras a septiembre de este a\u00f1o, fecha en la que el Ejecutivo nacional presenta el Presupuesto del pa\u00eds para el siguiente per\u00edodo al Congreso, para su discusi\u00f3n y posterior aprobaci\u00f3n.<\/p>\n<p dir=\"ltr\" style=\"text-align: justify;\">As\u00ed, el Consejo Regional tuvo que dirimir respecto a dos partidas presupuestarias: la de inversi\u00f3n, que establece los fondos para los programas, proyectos e iniciativas que desarrolla el Gobierno Regional; y la de funcionamiento, que se refiere al financiamiento requerido para la administraci\u00f3n interna de la instituci\u00f3n. De estas, s\u00f3lo el proyecto de presupuesto de funcionamiento fue aprobado en esta instancia por el cuerpo colegiado.<\/p>\n<p dir=\"ltr\" style=\"text-align: justify;\">\u00abEl Ejecutivo puso a disposici\u00f3n un proyecto de presupuesto del a\u00f1o 2024, luego de haber sido trabajado y presentado al interior de la Comisi\u00f3n de Presupuesto. Con esto damos inicio a la tramitaci\u00f3n y, tal como lo hicimos el a\u00f1o anterior, hemos comprometido un proceso participativo, donde llegado el momento vamos a convocar a los municipios para poder hacer el levantamiento de cu\u00e1les son las principales necesidades\u00bb, explic\u00f3 la Gobernadora Andrea Mac\u00edas Palma.<\/p>\n<p dir=\"ltr\" style=\"text-align: justify;\">Por su parte, la Consejera Regional y presidenta de la Comisi\u00f3n de Presupuesto e Inversiones, Paula Acu\u00f1a, precis\u00f3 que \u00abesto se enmarca en el ciclo de discusi\u00f3n presupuestaria que nos encomend\u00f3 la Direcci\u00f3n de Presupuesto (Dipres) para subir a la plataforma con fecha 5 de junio. Es por ello que en esta oportunidad no se vota el Presupuesto como tal, sino que es una proyecci\u00f3n de los recursos que vamos a necesitar para que sean invertidos en la regi\u00f3n\u00a0 el pr\u00f3ximo a\u00f1o\u00bb.<\/p>\n<p dir=\"ltr\" style=\"text-align: justify;\">Cabe mencionar que, para planificar el Presupuesto 2023 del Gobierno Regional, que fue aprobado a fines de 2022, la Gobernadora y sus equipos t\u00e9cnicos se reunieron con los alcaldes de las diez Municipalidades de la regi\u00f3n, con el objetivo de que las prioridades de financiamiento provinieran de los territorios. De esta manera se evitan las decisiones centralizadas y se consagra un proceso realmente participativo, que es el mismo objetivo que se plantea para el Presupuesto 2024.<\/p>\n<\/div><\/section><\/div><div  style='height:50px' class='hr hr-invisible   avia-builder-el-6  el_after_av_one_full  el_before_av_social_share '><span class='hr-inner ' ><span class='hr-inner-style'><\/span><\/span><\/div><\/p>\n<div  class='av-social-sharing-box  avia-builder-el-7  el_after_av_hr  el_before_av_hr  '><div class='av-share-box'><h5 class='av-share-link-description av-no-toc '>Compartir esta noticia<\/h5><ul class='av-share-box-list noLightbox'><li class='av-share-link av-social-link-facebook' ><a target=\"_blank\" aria-label=\"Compartir en Facebook\" href='https:\/\/www.facebook.com\/sharer.php?u=https:\/\/radiorevelacionfm.cl\/?p=31621&#038;t=Gobernadora%20compromete%20proceso%20participativo%20con%20municipios%20para%20presupuesto%202024' aria-hidden='false' data-av_icon='\ue8f3' data-av_iconfont='entypo-fontello' title='' data-avia-related-tooltip='Compartir en Facebook' rel=\"noopener\"><span class='avia_hidden_link_text'>Compartir en Facebook<\/span><\/a><\/li><li class='av-share-link av-social-link-twitter' ><a target=\"_blank\" aria-label=\"Compartir en Twitter\" href='https:\/\/twitter.com\/share?text=Gobernadora%20compromete%20proceso%20participativo%20con%20municipios%20para%20presupuesto%202024&#038;url=https:\/\/radiorevelacionfm.cl\/?p=31621' aria-hidden='false' data-av_icon='\ue8f1' data-av_iconfont='entypo-fontello' title='' data-avia-related-tooltip='Compartir en Twitter' rel=\"noopener\"><span class='avia_hidden_link_text'>Compartir en Twitter<\/span><\/a><\/li><li class='av-share-link av-social-link-whatsapp' ><a target=\"_blank\" aria-label=\"Compartir en Whatsapp\" href='https:\/\/api.whatsapp.com\/send?text=https:\/\/radiorevelacionfm.cl\/?p=31621' aria-hidden='false' data-av_icon='\uf232' data-av_iconfont='entypo-fontello' title='' data-avia-related-tooltip='Compartir en Whatsapp' rel=\"noopener\"><span class='avia_hidden_link_text'>Compartir en Whatsapp<\/span><\/a><\/li><li class='av-share-link av-social-link-linkedin' ><a target=\"_blank\" aria-label=\"Compartir en LinkedIn\" href='https:\/\/linkedin.com\/shareArticle?mini=true&#038;title=Gobernadora%20compromete%20proceso%20participativo%20con%20municipios%20para%20presupuesto%202024&#038;url=https:\/\/radiorevelacionfm.cl\/?p=31621' aria-hidden='false' data-av_icon='\ue8fc' data-av_iconfont='entypo-fontello' title='' data-avia-related-tooltip='Compartir en LinkedIn' rel=\"noopener\"><span class='avia_hidden_link_text'>Compartir en LinkedIn<\/span><\/a><\/li><li class='av-share-link av-social-link-mail' ><a  aria-label=\"Compartir por correo\" href='mailto:?subject=Gobernadora%20compromete%20proceso%20participativo%20con%20municipios%20para%20presupuesto%202024&#038;body=https:\/\/radiorevelacionfm.cl\/?p=31621' aria-hidden='false' data-av_icon='\ue805' data-av_iconfont='entypo-fontello' title='' data-avia-related-tooltip='Compartir por correo'><span class='avia_hidden_link_text'>Compartir por correo<\/span><\/a><\/li><\/ul><\/div><\/div>\n<div  style='height:50px' class='hr hr-invisible   avia-builder-el-8  el_after_av_social_share  el_before_av_comments_list '><span class='hr-inner ' ><span class='hr-inner-style'><\/span><\/span><\/div>\n<div  class='av-buildercomment  av-blog-meta-html-info-disabled av-blog-meta-tag-disabled  '><\/div>\n","protected":false},"excerpt":{"rendered":"","protected":false},"author":1,"featured_media":31622,"comment_status":"open","ping_status":"open","sticky":false,"template":"","format":"standard","meta":{"footnotes":""},"categories":[38],"tags":[],"class_list":["post-31621","post","type-post","status-publish","format-standard","has-post-thumbnail","hentry","category-regional"],"jetpack_featured_media_url":"https:\/\/radiorevelacionfm.cl\/wp-content\/uploads\/2023\/06\/Presupuesto-2-1-1.jpeg","_links":{"self":[{"href":"https:\/\/radiorevelacionfm.cl\/index.php?rest_route=\/wp\/v2\/posts\/31621","targetHints":{"allow":["GET"]}}],"collection":[{"href":"https:\/\/radiorevelacionfm.cl\/index.php?rest_route=\/wp\/v2\/posts"}],"about":[{"href":"https:\/\/radiorevelacionfm.cl\/index.php?rest_route=\/wp\/v2\/types\/post"}],"author":[{"embeddable":true,"href":"https:\/\/radiorevelacionfm.cl\/index.php?rest_route=\/wp\/v2\/users\/1"}],"replies":[{"embeddable":true,"href":"https:\/\/radiorevelacionfm.cl\/index.php?rest_route=%2Fwp%2Fv2%2Fcomments&post=31621"}],"version-history":[{"count":1,"href":"https:\/\/radiorevelacionfm.cl\/index.php?rest_route=\/wp\/v2\/posts\/31621\/revisions"}],"predecessor-version":[{"id":31623,"href":"https:\/\/radiorevelacionfm.cl\/index.php?rest_route=\/wp\/v2\/posts\/31621\/revisions\/31623"}],"wp:featuredmedia":[{"embeddable":true,"href":"https:\/\/radiorevelacionfm.cl\/index.php?rest_route=\/wp\/v2\/media\/31622"}],"wp:attachment":[{"href":"https:\/\/radiorevelacionfm.cl\/index.php?rest_route=%2Fwp%2Fv2%2Fmedia&parent=31621"}],"wp:term":[{"taxonomy":"category","embeddable":true,"href":"https:\/\/radiorevelacionfm.cl\/index.php?rest_route=%2Fwp%2Fv2%2Fcategories&post=31621"},{"taxonomy":"post_tag","embeddable":true,"href":"https:\/\/radiorevelacionfm.cl\/index.php?rest_route=%2Fwp%2Fv2%2Ftags&post=31621"}],"curies":[{"name":"wp","href":"https:\/\/api.w.org\/{rel}","templated":true}]}}