{"id":31616,"date":"2023-06-02T20:44:41","date_gmt":"2023-06-02T23:44:41","guid":{"rendered":"https:\/\/radiorevelacionfm.cl\/?p=31616"},"modified":"2023-06-02T20:44:41","modified_gmt":"2023-06-02T23:44:41","slug":"diputada-raphael-tras-cuenta-publica-las-regiones-y-las-zonas-extremas-tuvieron-una-ausencia-absoluta","status":"publish","type":"post","link":"https:\/\/radiorevelacionfm.cl\/?p=31616","title":{"rendered":"Diputada Raphael tras Cuenta P\u00fablica: \u201cLas regiones y las zonas extremas tuvieron una ausencia absoluta\u201d"},"content":{"rendered":"<div class=\"flex_column av_one_full  flex_column_div av-zero-column-padding first  avia-builder-el-0  el_before_av_one_full  avia-builder-el-first  \" style='border-radius:0px; '><div  class='avia-image-container  av-styling-    avia-builder-el-1  avia-builder-el-no-sibling  avia-align-center '  itemprop=\"image\" itemscope=\"itemscope\" itemtype=\"https:\/\/schema.org\/ImageObject\"  ><div class='avia-image-container-inner'><div class='avia-image-overlay-wrap'><img decoding=\"async\" class='wp-image-26950 avia-img-lazy-loading-not-26950 avia_image' src=\"https:\/\/radiorevelacionfm.cl\/wp-content\/uploads\/2023\/01\/mr_01-2-1-1.jpeg\" alt='' title='mr_01 (2) (1) (1)' height=\"600\" width=\"901\"  itemprop=\"thumbnailUrl\" srcset=\"https:\/\/radiorevelacionfm.cl\/wp-content\/uploads\/2023\/01\/mr_01-2-1-1.jpeg 901w, https:\/\/radiorevelacionfm.cl\/wp-content\/uploads\/2023\/01\/mr_01-2-1-1-300x200.jpeg 300w, https:\/\/radiorevelacionfm.cl\/wp-content\/uploads\/2023\/01\/mr_01-2-1-1-768x511.jpeg 768w, https:\/\/radiorevelacionfm.cl\/wp-content\/uploads\/2023\/01\/mr_01-2-1-1-705x469.jpeg 705w, https:\/\/radiorevelacionfm.cl\/wp-content\/uploads\/2023\/01\/mr_01-2-1-1-600x400.jpeg 600w\" sizes=\"(max-width: 901px) 100vw, 901px\" \/><\/div><\/div><\/div><\/div><div class=\"flex_column av_one_full  flex_column_div av-zero-column-padding first  avia-builder-el-2  el_after_av_one_full  el_before_av_one_full  column-top-margin\" style='border-radius:0px; '><section class=\"av_textblock_section \"  itemscope=\"itemscope\" itemtype=\"https:\/\/schema.org\/BlogPosting\" itemprop=\"blogPost\" ><div class='avia_textblock  '   itemprop=\"text\" ><p style=\"text-align: center;\"><strong><span style=\"font-size: 18pt;\">Diputada Raphael tras Cuenta P\u00fablica: \u201cLas regiones y las zonas extremas tuvieron una ausencia absoluta\u201d<\/span><\/strong><\/p>\n<div id=\"gtx-trans\" style=\"position: absolute; left: -50px; top: 4.31534px;\">\n<div class=\"gtx-trans-icon\"><\/div>\n<\/div>\n<\/div><\/section><\/div><div class=\"flex_column av_one_full  flex_column_div av-zero-column-padding first  avia-builder-el-4  el_after_av_one_full  el_before_av_hr  column-top-margin\" style='border-radius:0px; '><section class=\"av_textblock_section \"  itemscope=\"itemscope\" itemtype=\"https:\/\/schema.org\/BlogPosting\" itemprop=\"blogPost\" ><div class='avia_textblock  '   itemprop=\"text\" ><p style=\"text-align: justify;\">La Diputada Marcia Raphael lament\u00f3 la ausencia de anuncios concretos para Ays\u00e9n y para las zonas extremas, se\u00f1alando que en la Cuenta P\u00fablica m\u00e1s extensa desde 1989 no hubo cabida ni preocupaci\u00f3n por la realidad de las regiones, principalmente en materias tales como el plan de zonas extremas y descentralizaci\u00f3n.<\/p>\n<p style=\"text-align: justify;\">Para la Diputada de Renovaci\u00f3n Nacional, esta fue una cuenta p\u00fablica con muchas promesas, no haci\u00e9ndose cargo de las demandas y prioridades ciudadanas, en donde pr\u00e1cticamente la totalidad de lo anunciado depende de un nuevo proyecto de Reforma Tributaria.<\/p>\n<p style=\"text-align: justify;\">\u201cCondicionar esperanzas para la ciudadan\u00eda a una Reforma Tributaria es improcedente. Hoy el pa\u00eds requiere atraer inversi\u00f3n y crear nuevos empleos, mientras que el inter\u00e9s del ejecutivo es subir los tributos. Sin embargo, la experiencia nos se\u00f1ala que esta medida termina afectando al empleo y, por ende, a los m\u00e1s vulnerables. Es irresponsable que, a mitad del gobierno el programa dependa de una reforma tributaria. La mejor fuente de financiamiento es el crecimiento\u201d se\u00f1al\u00f3 Raphael.<\/p>\n<p style=\"text-align: justify;\">Para la Diputada de Ays\u00e9n, es preocupante la falta de anuncios concretos para la Regi\u00f3n de Ays\u00e9n y para las zonas extremas de nuestro pa\u00eds en materias tales como obras p\u00fablicas, conectividad y transporte. \u201cFue una cuenta p\u00fablica con gusto a poco, con mucho anuncio para la galer\u00eda, pero poco anuncio sobre las regiones, en donde pr\u00e1cticamente Ays\u00e9n no fue nombrada.\u00a0 No hubo anuncios en conectividad, inversi\u00f3n regional ni en transporte. Es lamentable que se le haya dado m\u00e1s espacio a hablar de los 50 a\u00f1os del golpe, que a la inversi\u00f3n, el crecimiento econ\u00f3mico y en c\u00f3mo apoyar a las familias chilenas en el contexto del alza en el costo de la vida\u201d, sentenci\u00f3 Marcia Raphael.<\/p>\n<\/div><\/section><\/div><div  style='height:50px' class='hr hr-invisible   avia-builder-el-6  el_after_av_one_full  el_before_av_social_share '><span class='hr-inner ' ><span class='hr-inner-style'><\/span><\/span><\/div><\/p>\n<div  class='av-social-sharing-box  avia-builder-el-7  el_after_av_hr  el_before_av_hr  '><div class='av-share-box'><h5 class='av-share-link-description av-no-toc '>Compartir esta noticia<\/h5><ul class='av-share-box-list noLightbox'><li class='av-share-link av-social-link-facebook' ><a target=\"_blank\" aria-label=\"Compartir en Facebook\" href='https:\/\/www.facebook.com\/sharer.php?u=https:\/\/radiorevelacionfm.cl\/?p=31616&#038;t=Diputada%20Raphael%20tras%20Cuenta%20P%C3%BAblica%3A%20%E2%80%9CLas%20regiones%20y%20las%20zonas%20extremas%20tuvieron%20una%20ausencia%20absoluta%E2%80%9D' aria-hidden='false' data-av_icon='\ue8f3' data-av_iconfont='entypo-fontello' title='' data-avia-related-tooltip='Compartir en Facebook' rel=\"noopener\"><span class='avia_hidden_link_text'>Compartir en Facebook<\/span><\/a><\/li><li class='av-share-link av-social-link-twitter' ><a target=\"_blank\" aria-label=\"Compartir en Twitter\" href='https:\/\/twitter.com\/share?text=Diputada%20Raphael%20tras%20Cuenta%20P%C3%BAblica%3A%20%E2%80%9CLas%20regiones%20y%20las%20zonas%20extremas%20tuvieron%20una%20ausencia%20absoluta%E2%80%9D&#038;url=https:\/\/radiorevelacionfm.cl\/?p=31616' aria-hidden='false' data-av_icon='\ue8f1' data-av_iconfont='entypo-fontello' title='' data-avia-related-tooltip='Compartir en Twitter' rel=\"noopener\"><span class='avia_hidden_link_text'>Compartir en Twitter<\/span><\/a><\/li><li class='av-share-link av-social-link-whatsapp' ><a target=\"_blank\" aria-label=\"Compartir en Whatsapp\" href='https:\/\/api.whatsapp.com\/send?text=https:\/\/radiorevelacionfm.cl\/?p=31616' aria-hidden='false' data-av_icon='\uf232' data-av_iconfont='entypo-fontello' title='' data-avia-related-tooltip='Compartir en Whatsapp' rel=\"noopener\"><span class='avia_hidden_link_text'>Compartir en Whatsapp<\/span><\/a><\/li><li class='av-share-link av-social-link-linkedin' ><a target=\"_blank\" aria-label=\"Compartir en LinkedIn\" href='https:\/\/linkedin.com\/shareArticle?mini=true&#038;title=Diputada%20Raphael%20tras%20Cuenta%20P%C3%BAblica%3A%20%E2%80%9CLas%20regiones%20y%20las%20zonas%20extremas%20tuvieron%20una%20ausencia%20absoluta%E2%80%9D&#038;url=https:\/\/radiorevelacionfm.cl\/?p=31616' aria-hidden='false' data-av_icon='\ue8fc' data-av_iconfont='entypo-fontello' title='' data-avia-related-tooltip='Compartir en LinkedIn' rel=\"noopener\"><span class='avia_hidden_link_text'>Compartir en LinkedIn<\/span><\/a><\/li><li class='av-share-link av-social-link-mail' ><a  aria-label=\"Compartir por correo\" href='mailto:?subject=Diputada%20Raphael%20tras%20Cuenta%20P%C3%BAblica%3A%20%E2%80%9CLas%20regiones%20y%20las%20zonas%20extremas%20tuvieron%20una%20ausencia%20absoluta%E2%80%9D&#038;body=https:\/\/radiorevelacionfm.cl\/?p=31616' aria-hidden='false' data-av_icon='\ue805' data-av_iconfont='entypo-fontello' title='' data-avia-related-tooltip='Compartir por correo'><span class='avia_hidden_link_text'>Compartir por correo<\/span><\/a><\/li><\/ul><\/div><\/div>\n<div  style='height:50px' class='hr hr-invisible   avia-builder-el-8  el_after_av_social_share  el_before_av_comments_list '><span class='hr-inner ' ><span class='hr-inner-style'><\/span><\/span><\/div>\n<div  class='av-buildercomment  av-blog-meta-html-info-disabled av-blog-meta-tag-disabled  '><\/div>\n","protected":false},"excerpt":{"rendered":"","protected":false},"author":1,"featured_media":26950,"comment_status":"open","ping_status":"open","sticky":false,"template":"","format":"standard","meta":{"footnotes":""},"categories":[35],"tags":[],"class_list":["post-31616","post","type-post","status-publish","format-standard","has-post-thumbnail","hentry","category-politica"],"jetpack_featured_media_url":"https:\/\/radiorevelacionfm.cl\/wp-content\/uploads\/2023\/01\/mr_01-2-1-1.jpeg","_links":{"self":[{"href":"https:\/\/radiorevelacionfm.cl\/index.php?rest_route=\/wp\/v2\/posts\/31616","targetHints":{"allow":["GET"]}}],"collection":[{"href":"https:\/\/radiorevelacionfm.cl\/index.php?rest_route=\/wp\/v2\/posts"}],"about":[{"href":"https:\/\/radiorevelacionfm.cl\/index.php?rest_route=\/wp\/v2\/types\/post"}],"author":[{"embeddable":true,"href":"https:\/\/radiorevelacionfm.cl\/index.php?rest_route=\/wp\/v2\/users\/1"}],"replies":[{"embeddable":true,"href":"https:\/\/radiorevelacionfm.cl\/index.php?rest_route=%2Fwp%2Fv2%2Fcomments&post=31616"}],"version-history":[{"count":1,"href":"https:\/\/radiorevelacionfm.cl\/index.php?rest_route=\/wp\/v2\/posts\/31616\/revisions"}],"predecessor-version":[{"id":31617,"href":"https:\/\/radiorevelacionfm.cl\/index.php?rest_route=\/wp\/v2\/posts\/31616\/revisions\/31617"}],"wp:featuredmedia":[{"embeddable":true,"href":"https:\/\/radiorevelacionfm.cl\/index.php?rest_route=\/wp\/v2\/media\/26950"}],"wp:attachment":[{"href":"https:\/\/radiorevelacionfm.cl\/index.php?rest_route=%2Fwp%2Fv2%2Fmedia&parent=31616"}],"wp:term":[{"taxonomy":"category","embeddable":true,"href":"https:\/\/radiorevelacionfm.cl\/index.php?rest_route=%2Fwp%2Fv2%2Fcategories&post=31616"},{"taxonomy":"post_tag","embeddable":true,"href":"https:\/\/radiorevelacionfm.cl\/index.php?rest_route=%2Fwp%2Fv2%2Ftags&post=31616"}],"curies":[{"name":"wp","href":"https:\/\/api.w.org\/{rel}","templated":true}]}}