{"id":31613,"date":"2023-06-02T22:27:22","date_gmt":"2023-06-03T01:27:22","guid":{"rendered":"https:\/\/radiorevelacionfm.cl\/?p=31613"},"modified":"2023-06-02T22:27:22","modified_gmt":"2023-06-03T01:27:22","slug":"firman-acuerdo-para-facilitar-el-traspaso-de-establecimientos-desde-las-municipalidades-al-nuevo-servicio-slep-aysen","status":"publish","type":"post","link":"https:\/\/radiorevelacionfm.cl\/?p=31613","title":{"rendered":"Firman acuerdo para facilitar el traspaso de establecimientos desde las municipalidades al nuevo servicio SLEP Ays\u00e9n"},"content":{"rendered":"<div class=\"flex_column av_one_full  flex_column_div av-zero-column-padding first  avia-builder-el-0  el_before_av_one_full  avia-builder-el-first  \" style='border-radius:0px; '><div  class='avia-image-container  av-styling-    avia-builder-el-1  avia-builder-el-no-sibling  avia-align-center '  itemprop=\"image\" itemscope=\"itemscope\" itemtype=\"https:\/\/schema.org\/ImageObject\"  ><div class='avia-image-container-inner'><div class='avia-image-overlay-wrap'><img decoding=\"async\" class='wp-image-31614 avia-img-lazy-loading-not-31614 avia_image' src=\"https:\/\/radiorevelacionfm.cl\/wp-content\/uploads\/2023\/06\/firma-convenio1-1_optimized.jpg\" alt='' title='firma-convenio1-(1)_optimized' height=\"600\" width=\"800\"  itemprop=\"thumbnailUrl\" srcset=\"https:\/\/radiorevelacionfm.cl\/wp-content\/uploads\/2023\/06\/firma-convenio1-1_optimized.jpg 800w, https:\/\/radiorevelacionfm.cl\/wp-content\/uploads\/2023\/06\/firma-convenio1-1_optimized-300x225.jpg 300w, https:\/\/radiorevelacionfm.cl\/wp-content\/uploads\/2023\/06\/firma-convenio1-1_optimized-768x576.jpg 768w, https:\/\/radiorevelacionfm.cl\/wp-content\/uploads\/2023\/06\/firma-convenio1-1_optimized-705x529.jpg 705w, https:\/\/radiorevelacionfm.cl\/wp-content\/uploads\/2023\/06\/firma-convenio1-1_optimized-450x338.jpg 450w, https:\/\/radiorevelacionfm.cl\/wp-content\/uploads\/2023\/06\/firma-convenio1-1_optimized-600x450.jpg 600w\" sizes=\"(max-width: 800px) 100vw, 800px\" \/><\/div><\/div><\/div><\/div><div class=\"flex_column av_one_full  flex_column_div av-zero-column-padding first  avia-builder-el-2  el_after_av_one_full  el_before_av_one_full  column-top-margin\" style='border-radius:0px; '><section class=\"av_textblock_section \"  itemscope=\"itemscope\" itemtype=\"https:\/\/schema.org\/BlogPosting\" itemprop=\"blogPost\" ><div class='avia_textblock  '   itemprop=\"text\" ><p style=\"text-align: center;\"><span style=\"font-size: 18pt;\"><b>Firman acuerdo para facilitar el traspaso de establecimientos desde las municipalidades al nuevo servicio SLEP Ays\u00e9n<\/b><\/span><\/p>\n<div id=\"gtx-trans\" style=\"position: absolute; left: -50px; top: 4.31534px;\">\n<div class=\"gtx-trans-icon\"><\/div>\n<\/div>\n<\/div><\/section><\/div><div class=\"flex_column av_one_full  flex_column_div av-zero-column-padding first  avia-builder-el-4  el_after_av_one_full  el_before_av_hr  column-top-margin\" style='border-radius:0px; '><section class=\"av_textblock_section \"  itemscope=\"itemscope\" itemtype=\"https:\/\/schema.org\/BlogPosting\" itemprop=\"blogPost\" ><div class='avia_textblock  '   itemprop=\"text\" ><p class=\"v1MsoNormal\" style=\"text-align: justify;\">Con la presencia del Delegado Presidencial Regional de Ays\u00e9n, Rodrigo Araya, y representantes de la municipalidad de Coyhaique se realiz\u00f3 en el Liceo Municipal Josefina Aguirre Montenegro la firma del convenio de colaboraci\u00f3n entre la Secretar\u00eda Regional Ministerial de Educaci\u00f3n de Ays\u00e9n y el Servicio Local de Educaci\u00f3n P\u00fablica SLEP Ays\u00e9n.<\/p>\n<p class=\"v1MsoNormal\" style=\"text-align: justify;\">Mediante este acuerdo, ambas instituciones dentro de sus respectivas facultades y competencias, han acordado ejecutar acciones de colaboraci\u00f3n mutuas vinculadas al \u00e1mbito educacional, especialmente en orden a facilitar la transici\u00f3n del actual sistema de educaci\u00f3n hacia el nuevo sistema de educaci\u00f3n p\u00fablica en la Regi\u00f3n de Ays\u00e9n, as\u00ed como potenciar el conocimiento por parte de las comunidades educativas y ciudadan\u00eda en general respecto a este cambio.<\/p>\n<p class=\"v1MsoNormal\" style=\"text-align: justify;\">En el documento se establece que, para el cumplimiento de este acuerdo de colaboraci\u00f3n, las partes suscribientes desarrollar\u00e1n las acciones y gestiones que estimen necesarias, dentro del \u00e1mbito educacional, que se vinculen a la infraestructura, la gesti\u00f3n de personas, la planificaci\u00f3n estrat\u00e9gica, la difusi\u00f3n y el apoyo t\u00e9cnico pedag\u00f3gico, entre otras. Para ello, podr\u00e1n constituir mesas t\u00e9cnicas; efectuar reuniones conjuntas; disponer la comisi\u00f3n de servicio y\/o cometidos funcionarios; efectuar intercambio de informaci\u00f3n pertinente a las \u00e1reas referidas y, en definitiva, cualquiera otra colaboraci\u00f3n en materia de gesti\u00f3n y\/o coordinaci\u00f3n, enmarcada en el prop\u00f3sito de este Convenio, que se estime necesaria para su mejor resultado. Los materiales, contenidos, herramientas e insumos que se utilicen para estas acciones, ser\u00e1n acordados entre ambas partes en cada ocasi\u00f3n.<\/p>\n<p class=\"v1MsoNormal\" style=\"text-align: justify;\">La firma se realiz\u00f3 luego de un pormenorizado recorrido de las autoridades regionales y locales por las distintas dependencias del establecimiento para conocer el proyecto educativo, oportunidad en que dialogaron con docentes y estudiantes de las diversas especialidades t\u00e9cnico profesional que all\u00ed se imparten: Administraci\u00f3n con Menci\u00f3n en Recursos Humanos, Atenci\u00f3n en Enfermer\u00eda, Gastronom\u00eda con Menci\u00f3n en Pasteler\u00eda y Reposter\u00eda y Asistente de P\u00e1rvulos.<\/p>\n<p class=\"v1MsoNormal\" style=\"text-align: justify;\">Tras la r\u00fabrica del acuerdo realizada en la Biblioteca CRA del plantel los intervinientes destacaron los alcances del mismo.<\/p>\n<p class=\"v1MsoNormal\" style=\"text-align: justify;\">El Delegado Presidencial, Rodrigo Araya Morales, afirm\u00f3 que\u00a0 \u201dsin duda el traspaso de los establecimientos educacionales al Servicio Local de Educaci\u00f3n P\u00fablica Slep Ays\u00e9n que se concretar\u00e1 en enero de 2024 es tremendamente relevante y el compromiso del gobierno con la educaci\u00f3n p\u00fablica vienes desde antes. Desde el gobierno de la presidenta Michelle Bachelet cuando se promulg\u00f3 la Ley que cre\u00f3 la Nueva Educaci\u00f3n P\u00fablica y m\u00e1s recientemente en la publicaci\u00f3n de la Ley Miscel\u00e1nea que permite abordar dificultades en la implementaci\u00f3n de esa ley, por ejemplo los est\u00edmulos (bono) al retiro voluntarios de docentes. Tambi\u00e9n desde el a\u00f1o pasado hemos estado transfiriendo importantes recursos para el mejoramiento de emergencia de distintos espacios educativos, entre ellos los fondos que permiten la continuidad del servicio educativo de la Escuela Espa\u00f1a en dos recintos provisorios y los 9 mil millones de pesos dispuestos este a\u00f1o para la recuperaci\u00f3n de f\u00edsica de establecimientos de modo que al momento del traspaso el Slep Ays\u00e9n reciba los establecimientos en las mejores condiciones posibles\u201d.<\/p>\n<p class=\"v1MsoNormal\" style=\"text-align: justify;\">La Seremi Isabel Garrido Casassa indic\u00f3 que \u201cCon la firma de este acuerdo se facilita el traspaso desde las municipalidades al nuevo sostenedor. Este es un proceso hist\u00f3rico y por ello el presidente Gabriel Boris nos ha mandatado a facilitar en todas las formas posibles la conformaci\u00f3n de los servicios locales dispuesta en la Ley 21.040. Esa reforma tenemos el convencimiento de que nos permitir\u00e1 devolver a la educaci\u00f3n p\u00fablica el sitial que le corresponde. La educaci\u00f3n p\u00fablica es la columna vertebral del sistema educativo en los pa\u00edses que alcanzan el desarrollo humano y el bienestar social\u201d.<\/p>\n<p class=\"v1MsoNormal\" style=\"text-align: justify;\">En tanto, el Director Ejecutivo del Slep Ays\u00e9n, Sebasti\u00e1n Gonz\u00e1lez Rogers, se\u00f1al\u00f3 que \u201cLo m\u00e1s importante de este convenio es la se\u00f1al que estamos dando. El gobierno est\u00e1 detr\u00e1s de este proceso para mejorar la educaci\u00f3n p\u00fablica en la regi\u00f3n de Ays\u00e9n y el foco de este convenio es que todos los actores del sistema: sostenedor, docentes, asistentes de la educaci\u00f3n, padres apoderados y estudiantes so\u00f1amos la educaci\u00f3n de la regi\u00f3n y c\u00f3mo la vamos a construir. La base del convenio es lograr un entendimiento com\u00fan para trabajar y lograr un buen traspaso de los establecimientos desde la municipalidad a este nuevo servicio para dar certeza de la continuidad educativa, que los trabajadores tengan la tranquilidad de que este traspaso se realizar\u00e1 con ellos y un tercer aspecto es la infraestructura y en eso la seremi de Educaci\u00f3n ha realizado un trabajo muy importante en priorizar los proyectos que se deben ejecutar. Es una tarea muy grande porque son 66 establecimientos los que se traspasar\u00e1n, entre escuelas, liceos y jardines infantiles y este convenio permite a nuestros equipos t\u00e9cnicos ir trabajando en la elaboraci\u00f3n de los proyectos necesarios. Lo importante es dar una se\u00f1al\u00a0 potente de que la nueva educaci\u00f3n p\u00fablica la estamos construyendo entre todos\u201d.<\/p>\n<p class=\"v1MsoNormal\" style=\"text-align: justify;\">En representaci\u00f3n de la municipalidad de Coyhaique, el concejal Fidel Pinilla expres\u00f3: \u201cEs super importante el hito que se est\u00e1 generado hoy con la firma de este convenio. Destacamos el compromiso que ha habido de parte del Gobierno para apoyar este traspaso y nosotros como municipalidad estamos en la misma l\u00ednea de apoyar para que este proceso se cumpla en forma correcta\u201d.<\/p>\n<\/div><\/section><\/div><div  style='height:50px' class='hr hr-invisible   avia-builder-el-6  el_after_av_one_full  el_before_av_social_share '><span class='hr-inner ' ><span class='hr-inner-style'><\/span><\/span><\/div><\/p>\n<div  class='av-social-sharing-box  avia-builder-el-7  el_after_av_hr  el_before_av_hr  '><div class='av-share-box'><h5 class='av-share-link-description av-no-toc '>Compartir esta noticia<\/h5><ul class='av-share-box-list noLightbox'><li class='av-share-link av-social-link-facebook' ><a target=\"_blank\" aria-label=\"Compartir en Facebook\" href='https:\/\/www.facebook.com\/sharer.php?u=https:\/\/radiorevelacionfm.cl\/?p=31613&#038;t=Firman%20acuerdo%20para%20facilitar%20el%20traspaso%20de%20establecimientos%20desde%20las%20municipalidades%20al%20nuevo%20servicio%20SLEP%20Ays%C3%A9n' aria-hidden='false' data-av_icon='\ue8f3' data-av_iconfont='entypo-fontello' title='' data-avia-related-tooltip='Compartir en Facebook' rel=\"noopener\"><span class='avia_hidden_link_text'>Compartir en Facebook<\/span><\/a><\/li><li class='av-share-link av-social-link-twitter' ><a target=\"_blank\" aria-label=\"Compartir en Twitter\" href='https:\/\/twitter.com\/share?text=Firman%20acuerdo%20para%20facilitar%20el%20traspaso%20de%20establecimientos%20desde%20las%20municipalidades%20al%20nuevo%20servicio%20SLEP%20Ays%C3%A9n&#038;url=https:\/\/radiorevelacionfm.cl\/?p=31613' aria-hidden='false' data-av_icon='\ue8f1' data-av_iconfont='entypo-fontello' title='' data-avia-related-tooltip='Compartir en Twitter' rel=\"noopener\"><span class='avia_hidden_link_text'>Compartir en Twitter<\/span><\/a><\/li><li class='av-share-link av-social-link-whatsapp' ><a target=\"_blank\" aria-label=\"Compartir en Whatsapp\" href='https:\/\/api.whatsapp.com\/send?text=https:\/\/radiorevelacionfm.cl\/?p=31613' aria-hidden='false' data-av_icon='\uf232' data-av_iconfont='entypo-fontello' title='' data-avia-related-tooltip='Compartir en Whatsapp' rel=\"noopener\"><span class='avia_hidden_link_text'>Compartir en Whatsapp<\/span><\/a><\/li><li class='av-share-link av-social-link-linkedin' ><a target=\"_blank\" aria-label=\"Compartir en LinkedIn\" href='https:\/\/linkedin.com\/shareArticle?mini=true&#038;title=Firman%20acuerdo%20para%20facilitar%20el%20traspaso%20de%20establecimientos%20desde%20las%20municipalidades%20al%20nuevo%20servicio%20SLEP%20Ays%C3%A9n&#038;url=https:\/\/radiorevelacionfm.cl\/?p=31613' aria-hidden='false' data-av_icon='\ue8fc' data-av_iconfont='entypo-fontello' title='' data-avia-related-tooltip='Compartir en LinkedIn' rel=\"noopener\"><span class='avia_hidden_link_text'>Compartir en LinkedIn<\/span><\/a><\/li><li class='av-share-link av-social-link-mail' ><a  aria-label=\"Compartir por correo\" href='mailto:?subject=Firman%20acuerdo%20para%20facilitar%20el%20traspaso%20de%20establecimientos%20desde%20las%20municipalidades%20al%20nuevo%20servicio%20SLEP%20Ays%C3%A9n&#038;body=https:\/\/radiorevelacionfm.cl\/?p=31613' aria-hidden='false' data-av_icon='\ue805' data-av_iconfont='entypo-fontello' title='' data-avia-related-tooltip='Compartir por correo'><span class='avia_hidden_link_text'>Compartir por correo<\/span><\/a><\/li><\/ul><\/div><\/div>\n<div  style='height:50px' class='hr hr-invisible   avia-builder-el-8  el_after_av_social_share  el_before_av_comments_list '><span class='hr-inner ' ><span class='hr-inner-style'><\/span><\/span><\/div>\n<div  class='av-buildercomment  av-blog-meta-html-info-disabled av-blog-meta-tag-disabled  '><\/div>\n","protected":false},"excerpt":{"rendered":"","protected":false},"author":1,"featured_media":31614,"comment_status":"open","ping_status":"open","sticky":false,"template":"","format":"standard","meta":{"footnotes":""},"categories":[49],"tags":[],"class_list":["post-31613","post","type-post","status-publish","format-standard","has-post-thumbnail","hentry","category-educacion"],"jetpack_featured_media_url":"https:\/\/radiorevelacionfm.cl\/wp-content\/uploads\/2023\/06\/firma-convenio1-1_optimized.jpg","_links":{"self":[{"href":"https:\/\/radiorevelacionfm.cl\/index.php?rest_route=\/wp\/v2\/posts\/31613","targetHints":{"allow":["GET"]}}],"collection":[{"href":"https:\/\/radiorevelacionfm.cl\/index.php?rest_route=\/wp\/v2\/posts"}],"about":[{"href":"https:\/\/radiorevelacionfm.cl\/index.php?rest_route=\/wp\/v2\/types\/post"}],"author":[{"embeddable":true,"href":"https:\/\/radiorevelacionfm.cl\/index.php?rest_route=\/wp\/v2\/users\/1"}],"replies":[{"embeddable":true,"href":"https:\/\/radiorevelacionfm.cl\/index.php?rest_route=%2Fwp%2Fv2%2Fcomments&post=31613"}],"version-history":[{"count":1,"href":"https:\/\/radiorevelacionfm.cl\/index.php?rest_route=\/wp\/v2\/posts\/31613\/revisions"}],"predecessor-version":[{"id":31615,"href":"https:\/\/radiorevelacionfm.cl\/index.php?rest_route=\/wp\/v2\/posts\/31613\/revisions\/31615"}],"wp:featuredmedia":[{"embeddable":true,"href":"https:\/\/radiorevelacionfm.cl\/index.php?rest_route=\/wp\/v2\/media\/31614"}],"wp:attachment":[{"href":"https:\/\/radiorevelacionfm.cl\/index.php?rest_route=%2Fwp%2Fv2%2Fmedia&parent=31613"}],"wp:term":[{"taxonomy":"category","embeddable":true,"href":"https:\/\/radiorevelacionfm.cl\/index.php?rest_route=%2Fwp%2Fv2%2Fcategories&post=31613"},{"taxonomy":"post_tag","embeddable":true,"href":"https:\/\/radiorevelacionfm.cl\/index.php?rest_route=%2Fwp%2Fv2%2Ftags&post=31613"}],"curies":[{"name":"wp","href":"https:\/\/api.w.org\/{rel}","templated":true}]}}