{"id":31611,"date":"2023-06-03T13:39:36","date_gmt":"2023-06-03T16:39:36","guid":{"rendered":"https:\/\/radiorevelacionfm.cl\/?p=31611"},"modified":"2023-06-03T13:39:36","modified_gmt":"2023-06-03T16:39:36","slug":"en-ciencias-anuncian-nuevo-fondo-para-reforzar-rol-de-las-universidades-como-actor-clave-en-el-desarrollo-del-pais","status":"publish","type":"post","link":"https:\/\/radiorevelacionfm.cl\/?p=31611","title":{"rendered":"En Ciencias anuncian nuevo fondo para reforzar rol de las universidades como actor clave en el desarrollo del pa\u00eds"},"content":{"rendered":"<div class=\"flex_column av_one_full  flex_column_div av-zero-column-padding first  avia-builder-el-0  el_before_av_one_full  avia-builder-el-first  \" style='border-radius:0px; '><div  class='avia-image-container  av-styling-    avia-builder-el-1  avia-builder-el-no-sibling  avia-align-center '  itemprop=\"image\" itemscope=\"itemscope\" itemtype=\"https:\/\/schema.org\/ImageObject\"  ><div class='avia-image-container-inner'><div class='avia-image-overlay-wrap'><img decoding=\"async\" class='wp-image-25706 avia-img-lazy-loading-not-25706 avia_image' src=\"https:\/\/radiorevelacionfm.cl\/wp-content\/uploads\/2022\/12\/Ciencia-abierta-2-1-1.jpg\" alt='' title='Ciencia abierta 2 (1) (1)' height=\"600\" width=\"800\"  itemprop=\"thumbnailUrl\" srcset=\"https:\/\/radiorevelacionfm.cl\/wp-content\/uploads\/2022\/12\/Ciencia-abierta-2-1-1.jpg 800w, https:\/\/radiorevelacionfm.cl\/wp-content\/uploads\/2022\/12\/Ciencia-abierta-2-1-1-300x225.jpg 300w, https:\/\/radiorevelacionfm.cl\/wp-content\/uploads\/2022\/12\/Ciencia-abierta-2-1-1-768x576.jpg 768w, https:\/\/radiorevelacionfm.cl\/wp-content\/uploads\/2022\/12\/Ciencia-abierta-2-1-1-705x529.jpg 705w, https:\/\/radiorevelacionfm.cl\/wp-content\/uploads\/2022\/12\/Ciencia-abierta-2-1-1-600x450.jpg 600w\" sizes=\"(max-width: 800px) 100vw, 800px\" \/><\/div><\/div><\/div><\/div><div class=\"flex_column av_one_full  flex_column_div av-zero-column-padding first  avia-builder-el-2  el_after_av_one_full  el_before_av_one_full  column-top-margin\" style='border-radius:0px; '><section class=\"av_textblock_section \"  itemscope=\"itemscope\" itemtype=\"https:\/\/schema.org\/BlogPosting\" itemprop=\"blogPost\" ><div class='avia_textblock  '   itemprop=\"text\" ><p style=\"text-align: center;\"><strong><span style=\"font-size: 18pt;\">En Ciencias anuncian nuevo fondo para reforzar rol de las universidades como actor clave en el desarrollo del pa\u00eds<\/span><\/strong><\/p>\n<div id=\"gtx-trans\" style=\"position: absolute; left: -50px; top: 4.31534px;\">\n<div class=\"gtx-trans-icon\"><\/div>\n<\/div>\n<\/div><\/section><\/div><div class=\"flex_column av_one_full  flex_column_div av-zero-column-padding first  avia-builder-el-4  el_after_av_one_full  el_before_av_hr  column-top-margin\" style='border-radius:0px; '><section class=\"av_textblock_section \"  itemscope=\"itemscope\" itemtype=\"https:\/\/schema.org\/BlogPosting\" itemprop=\"blogPost\" ><div class='avia_textblock  '   itemprop=\"text\" ><p class=\"v1MsoNormal\" style=\"text-align: justify;\"><span lang=\"es\">Uno de los compromisos del Gobierno del Presidente Gabriel Boric es aumentar el presupuesto p\u00fablico en materia de investigaci\u00f3n y desarrollo (I+D). Durante su segunda Cuenta P\u00fablica, presentada este jueves ante el Congreso Nacional, explic\u00f3 que eso se har\u00e1 por dos caminos: \u00abUno empujado por nuestras universidades regionales -la gran mayor\u00eda estatales- en todo Chile; y otro por aquellas universidades que hoy ya mueven la frontera de lo posible y nos acercan al futuro\u00bb. Junto con ello, destac\u00f3 la necesidad de poner a la ciencia, la tecnolog\u00eda, los conocimientos y la innovaci\u00f3n (CTCI) al centro del desarrollo de pol\u00edticas de cohesi\u00f3n, seguridad social y descentralizaci\u00f3n, y recalc\u00f3 la importancia de la investigaci\u00f3n para pol\u00edticas p\u00fablicas que ya existe en los Institutos Tecnol\u00f3gicos P\u00fablicos (ITPs), y que su gobierno apuesta por aumentar y fortalecer.<\/span><\/p>\n<p class=\"v1MsoNormal\" style=\"text-align: justify;\"><span lang=\"es\">A continuaci\u00f3n de la Cuenta P\u00fablica Presidencial -donde los temas de ciencia y tecnolog\u00eda tuvieron un despliegue mayor al de a\u00f1os anteriores- la ministra de Ciencia, Ais\u00e9n Etcheverry, dio m\u00e1s detalles: \u00abSe trabaja en la creaci\u00f3n de un fondo que permita convenios directos entre universidades regionales y el MinCiencia para que puedan acceder a recursos, y as\u00ed crear capacidades de investigaci\u00f3n y desarrollo de tecnolog\u00eda guiadas tanto por las necesidades como por las prioridades de sus propios territorios. \u00abHay otro camino dirigido a aquellas universidades que tienen mayor capacidad de I+D, que hoy ya est\u00e1n aportando para que podamos dar un salto, posicionarnos como pa\u00eds y aportar con avances en la primera l\u00ednea de \u00e1reas que son de inter\u00e9s prioritario para el pa\u00eds\u00bb.<\/span><\/p>\n<p class=\"v1MsoNormal\" style=\"text-align: justify;\"><span lang=\"es\">La seremi de Ciencia de la macrozona Austral, Ver\u00f3nica Vallejos, coment\u00f3 que \u00abel sistema cient\u00edfico tecnol\u00f3gico se ha desarrollado de manera potente a lo largo de los a\u00f1os gracias a la concursabilidad, mecanismo continuar\u00e1 fortaleci\u00e9ndose. Adem\u00e1s, como lo indic\u00f3 el Presidente en la cuenta p\u00fablica nacional, y nuestra ministra en la cuenta participativa, se sumar\u00e1 una v\u00eda complementaria donde el MinCiencia trabajar\u00e1 junto con las universidades que hoy no pueden hacer investigaci\u00f3n, o cuyo nivel de investigaci\u00f3n es menor, entreg\u00e1ndoles mayores recursos a trav\u00e9s de convenios directos que les permitan responder a sus requerimientos espec\u00edficos para laboratorios, contrataci\u00f3n de investigadores y desarrollo de l\u00edneas de investigaci\u00f3n con pertinencia territorial, entre otros, y as\u00ed permitirles ser m\u00e1s competitivas y acortar la brecha con otras instituciones que poseen m\u00e1s capacidades\u00bb.<\/span><\/p>\n<p class=\"v1MsoNormal\" style=\"text-align: justify;\"><span lang=\"es\">En ese sentido, la autoridad regional recalc\u00f3 la relevancia de la investigaci\u00f3n subant\u00e1rtica y ant\u00e1rtica de la macrozona, \u00abprincipalmente en cambio clim\u00e1tico -gracias a los importantes ecosistemas de fiordos y glaciares que alberga-, tem\u00e1tica en la cual tanto la Universidad de Ays\u00e9n como la de Magallanes tienen la oportunidad de ser referentes. No podemos olvidar adem\u00e1s que la CTCI en la macrozona se est\u00e1 potenciando con la presencia del Centro Subant\u00e1rtico Cabo de Hornos, que aloja a dos centros ANID, el Basal CHIC y el Milenio BASE, los cuales ya est\u00e1n generando importante informaci\u00f3n para aportar al conocimiento y comprensi\u00f3n del efecto del cambio clim\u00e1tico, particularmente en la regi\u00f3n de Magallanes y la Ant\u00e1rtica Chilena\u00bb.<\/span><\/p>\n<p class=\"v1MsoNormal\" style=\"text-align: justify;\"><b><span lang=\"es\">Investigaci\u00f3n Estatal<\/span><\/b><\/p>\n<p class=\"v1MsoNormal\" style=\"text-align: justify;\"><span lang=\"es\">El Presidente de la Rep\u00fablica tambi\u00e9n resalt\u00f3 la investigaci\u00f3n que se realiza al interior del Estado:\u00a0 \u00ab<\/span><span lang=\"es\">Junto con potenciar los Institutos Tecnol\u00f3gicos P\u00fablicos de Investigaci\u00f3n (ITPs) que hoy tienen los ministerios de agricultura, econom\u00eda, defensa y energ\u00eda, entre otros, crearemos el Instituto de Litio y Salares, que ya anunciamos en la Estrategia Nacional del Litio, y el Instituto de Convivencia y Sostenibilidad Social, que nos permitir\u00e1 avanzar en mejores pol\u00edticas de cohesi\u00f3n social que tanto necesita nuestro pa\u00eds\u00bb.<\/span><\/p>\n<p class=\"v1MsoNormal\" style=\"text-align: justify;\"><span lang=\"es\">Al respecto, la Subsecretaria del MinCiencia, Carolina Gainza, profundiz\u00f3: \u00abTenemos m\u00e1s de 25 a\u00f1os de inversi\u00f3n en pol\u00edticas de centros de investigaci\u00f3n y de fortalecimiento de las \u00e1reas de las humanidades, artes y ciencias sociales, que nos han permitido generar conocimiento y evidencias valiosas en materia de convivencia y cohesi\u00f3n social. Pero hoy adem\u00e1s tenemos la necesidad urgente de transformar estos conocimientos en bienes p\u00fablicos que nos aseguren un desarrollo verdaderamente sostenible y esto implica contar con capacidades de investigaci\u00f3n aplicada, de desarrollo e innovaci\u00f3n tecnol\u00f3gica y social para fortalecer el tejido social, la convivencia y la participaci\u00f3n, elementos necesarios para un desarrollo social y ambientalmente sostenible\u00bb.<\/span><\/p>\n<p class=\"v1MsoNormal\" style=\"text-align: justify;\"><span lang=\"es\">La subsecretaria adelant\u00f3 que desde el ministerio ya est\u00e1n trabajando junto a Corfo para iniciar el dise\u00f1o institucional de estos ITPs, los que ser\u00e1n un valioso actor que dinamice la gesti\u00f3n e innovaci\u00f3n en el sistema nacional de CTCI.<\/span><\/p>\n<\/div><\/section><\/div><div  style='height:50px' class='hr hr-invisible   avia-builder-el-6  el_after_av_one_full  el_before_av_social_share '><span class='hr-inner ' ><span class='hr-inner-style'><\/span><\/span><\/div><\/p>\n<div  class='av-social-sharing-box  avia-builder-el-7  el_after_av_hr  el_before_av_hr  '><div class='av-share-box'><h5 class='av-share-link-description av-no-toc '>Compartir esta noticia<\/h5><ul class='av-share-box-list noLightbox'><li class='av-share-link av-social-link-facebook' ><a target=\"_blank\" aria-label=\"Compartir en Facebook\" href='https:\/\/www.facebook.com\/sharer.php?u=https:\/\/radiorevelacionfm.cl\/?p=31611&#038;t=En%20Ciencias%20anuncian%20nuevo%20fondo%20para%20reforzar%20rol%20de%20las%20universidades%20como%20actor%20clave%20en%20el%20desarrollo%20del%20pa%C3%ADs' aria-hidden='false' data-av_icon='\ue8f3' data-av_iconfont='entypo-fontello' title='' data-avia-related-tooltip='Compartir en Facebook' rel=\"noopener\"><span class='avia_hidden_link_text'>Compartir en Facebook<\/span><\/a><\/li><li class='av-share-link av-social-link-twitter' ><a target=\"_blank\" aria-label=\"Compartir en Twitter\" href='https:\/\/twitter.com\/share?text=En%20Ciencias%20anuncian%20nuevo%20fondo%20para%20reforzar%20rol%20de%20las%20universidades%20como%20actor%20clave%20en%20el%20desarrollo%20del%20pa%C3%ADs&#038;url=https:\/\/radiorevelacionfm.cl\/?p=31611' aria-hidden='false' data-av_icon='\ue8f1' data-av_iconfont='entypo-fontello' title='' data-avia-related-tooltip='Compartir en Twitter' rel=\"noopener\"><span class='avia_hidden_link_text'>Compartir en Twitter<\/span><\/a><\/li><li class='av-share-link av-social-link-whatsapp' ><a target=\"_blank\" aria-label=\"Compartir en Whatsapp\" href='https:\/\/api.whatsapp.com\/send?text=https:\/\/radiorevelacionfm.cl\/?p=31611' aria-hidden='false' data-av_icon='\uf232' data-av_iconfont='entypo-fontello' title='' data-avia-related-tooltip='Compartir en Whatsapp' rel=\"noopener\"><span class='avia_hidden_link_text'>Compartir en Whatsapp<\/span><\/a><\/li><li class='av-share-link av-social-link-linkedin' ><a target=\"_blank\" aria-label=\"Compartir en LinkedIn\" href='https:\/\/linkedin.com\/shareArticle?mini=true&#038;title=En%20Ciencias%20anuncian%20nuevo%20fondo%20para%20reforzar%20rol%20de%20las%20universidades%20como%20actor%20clave%20en%20el%20desarrollo%20del%20pa%C3%ADs&#038;url=https:\/\/radiorevelacionfm.cl\/?p=31611' aria-hidden='false' data-av_icon='\ue8fc' data-av_iconfont='entypo-fontello' title='' data-avia-related-tooltip='Compartir en LinkedIn' rel=\"noopener\"><span class='avia_hidden_link_text'>Compartir en LinkedIn<\/span><\/a><\/li><li class='av-share-link av-social-link-mail' ><a  aria-label=\"Compartir por correo\" href='mailto:?subject=En%20Ciencias%20anuncian%20nuevo%20fondo%20para%20reforzar%20rol%20de%20las%20universidades%20como%20actor%20clave%20en%20el%20desarrollo%20del%20pa%C3%ADs&#038;body=https:\/\/radiorevelacionfm.cl\/?p=31611' aria-hidden='false' data-av_icon='\ue805' data-av_iconfont='entypo-fontello' title='' data-avia-related-tooltip='Compartir por correo'><span class='avia_hidden_link_text'>Compartir por correo<\/span><\/a><\/li><\/ul><\/div><\/div>\n<div  style='height:50px' class='hr hr-invisible   avia-builder-el-8  el_after_av_social_share  el_before_av_comments_list '><span class='hr-inner ' ><span class='hr-inner-style'><\/span><\/span><\/div>\n<div  class='av-buildercomment  av-blog-meta-html-info-disabled av-blog-meta-tag-disabled  '><\/div>\n","protected":false},"excerpt":{"rendered":"","protected":false},"author":1,"featured_media":25706,"comment_status":"open","ping_status":"open","sticky":false,"template":"","format":"standard","meta":{"footnotes":""},"categories":[53],"tags":[],"class_list":["post-31611","post","type-post","status-publish","format-standard","has-post-thumbnail","hentry","category-ciencia"],"jetpack_featured_media_url":"https:\/\/radiorevelacionfm.cl\/wp-content\/uploads\/2022\/12\/Ciencia-abierta-2-1-1.jpg","_links":{"self":[{"href":"https:\/\/radiorevelacionfm.cl\/index.php?rest_route=\/wp\/v2\/posts\/31611","targetHints":{"allow":["GET"]}}],"collection":[{"href":"https:\/\/radiorevelacionfm.cl\/index.php?rest_route=\/wp\/v2\/posts"}],"about":[{"href":"https:\/\/radiorevelacionfm.cl\/index.php?rest_route=\/wp\/v2\/types\/post"}],"author":[{"embeddable":true,"href":"https:\/\/radiorevelacionfm.cl\/index.php?rest_route=\/wp\/v2\/users\/1"}],"replies":[{"embeddable":true,"href":"https:\/\/radiorevelacionfm.cl\/index.php?rest_route=%2Fwp%2Fv2%2Fcomments&post=31611"}],"version-history":[{"count":1,"href":"https:\/\/radiorevelacionfm.cl\/index.php?rest_route=\/wp\/v2\/posts\/31611\/revisions"}],"predecessor-version":[{"id":31612,"href":"https:\/\/radiorevelacionfm.cl\/index.php?rest_route=\/wp\/v2\/posts\/31611\/revisions\/31612"}],"wp:featuredmedia":[{"embeddable":true,"href":"https:\/\/radiorevelacionfm.cl\/index.php?rest_route=\/wp\/v2\/media\/25706"}],"wp:attachment":[{"href":"https:\/\/radiorevelacionfm.cl\/index.php?rest_route=%2Fwp%2Fv2%2Fmedia&parent=31611"}],"wp:term":[{"taxonomy":"category","embeddable":true,"href":"https:\/\/radiorevelacionfm.cl\/index.php?rest_route=%2Fwp%2Fv2%2Fcategories&post=31611"},{"taxonomy":"post_tag","embeddable":true,"href":"https:\/\/radiorevelacionfm.cl\/index.php?rest_route=%2Fwp%2Fv2%2Ftags&post=31611"}],"curies":[{"name":"wp","href":"https:\/\/api.w.org\/{rel}","templated":true}]}}