{"id":3161,"date":"2021-04-15T17:46:54","date_gmt":"2021-04-15T20:46:54","guid":{"rendered":"https:\/\/radiorevelacionfm.cl\/?p=3161"},"modified":"2021-04-15T17:46:54","modified_gmt":"2021-04-15T20:46:54","slug":"centro-de-la-mujer-naa-alvere-sensibiliza-sobre-violencia-de-genero-a-empresa-mowi-chile","status":"publish","type":"post","link":"https:\/\/radiorevelacionfm.cl\/?p=3161","title":{"rendered":"Centro de la Mujer Naa Alver\u00e9 sensibiliza sobre Violencia de G\u00e9nero a empresa Mowi Chile"},"content":{"rendered":"<div class=\"flex_column av_one_full  flex_column_div av-zero-column-padding first  avia-builder-el-0  el_before_av_one_full  avia-builder-el-first  \" style='border-radius:0px; '><div  class='avia-image-container  av-styling-    avia-builder-el-1  avia-builder-el-no-sibling  avia-align-center '  itemprop=\"image\" itemscope=\"itemscope\" itemtype=\"https:\/\/schema.org\/ImageObject\"  ><div class='avia-image-container-inner'><div class='avia-image-overlay-wrap'><img decoding=\"async\" class='wp-image-0 avia-img-lazy-loading-not-0 avia_image' src=\"https:\/\/radiorevelacionfm.cl\/wp-content\/uploads\/2021\/04\/taller-MOWI-3-1.jpg\" alt='' title=''   itemprop=\"thumbnailUrl\"  \/><\/div><\/div><\/div><\/div><div class=\"flex_column av_one_full  flex_column_div av-zero-column-padding first  avia-builder-el-2  el_after_av_one_full  el_before_av_one_full  column-top-margin\" style='border-radius:0px; '><section class=\"av_textblock_section \"  itemscope=\"itemscope\" itemtype=\"https:\/\/schema.org\/BlogPosting\" itemprop=\"blogPost\" ><div class='avia_textblock  '   itemprop=\"text\" ><p style=\"text-align: center;\"><span style=\"font-size: 18pt;\"><strong>Centro de la Mujer Naa Alver\u00e9 sensibiliza sobre Violencia de G\u00e9nero a empresa Mowi Chile<\/strong><\/span><\/p>\n<div id=\"gtx-trans\" style=\"position: absolute; left: -50px; top: 4.31534px;\">\n<div class=\"gtx-trans-icon\"><\/div>\n<\/div>\n<\/div><\/section><\/div><div class=\"flex_column av_one_full  flex_column_div av-zero-column-padding first  avia-builder-el-4  el_after_av_one_full  el_before_av_hr  column-top-margin\" style='border-radius:0px; '><section class=\"av_textblock_section \"  itemscope=\"itemscope\" itemtype=\"https:\/\/schema.org\/BlogPosting\" itemprop=\"blogPost\" ><div class='avia_textblock  '   itemprop=\"text\" ><p style=\"font-weight: 400; text-align: justify;\">En el marco del convenio entre el Servicio Nacional de la Mujer y la Equidad de G\u00e9nero con la Municipalidad de Ays\u00e9n y la empresa acu\u00edcola Mowi Chile S.A. \u2013 firmado en marzo pasado- el Centro de la Mujer Naa Alver\u00e9 dict\u00f3 un taller sobre Violencia de G\u00e9nero a trabajadoras\/es de la empresa acu\u00edcola en Puerto Chacabuco. Actividad que se enmarca en el esp\u00edritu del acuerdo que apunta a contribuir al rol preventivo de esta problem\u00e1tica sociocultural.<\/p>\n<p style=\"font-weight: 400; text-align: justify;\">Seg\u00fan la Cuarta Encuesta Nacional de Violencia contra la Mujer en el \u00c1mbito Intrafamiliar y Otros Espacios del Ministerio del Interior del a\u00f1o 2020, el 41,4% de las mujeres entre 15 y 65 a\u00f1os se\u00f1ala haber sufrido alg\u00fan tipo de violencia en alg\u00fan momento en su vida. De \u00e9stas, el 38,3% sufri\u00f3 alguna vez en la vida violencia psicol\u00f3gica, el 15,5% violencia f\u00edsica y el 6,9% violencia sexual.\u00a0 Respecto a estas cifras la Directora Regional de SernamEG, Elizabeth Guti\u00e9rrez Eggers, sostuvo que \u201cestas cifras demuestran la importancia de continuar efectuando una labor preventiva con la realizaci\u00f3n de talleres y capacitaciones, en los que se invita a reflexionar sobre el alto impacto que tiene este problema social en el bienestar de las mujeres, quienes son las principales afectadas; ya que limita el ejercicio de su autonom\u00eda f\u00edsica y tambi\u00e9n econ\u00f3mica, porque frena su acceso a oportunidades de desarrollo laboral y personal\u201d.<\/p>\n<p style=\"font-weight: 400; text-align: justify;\">Cabe mencionar que uno de los objetivos espec\u00edficos de los centros de la mujer es aportar en la prevenci\u00f3n de la Violencia contra las Mujeres en el espacio local, a trav\u00e9s de la implementaci\u00f3n de acciones en las l\u00edneas de difusi\u00f3n, sensibilizaci\u00f3n, capacitaci\u00f3n, articulaci\u00f3n y coordinaci\u00f3n en redes sectoriales. En esta l\u00ednea, el Coordinador del Centro de la Mujer de Puerto Ays\u00e9n, V\u00edctor Llanca Altamirano, destac\u00f3 el compromiso de la Municipalidad de Ays\u00e9n en pos de avanzar en la erradicaci\u00f3n de la violencia contra las mujeres; el que se manifiesta con la puesta en marcha de la parte operativa del convenio tripartito. Al mismo tiempo se refiri\u00f3 a las tem\u00e1ticas abordadas en el taller, precisando que \u201cse entregaron conocimientos a los supervisores de la empresa Mowi, espec\u00edficamente sobre la tem\u00e1tica legal respecto a una posible denuncia; es decir, c\u00f3mo y ante qu\u00e9 instituci\u00f3n recurrir. Tambi\u00e9n en qu\u00e9 consisten las medidas cautelares y la duraci\u00f3n en la tramitaci\u00f3n de una causa por violencia intrafamiliar\u201d.<\/p>\n<p style=\"font-weight: 400; text-align: justify;\">En tanto, la Gerente de Recursos Humanos de Mowi Chile, Mar\u00eda Jos\u00e9 Rioja, se\u00f1al\u00f3 que \u201cen esta jornada se abord\u00f3 un tema muy importante que, como equipo, nos va a permitir estar mejor preparados e informados en esta l\u00ednea para poder efectivamente convertirnos en un apoyo. Agradezco a todas y todos los que participaron en esta instancia. Para Mowi, avanzar en la equidad de g\u00e9nero es uno de los principales objetivos que nos hemos impuesto como compa\u00f1\u00eda, y en ese contexto, este convenio se traduce en un gran desaf\u00edo donde enfocaremos todos nuestros esfuerzos. Buscamos generar acciones que permitan aumentar la participaci\u00f3n y el desarrollo de las mujeres en nuestra compa\u00f1\u00eda y es as\u00ed como vemos que la realidad nos pide un esfuerzo adicional en el fomento de instancias de di\u00e1logo y concientizaci\u00f3n sobre la violencia contra la mujer, as\u00ed que estamos totalmente comprometidos con ello\u201d.<\/p>\n<p style=\"font-weight: 400; text-align: justify;\">Junto con la realizaci\u00f3n de talleres por el Centro de la Mujer Naa Alver\u00e9 sobre sensibilizaci\u00f3n de violencia de g\u00e9nero, oferta program\u00e1tica y primera acogida a la empresa Mowi Chile, el convenio tripartito compromete habilitar un espacio privado y c\u00f3modo de atenci\u00f3n para las trabajadoras que requieran orientaci\u00f3n y asesor\u00eda legal. Tambi\u00e9n, la generaci\u00f3n de oportunidades de empleo en forma preferencial y prioritaria para aquellas mujeres que asisten al dispositivo, dependiente de SernamEG y la Municipalidad de Ays\u00e9n.<\/p>\n<\/div><\/section><\/div><div  style='height:50px' class='hr hr-invisible   avia-builder-el-6  el_after_av_one_full  el_before_av_social_share '><span class='hr-inner ' ><span class='hr-inner-style'><\/span><\/span><\/div><\/p>\n<div  class='av-social-sharing-box  avia-builder-el-7  el_after_av_hr  el_before_av_hr  '><div class='av-share-box'><h5 class='av-share-link-description av-no-toc '>Compartir esta noticia<\/h5><ul class='av-share-box-list noLightbox'><li class='av-share-link av-social-link-facebook' ><a target=\"_blank\" aria-label=\"Compartir en Facebook\" href='https:\/\/www.facebook.com\/sharer.php?u=https:\/\/radiorevelacionfm.cl\/?p=3161&#038;t=Centro%20de%20la%20Mujer%20Naa%20Alver%C3%A9%20sensibiliza%20sobre%20Violencia%20de%20G%C3%A9nero%20a%20empresa%20Mowi%20Chile' aria-hidden='false' data-av_icon='\ue8f3' data-av_iconfont='entypo-fontello' title='' data-avia-related-tooltip='Compartir en Facebook' rel=\"noopener\"><span class='avia_hidden_link_text'>Compartir en Facebook<\/span><\/a><\/li><li class='av-share-link av-social-link-twitter' ><a target=\"_blank\" aria-label=\"Compartir en Twitter\" href='https:\/\/twitter.com\/share?text=Centro%20de%20la%20Mujer%20Naa%20Alver%C3%A9%20sensibiliza%20sobre%20Violencia%20de%20G%C3%A9nero%20a%20empresa%20Mowi%20Chile&#038;url=https:\/\/radiorevelacionfm.cl\/?p=3161' aria-hidden='false' data-av_icon='\ue8f1' data-av_iconfont='entypo-fontello' title='' data-avia-related-tooltip='Compartir en Twitter' rel=\"noopener\"><span class='avia_hidden_link_text'>Compartir en Twitter<\/span><\/a><\/li><li class='av-share-link av-social-link-whatsapp' ><a target=\"_blank\" aria-label=\"Compartir en Whatsapp\" href='https:\/\/api.whatsapp.com\/send?text=https:\/\/radiorevelacionfm.cl\/?p=3161' aria-hidden='false' data-av_icon='\uf232' data-av_iconfont='entypo-fontello' title='' data-avia-related-tooltip='Compartir en Whatsapp' rel=\"noopener\"><span class='avia_hidden_link_text'>Compartir en Whatsapp<\/span><\/a><\/li><li class='av-share-link av-social-link-linkedin' ><a target=\"_blank\" aria-label=\"Compartir en LinkedIn\" href='https:\/\/linkedin.com\/shareArticle?mini=true&#038;title=Centro%20de%20la%20Mujer%20Naa%20Alver%C3%A9%20sensibiliza%20sobre%20Violencia%20de%20G%C3%A9nero%20a%20empresa%20Mowi%20Chile&#038;url=https:\/\/radiorevelacionfm.cl\/?p=3161' aria-hidden='false' data-av_icon='\ue8fc' data-av_iconfont='entypo-fontello' title='' data-avia-related-tooltip='Compartir en LinkedIn' rel=\"noopener\"><span class='avia_hidden_link_text'>Compartir en LinkedIn<\/span><\/a><\/li><li class='av-share-link av-social-link-mail' ><a  aria-label=\"Compartir por correo\" href='mailto:?subject=Centro%20de%20la%20Mujer%20Naa%20Alver%C3%A9%20sensibiliza%20sobre%20Violencia%20de%20G%C3%A9nero%20a%20empresa%20Mowi%20Chile&#038;body=https:\/\/radiorevelacionfm.cl\/?p=3161' aria-hidden='false' data-av_icon='\ue805' data-av_iconfont='entypo-fontello' title='' data-avia-related-tooltip='Compartir por correo'><span class='avia_hidden_link_text'>Compartir por correo<\/span><\/a><\/li><\/ul><\/div><\/div>\n<div  style='height:50px' class='hr hr-invisible   avia-builder-el-8  el_after_av_social_share  el_before_av_comments_list '><span class='hr-inner ' ><span class='hr-inner-style'><\/span><\/span><\/div>\n<div  class='av-buildercomment  av-blog-meta-html-info-disabled av-blog-meta-tag-disabled  '><\/div>\n","protected":false},"excerpt":{"rendered":"","protected":false},"author":1,"featured_media":0,"comment_status":"open","ping_status":"open","sticky":false,"template":"","format":"standard","meta":{"footnotes":""},"categories":[38],"tags":[],"class_list":["post-3161","post","type-post","status-publish","format-standard","hentry","category-regional"],"jetpack_featured_media_url":"","_links":{"self":[{"href":"https:\/\/radiorevelacionfm.cl\/index.php?rest_route=\/wp\/v2\/posts\/3161","targetHints":{"allow":["GET"]}}],"collection":[{"href":"https:\/\/radiorevelacionfm.cl\/index.php?rest_route=\/wp\/v2\/posts"}],"about":[{"href":"https:\/\/radiorevelacionfm.cl\/index.php?rest_route=\/wp\/v2\/types\/post"}],"author":[{"embeddable":true,"href":"https:\/\/radiorevelacionfm.cl\/index.php?rest_route=\/wp\/v2\/users\/1"}],"replies":[{"embeddable":true,"href":"https:\/\/radiorevelacionfm.cl\/index.php?rest_route=%2Fwp%2Fv2%2Fcomments&post=3161"}],"version-history":[{"count":1,"href":"https:\/\/radiorevelacionfm.cl\/index.php?rest_route=\/wp\/v2\/posts\/3161\/revisions"}],"predecessor-version":[{"id":3163,"href":"https:\/\/radiorevelacionfm.cl\/index.php?rest_route=\/wp\/v2\/posts\/3161\/revisions\/3163"}],"wp:attachment":[{"href":"https:\/\/radiorevelacionfm.cl\/index.php?rest_route=%2Fwp%2Fv2%2Fmedia&parent=3161"}],"wp:term":[{"taxonomy":"category","embeddable":true,"href":"https:\/\/radiorevelacionfm.cl\/index.php?rest_route=%2Fwp%2Fv2%2Fcategories&post=3161"},{"taxonomy":"post_tag","embeddable":true,"href":"https:\/\/radiorevelacionfm.cl\/index.php?rest_route=%2Fwp%2Fv2%2Ftags&post=3161"}],"curies":[{"name":"wp","href":"https:\/\/api.w.org\/{rel}","templated":true}]}}