{"id":31608,"date":"2023-06-02T16:44:01","date_gmt":"2023-06-02T19:44:01","guid":{"rendered":"https:\/\/radiorevelacionfm.cl\/?p=31608"},"modified":"2023-06-02T16:44:01","modified_gmt":"2023-06-02T19:44:01","slug":"vecinos-de-islas-huichas-plantean-a-diputado-calisto-sus-preocupaciones-por-temas-pesqueros-conectividad-y-falta-de-alcantarillado","status":"publish","type":"post","link":"https:\/\/radiorevelacionfm.cl\/?p=31608","title":{"rendered":"Vecinos de Islas Huichas plantean a diputado Calisto sus preocupaciones por temas pesqueros, conectividad y falta de alcantarillado"},"content":{"rendered":"<div class=\"flex_column av_one_full  flex_column_div av-zero-column-padding first  avia-builder-el-0  el_before_av_one_full  avia-builder-el-first  \" style='border-radius:0px; '><div  class='avia-image-container  av-styling-    avia-builder-el-1  avia-builder-el-no-sibling  avia-align-center '  itemprop=\"image\" itemscope=\"itemscope\" itemtype=\"https:\/\/schema.org\/ImageObject\"  ><div class='avia-image-container-inner'><div class='avia-image-overlay-wrap'><img decoding=\"async\" class='wp-image-31609 avia-img-lazy-loading-not-31609 avia_image' src=\"https:\/\/radiorevelacionfm.cl\/wp-content\/uploads\/2023\/06\/ISLAS-HUICHAS-1-1-1.jpg\" alt='' title='ISLAS HUICHAS (1) (1) (1)' height=\"600\" width=\"878\"  itemprop=\"thumbnailUrl\" srcset=\"https:\/\/radiorevelacionfm.cl\/wp-content\/uploads\/2023\/06\/ISLAS-HUICHAS-1-1-1.jpg 878w, https:\/\/radiorevelacionfm.cl\/wp-content\/uploads\/2023\/06\/ISLAS-HUICHAS-1-1-1-300x205.jpg 300w, https:\/\/radiorevelacionfm.cl\/wp-content\/uploads\/2023\/06\/ISLAS-HUICHAS-1-1-1-768x525.jpg 768w, https:\/\/radiorevelacionfm.cl\/wp-content\/uploads\/2023\/06\/ISLAS-HUICHAS-1-1-1-705x482.jpg 705w, https:\/\/radiorevelacionfm.cl\/wp-content\/uploads\/2023\/06\/ISLAS-HUICHAS-1-1-1-450x308.jpg 450w, https:\/\/radiorevelacionfm.cl\/wp-content\/uploads\/2023\/06\/ISLAS-HUICHAS-1-1-1-600x410.jpg 600w\" sizes=\"(max-width: 878px) 100vw, 878px\" \/><\/div><\/div><\/div><\/div><div class=\"flex_column av_one_full  flex_column_div av-zero-column-padding first  avia-builder-el-2  el_after_av_one_full  el_before_av_one_full  column-top-margin\" style='border-radius:0px; '><section class=\"av_textblock_section \"  itemscope=\"itemscope\" itemtype=\"https:\/\/schema.org\/BlogPosting\" itemprop=\"blogPost\" ><div class='avia_textblock  '   itemprop=\"text\" ><p style=\"text-align: center;\"><strong><span style=\"font-size: 18pt;\">Vecinos de Islas Huichas plantean a diputado Calisto sus preocupaciones por temas pesqueros, conectividad y falta de alcantarillado<\/span><\/strong><\/p>\n<div id=\"gtx-trans\" style=\"position: absolute; left: -50px; top: 4.31534px;\">\n<div class=\"gtx-trans-icon\"><\/div>\n<\/div>\n<\/div><\/section><\/div><div class=\"flex_column av_one_full  flex_column_div av-zero-column-padding first  avia-builder-el-4  el_after_av_one_full  el_before_av_hr  column-top-margin\" style='border-radius:0px; '><section class=\"av_textblock_section \"  itemscope=\"itemscope\" itemtype=\"https:\/\/schema.org\/BlogPosting\" itemprop=\"blogPost\" ><div class='avia_textblock  '   itemprop=\"text\" ><p style=\"font-weight: 400; text-align: justify;\">Con la intenci\u00f3n de reunirse con vecinos de Puerto Aguirre, Estero Copa y Caleta Andrade, el diputado Miguel \u00c1ngel Calisto y el Consejero Regional Sergio Gonz\u00e1lez, se trasladaron hasta Islas Huichas. En la reuni\u00f3n, las principales preocupaciones planteadas por los habitantes de esta zona fueron la conectividad, la falta de alcantarillado y los temas pesqueros.<\/p>\n<p style=\"font-weight: 400; text-align: justify;\">Seg\u00fan el diputado Calisto, \u201cla principal preocupaci\u00f3n de la gente que vive del mar es la posibilidad que lleguen flotas de otras regiones a depredar sus recursos. Abordamos preocupaciones que hoy en d\u00eda nos alertan, principalmente por el tema de la ley bent\u00f3nica y la ley que crea el SBAP, que ya se aprob\u00f3 en el Congreso\u201d.<\/p>\n<p style=\"font-weight: 400; text-align: justify;\">Seg\u00fan el Consejero Regional Sergio Gonz\u00e1lez, \u201cescuchamos sobre todo lo que es el tema de zonas contiguas, las modificaciones de ley que se est\u00e1n tramitando. Como Gobierno Regional y como Consejo Regional vamos a seguir atentos para poder apoyar en cualquier instancia que tengan que ver con las necesidades que tenga nuestra isla\u201d.<\/p>\n<p style=\"font-weight: 400; text-align: justify;\">Cristian Ch\u00e1vez, representante de la mesa bent\u00f3nica de Ays\u00e9n, indic\u00f3 que \u201cestamos muy preocupados, porque sentimos que se nos est\u00e1n acabando los recursos y se nos viene la m\u00e1quina encima. Tenemos muchos problemas, el primero de las Zonas Contiguas. Lo que m\u00e1s nos preocupa es que una comuna vota a favor de las Zonas contiguas, como es el caso de Guaitecas, y est\u00e1 votando a favor de extraer los recursos desde otras comunas, no de su territorio\u201d.<\/p>\n<p style=\"font-weight: 400; text-align: justify;\">El dirigente indic\u00f3 que \u201cse sacan recursos especialmente de la comuna de Ays\u00e9n, de ac\u00e1 del sector de Islas Huichas. Estamos muy preocupados por que ya sabemos que la flota de la d\u00e9cima regi\u00f3n se nos viene encima. Agradecemos que las autoridades vengan para ac\u00e1. Como pescadores artesanales creemos que vamos directo a un colapso, se lo venimos diciendo a la Subsecretaria de Pesca que el erizo se va a exterminar, porque no lo est\u00e1n cuidando\u201d.<\/p>\n<p style=\"font-weight: 400; text-align: justify;\"><strong>Alcantarillado<\/strong><\/p>\n<p style=\"font-weight: 400; text-align: justify;\">El legislador se refiri\u00f3 a otra de las necesidades planteadas por los vecinos, el alcantarillado. Seg\u00fan el legislador, \u201ceste es un tema hist\u00f3rico, muy urgente y necesario que tenemos que buscarle una soluci\u00f3n. Es importante que el Municipio de Ays\u00e9n presente un proyecto que sea viable y permita la construcci\u00f3n de un alcantarillado definitivo en la zona\u201d.<\/p>\n<p style=\"font-weight: 400; text-align: justify;\"><strong>Conectividad<\/strong><\/p>\n<p style=\"font-weight: 400; text-align: justify;\">Con respecto a este tema, el diputado Calisto indic\u00f3 que \u201choy en d\u00eda los vecinos se est\u00e1n demorando mucho para llegar a Ays\u00e9n, incluso 14 horas, lo que genera una serie de problemas para las personas que viven ac\u00e1, que muchas veces deben ir por temas de salud o para hacer tr\u00e1mites a la capital comunal\u201d, se\u00f1al\u00f3 el legislador.<\/p>\n<p style=\"font-weight: 400; text-align: justify;\">Finalmente, Esteban Barrientos, vecino del sector, asegur\u00f3 que \u201cla conectividad est\u00e1 muy complicada en la isla. Creo que la Seremi nos ha abandonado bastante en este tema, y se trata del tema m\u00e1s importante. Una buena conectividad mejora la salud, la educaci\u00f3n, no es lo mismo que vivir en el continente. Nosotros necesitamos seguridad en materia de conectividad. La \u00faltima barcaza que nos pusieron don Beto, no nos entrega eso. No tiene las comodidades para el adulto mayor y se demora mucho\u201d.<\/p>\n<\/div><\/section><\/div><div  style='height:50px' class='hr hr-invisible   avia-builder-el-6  el_after_av_one_full  el_before_av_social_share '><span class='hr-inner ' ><span class='hr-inner-style'><\/span><\/span><\/div><\/p>\n<div  class='av-social-sharing-box  avia-builder-el-7  el_after_av_hr  el_before_av_hr  '><div class='av-share-box'><h5 class='av-share-link-description av-no-toc '>Compartir esta noticia<\/h5><ul class='av-share-box-list noLightbox'><li class='av-share-link av-social-link-facebook' ><a target=\"_blank\" aria-label=\"Compartir en Facebook\" href='https:\/\/www.facebook.com\/sharer.php?u=https:\/\/radiorevelacionfm.cl\/?p=31608&#038;t=Vecinos%20de%20Islas%20Huichas%20plantean%20a%20diputado%20Calisto%20sus%20preocupaciones%20por%20temas%20pesqueros%2C%20conectividad%20y%20falta%20de%20alcantarillado' aria-hidden='false' data-av_icon='\ue8f3' data-av_iconfont='entypo-fontello' title='' data-avia-related-tooltip='Compartir en Facebook' rel=\"noopener\"><span class='avia_hidden_link_text'>Compartir en Facebook<\/span><\/a><\/li><li class='av-share-link av-social-link-twitter' ><a target=\"_blank\" aria-label=\"Compartir en Twitter\" href='https:\/\/twitter.com\/share?text=Vecinos%20de%20Islas%20Huichas%20plantean%20a%20diputado%20Calisto%20sus%20preocupaciones%20por%20temas%20pesqueros%2C%20conectividad%20y%20falta%20de%20alcantarillado&#038;url=https:\/\/radiorevelacionfm.cl\/?p=31608' aria-hidden='false' data-av_icon='\ue8f1' data-av_iconfont='entypo-fontello' title='' data-avia-related-tooltip='Compartir en Twitter' rel=\"noopener\"><span class='avia_hidden_link_text'>Compartir en Twitter<\/span><\/a><\/li><li class='av-share-link av-social-link-whatsapp' ><a target=\"_blank\" aria-label=\"Compartir en Whatsapp\" href='https:\/\/api.whatsapp.com\/send?text=https:\/\/radiorevelacionfm.cl\/?p=31608' aria-hidden='false' data-av_icon='\uf232' data-av_iconfont='entypo-fontello' title='' data-avia-related-tooltip='Compartir en Whatsapp' rel=\"noopener\"><span class='avia_hidden_link_text'>Compartir en Whatsapp<\/span><\/a><\/li><li class='av-share-link av-social-link-linkedin' ><a target=\"_blank\" aria-label=\"Compartir en LinkedIn\" href='https:\/\/linkedin.com\/shareArticle?mini=true&#038;title=Vecinos%20de%20Islas%20Huichas%20plantean%20a%20diputado%20Calisto%20sus%20preocupaciones%20por%20temas%20pesqueros%2C%20conectividad%20y%20falta%20de%20alcantarillado&#038;url=https:\/\/radiorevelacionfm.cl\/?p=31608' aria-hidden='false' data-av_icon='\ue8fc' data-av_iconfont='entypo-fontello' title='' data-avia-related-tooltip='Compartir en LinkedIn' rel=\"noopener\"><span class='avia_hidden_link_text'>Compartir en LinkedIn<\/span><\/a><\/li><li class='av-share-link av-social-link-mail' ><a  aria-label=\"Compartir por correo\" href='mailto:?subject=Vecinos%20de%20Islas%20Huichas%20plantean%20a%20diputado%20Calisto%20sus%20preocupaciones%20por%20temas%20pesqueros%2C%20conectividad%20y%20falta%20de%20alcantarillado&#038;body=https:\/\/radiorevelacionfm.cl\/?p=31608' aria-hidden='false' data-av_icon='\ue805' data-av_iconfont='entypo-fontello' title='' data-avia-related-tooltip='Compartir por correo'><span class='avia_hidden_link_text'>Compartir por correo<\/span><\/a><\/li><\/ul><\/div><\/div>\n<div  style='height:50px' class='hr hr-invisible   avia-builder-el-8  el_after_av_social_share  el_before_av_comments_list '><span class='hr-inner ' ><span class='hr-inner-style'><\/span><\/span><\/div>\n<div  class='av-buildercomment  av-blog-meta-html-info-disabled av-blog-meta-tag-disabled  '><\/div>\n","protected":false},"excerpt":{"rendered":"","protected":false},"author":1,"featured_media":31609,"comment_status":"open","ping_status":"open","sticky":false,"template":"","format":"standard","meta":{"footnotes":""},"categories":[35],"tags":[],"class_list":["post-31608","post","type-post","status-publish","format-standard","has-post-thumbnail","hentry","category-politica"],"jetpack_featured_media_url":"https:\/\/radiorevelacionfm.cl\/wp-content\/uploads\/2023\/06\/ISLAS-HUICHAS-1-1-1.jpg","_links":{"self":[{"href":"https:\/\/radiorevelacionfm.cl\/index.php?rest_route=\/wp\/v2\/posts\/31608","targetHints":{"allow":["GET"]}}],"collection":[{"href":"https:\/\/radiorevelacionfm.cl\/index.php?rest_route=\/wp\/v2\/posts"}],"about":[{"href":"https:\/\/radiorevelacionfm.cl\/index.php?rest_route=\/wp\/v2\/types\/post"}],"author":[{"embeddable":true,"href":"https:\/\/radiorevelacionfm.cl\/index.php?rest_route=\/wp\/v2\/users\/1"}],"replies":[{"embeddable":true,"href":"https:\/\/radiorevelacionfm.cl\/index.php?rest_route=%2Fwp%2Fv2%2Fcomments&post=31608"}],"version-history":[{"count":1,"href":"https:\/\/radiorevelacionfm.cl\/index.php?rest_route=\/wp\/v2\/posts\/31608\/revisions"}],"predecessor-version":[{"id":31610,"href":"https:\/\/radiorevelacionfm.cl\/index.php?rest_route=\/wp\/v2\/posts\/31608\/revisions\/31610"}],"wp:featuredmedia":[{"embeddable":true,"href":"https:\/\/radiorevelacionfm.cl\/index.php?rest_route=\/wp\/v2\/media\/31609"}],"wp:attachment":[{"href":"https:\/\/radiorevelacionfm.cl\/index.php?rest_route=%2Fwp%2Fv2%2Fmedia&parent=31608"}],"wp:term":[{"taxonomy":"category","embeddable":true,"href":"https:\/\/radiorevelacionfm.cl\/index.php?rest_route=%2Fwp%2Fv2%2Fcategories&post=31608"},{"taxonomy":"post_tag","embeddable":true,"href":"https:\/\/radiorevelacionfm.cl\/index.php?rest_route=%2Fwp%2Fv2%2Ftags&post=31608"}],"curies":[{"name":"wp","href":"https:\/\/api.w.org\/{rel}","templated":true}]}}