{"id":31605,"date":"2023-06-02T13:59:58","date_gmt":"2023-06-02T16:59:58","guid":{"rendered":"https:\/\/radiorevelacionfm.cl\/?p=31605"},"modified":"2023-06-02T13:59:58","modified_gmt":"2023-06-02T16:59:58","slug":"junaeb-capacita-a-red-colaboradora-y-realiza-consulta-ciudadana-del-programa-de-alimentacion-escolar-pae","status":"publish","type":"post","link":"https:\/\/radiorevelacionfm.cl\/?p=31605","title":{"rendered":"Junaeb capacita a red colaboradora y realiza consulta ciudadana del Programa de Alimentaci\u00f3n Escolar (PAE)"},"content":{"rendered":"<div class=\"flex_column av_one_full  flex_column_div av-zero-column-padding first  avia-builder-el-0  el_before_av_one_full  avia-builder-el-first  \" style='border-radius:0px; '><div  class='avia-image-container  av-styling-    avia-builder-el-1  avia-builder-el-no-sibling  avia-align-center '  itemprop=\"image\" itemscope=\"itemscope\" itemtype=\"https:\/\/schema.org\/ImageObject\"  ><div class='avia-image-container-inner'><div class='avia-image-overlay-wrap'><img decoding=\"async\" class='wp-image-31606 avia-img-lazy-loading-not-31606 avia_image' src=\"https:\/\/radiorevelacionfm.cl\/wp-content\/uploads\/2023\/06\/7_optimized.-junaeb-pae.jpg\" alt='' title='7_optimized.-junaeb-pae' height=\"605\" width=\"996\"  itemprop=\"thumbnailUrl\" srcset=\"https:\/\/radiorevelacionfm.cl\/wp-content\/uploads\/2023\/06\/7_optimized.-junaeb-pae.jpg 996w, https:\/\/radiorevelacionfm.cl\/wp-content\/uploads\/2023\/06\/7_optimized.-junaeb-pae-300x182.jpg 300w, https:\/\/radiorevelacionfm.cl\/wp-content\/uploads\/2023\/06\/7_optimized.-junaeb-pae-768x467.jpg 768w, https:\/\/radiorevelacionfm.cl\/wp-content\/uploads\/2023\/06\/7_optimized.-junaeb-pae-705x428.jpg 705w, https:\/\/radiorevelacionfm.cl\/wp-content\/uploads\/2023\/06\/7_optimized.-junaeb-pae-450x273.jpg 450w, https:\/\/radiorevelacionfm.cl\/wp-content\/uploads\/2023\/06\/7_optimized.-junaeb-pae-600x364.jpg 600w\" sizes=\"(max-width: 996px) 100vw, 996px\" \/><\/div><\/div><\/div><\/div><div class=\"flex_column av_one_full  flex_column_div av-zero-column-padding first  avia-builder-el-2  el_after_av_one_full  el_before_av_one_full  column-top-margin\" style='border-radius:0px; '><section class=\"av_textblock_section \"  itemscope=\"itemscope\" itemtype=\"https:\/\/schema.org\/BlogPosting\" itemprop=\"blogPost\" ><div class='avia_textblock  '   itemprop=\"text\" ><p style=\"text-align: center;\"><strong><span style=\"font-size: 18pt;\">Junaeb capacitan a red colaboradora y realiza consulta ciudadana del Programa de Alimentaci\u00f3n Escolar (PAE)<\/span><\/strong><\/p>\n<div id=\"gtx-trans\" style=\"position: absolute; left: -50px; top: 4.31534px;\">\n<div class=\"gtx-trans-icon\"><\/div>\n<\/div>\n<\/div><\/section><\/div><div class=\"flex_column av_one_full  flex_column_div av-zero-column-padding first  avia-builder-el-4  el_after_av_one_full  el_before_av_hr  column-top-margin\" style='border-radius:0px; '><section class=\"av_textblock_section \"  itemscope=\"itemscope\" itemtype=\"https:\/\/schema.org\/BlogPosting\" itemprop=\"blogPost\" ><div class='avia_textblock  '   itemprop=\"text\" ><p class=\"v1MsoNormal\" style=\"text-align: justify;\">Medio centenar de coordinadores y docentes de distintos puntos de la regi\u00f3n, asistieron esta semana a la segunda capacitaci\u00f3n brindada por JUNAEB Ays\u00e9n, enfocada en el Programa de Alimentaci\u00f3n Escolar (PAE) que apoya con cerca de 30 mil raciones diarias a los alumnos de las 10 comunas de la zona.<\/p>\n<p class=\"v1MsoNormal\" style=\"text-align: justify;\">El director regional de JUNAEB Ays\u00e9n,\u00a0 Manuel Vivar, explic\u00f3 que el objetivo del encuentro \u02baes parte de un &#8216;miniciclo&#8217; de capacitaciones, sobre todo para poder volver a reunirnos con parte importante de nuestra Red Colaboradora, hace un tiempo estuvimos con los encargados del Programa de Salud y hoy d\u00eda lo hicimos con los encargados del Programa de Alimentaci\u00f3n Escolar, reforzando algunos lineamientos, pero tambi\u00e9n, s\u00faper importante, escuchando sus observaciones y recomendaciones, respecto a c\u00f3mo podemos mejorar el funcionamiento del Programa de Alimentaci\u00f3n Escolar, para lo cual finalizamos con un espacio de participaci\u00f3n y dialogo con los participantes\u00bb.<\/p>\n<p class=\"v1MsoNormal\" style=\"text-align: justify;\">Adem\u00e1s, en la jornada se present\u00f3 la charla del Ministerio de Desarrollo Social que buscaba actualizar informaci\u00f3n sobre el funcionamiento del Registro Social de Hogares, una herramienta muy vinculada al quehacer de la red, pues es la \u02bapuerta de entrada\u00bb para la asignaci\u00f3n de los beneficios.<\/p>\n<p class=\"v1MsoNormal\" style=\"text-align: justify;\">\u02baEs importante recalcar que el Registro Social de Hogares es una fuente de informaci\u00f3n para que todos los servicios se puedan abastecer y hacer una entrega eficiente y efectiva de las ofertas que tienen para sus usuarios, en este caso puntual, con JUNAEB toma una relevancia que es importante, dado que ellos trabajan por el programa de alimentaci\u00f3n y &#8216;tercera colaci\u00f3n&#8217; con los grupos que son m\u00e1s vulnerables, y en este \u00faltimo caso, son todos usuarios del subsistema Seguridad y Oportunidades, que es el grupo prioritario con el cual trabaja el Ministerio de Desarrollo Social\u00bb, detall\u00f3 Andr\u00e9s Herrmann Oliva, encargado de convenios nacionales y oferta p\u00fablica de la Seremi de Desarrollo Social y Familia de la Regi\u00f3n de Ays\u00e9n.<\/p>\n<p class=\"v1MsoNormal\" style=\"text-align: justify;\"><b>UN ENCUENTRO NECESARIO<\/b><\/p>\n<p class=\"v1MsoNormal\" style=\"text-align: justify;\">La sesi\u00f3n realizada en el sal\u00f3n del edificio del Gobierno Regional de Ays\u00e9n de calle General Parra esquina Moraleda en Coyhaique, tuvo como principal expositor al encargado del PAE en JUNAEB Regi\u00f3n de Ays\u00e9n, Alexis Sanzana, quien coment\u00f3 que lo principal fue aclarar muchas dudas de los encargados PAE en el momento de la certificaci\u00f3n, reforzar el control del programa de alimentaci\u00f3n en s\u00ed y tambi\u00e9n ver los beneficiarios que potencialmente le corresponden el servicio de alimentaci\u00f3n.<\/p>\n<p class=\"v1MsoNormal\" style=\"text-align: justify;\">\u02baA la vez se realiz\u00f3 un trabajo regional para tener a\u00fan m\u00e1s r\u00e1pido el acceso a la Informaci\u00f3n actualizada y as\u00ed tener en forma eficiente el control de nuestros beneficiarios, por ello asisti\u00f3 nuestra Red Colaboradora, principalmente, los profesores encargados PAE, quienes vinieron desde Cochrane, Cisnes, Puerto Chacabuco, entre otras localidades y comunas, fue una alta convocatoria, pues cabe recordar que no nos juntamos hace tres a\u00f1os\u00bb.<\/p>\n<p class=\"v1MsoNormal\" style=\"text-align: justify;\">Para Tatiana Schonherr, encargada PAE del Liceo San Felipe Benicio de Coyhaique, \u02ba\u00e9stas son instancias s\u00faper buenas, s\u00faper necesarias tambi\u00e9n para poder conocer los procesos que se llevan a cabo para la entrega de alimentaci\u00f3n, informarnos de nuevas disposiciones o reglamentos que puedan ir saliendo y tambi\u00e9n para compartir experiencias entre otros establecimientos que es muy buena y fortalecernos tambi\u00e9n como encargados\u00bb.<\/p>\n<p class=\"v1MsoNormal\" style=\"text-align: justify;\">Por su parte, Nelson Contreras, de la Escuela de Almirante Simpson de Puerto Chacabuco, coincidi\u00f3 en que se trata de una oportunidad \u02batremenda e importante, porque hace dos o tres a\u00f1os que no nos reun\u00edamos, lo hac\u00edamos todo virtual, que no es lo mismo como es en forma presencial, y necesitamos un reforzamiento extraordinario en varias materias, por lo que poder volver a juntarnos es l\u00f3gicamente tremendamente valorable, y sobre todo que las mismas personas siempre nos han apoyado, con ganas de cooperar en forma muy amable, llegan a los establecimientos, nos indican muy amablemente si hay alguna falencia, c\u00f3mo subsanarlo y eso se agradece, lo que se refuerza ahora con esta capacitaci\u00f3n, es totalmente extraordinario lo que se est\u00e1 haciendo JUNAEB\u00bb.<\/p>\n<p class=\"v1MsoNormal\" style=\"text-align: justify;\">Finalmente, todos los participantes trabajaron en grupos a modo de generar una consulta ciudadana a trav\u00e9s del di\u00e1logo, dando a conocer sus impresiones sobre el grado de involucramiento de la comunidad educativa y c\u00f3mo poder incidir mejor e impactar positivamente en el funcionamiento del Programa de Alimentaci\u00f3n Escolar.<\/p>\n<\/div><\/section><\/div><div  style='height:50px' class='hr hr-invisible   avia-builder-el-6  el_after_av_one_full  el_before_av_social_share '><span class='hr-inner ' ><span class='hr-inner-style'><\/span><\/span><\/div><\/p>\n<div  class='av-social-sharing-box  avia-builder-el-7  el_after_av_hr  el_before_av_hr  '><div class='av-share-box'><h5 class='av-share-link-description av-no-toc '>Compartir esta noticia<\/h5><ul class='av-share-box-list noLightbox'><li class='av-share-link av-social-link-facebook' ><a target=\"_blank\" aria-label=\"Compartir en Facebook\" href='https:\/\/www.facebook.com\/sharer.php?u=https:\/\/radiorevelacionfm.cl\/?p=31605&#038;t=Junaeb%20capacita%20a%20red%20colaboradora%20y%20realiza%20consulta%20ciudadana%20del%20Programa%20de%20Alimentaci%C3%B3n%20Escolar%20%28PAE%29' aria-hidden='false' data-av_icon='\ue8f3' data-av_iconfont='entypo-fontello' title='' data-avia-related-tooltip='Compartir en Facebook' rel=\"noopener\"><span class='avia_hidden_link_text'>Compartir en Facebook<\/span><\/a><\/li><li class='av-share-link av-social-link-twitter' ><a target=\"_blank\" aria-label=\"Compartir en Twitter\" href='https:\/\/twitter.com\/share?text=Junaeb%20capacita%20a%20red%20colaboradora%20y%20realiza%20consulta%20ciudadana%20del%20Programa%20de%20Alimentaci%C3%B3n%20Escolar%20%28PAE%29&#038;url=https:\/\/radiorevelacionfm.cl\/?p=31605' aria-hidden='false' data-av_icon='\ue8f1' data-av_iconfont='entypo-fontello' title='' data-avia-related-tooltip='Compartir en Twitter' rel=\"noopener\"><span class='avia_hidden_link_text'>Compartir en Twitter<\/span><\/a><\/li><li class='av-share-link av-social-link-whatsapp' ><a target=\"_blank\" aria-label=\"Compartir en Whatsapp\" href='https:\/\/api.whatsapp.com\/send?text=https:\/\/radiorevelacionfm.cl\/?p=31605' aria-hidden='false' data-av_icon='\uf232' data-av_iconfont='entypo-fontello' title='' data-avia-related-tooltip='Compartir en Whatsapp' rel=\"noopener\"><span class='avia_hidden_link_text'>Compartir en Whatsapp<\/span><\/a><\/li><li class='av-share-link av-social-link-linkedin' ><a target=\"_blank\" aria-label=\"Compartir en LinkedIn\" href='https:\/\/linkedin.com\/shareArticle?mini=true&#038;title=Junaeb%20capacita%20a%20red%20colaboradora%20y%20realiza%20consulta%20ciudadana%20del%20Programa%20de%20Alimentaci%C3%B3n%20Escolar%20%28PAE%29&#038;url=https:\/\/radiorevelacionfm.cl\/?p=31605' aria-hidden='false' data-av_icon='\ue8fc' data-av_iconfont='entypo-fontello' title='' data-avia-related-tooltip='Compartir en LinkedIn' rel=\"noopener\"><span class='avia_hidden_link_text'>Compartir en LinkedIn<\/span><\/a><\/li><li class='av-share-link av-social-link-mail' ><a  aria-label=\"Compartir por correo\" href='mailto:?subject=Junaeb%20capacita%20a%20red%20colaboradora%20y%20realiza%20consulta%20ciudadana%20del%20Programa%20de%20Alimentaci%C3%B3n%20Escolar%20%28PAE%29&#038;body=https:\/\/radiorevelacionfm.cl\/?p=31605' aria-hidden='false' data-av_icon='\ue805' data-av_iconfont='entypo-fontello' title='' data-avia-related-tooltip='Compartir por correo'><span class='avia_hidden_link_text'>Compartir por correo<\/span><\/a><\/li><\/ul><\/div><\/div>\n<div  style='height:50px' class='hr hr-invisible   avia-builder-el-8  el_after_av_social_share  el_before_av_comments_list '><span class='hr-inner ' ><span class='hr-inner-style'><\/span><\/span><\/div>\n<div  class='av-buildercomment  av-blog-meta-html-info-disabled av-blog-meta-tag-disabled  '><\/div>\n","protected":false},"excerpt":{"rendered":"","protected":false},"author":1,"featured_media":31606,"comment_status":"open","ping_status":"open","sticky":false,"template":"","format":"standard","meta":{"footnotes":""},"categories":[38],"tags":[],"class_list":["post-31605","post","type-post","status-publish","format-standard","has-post-thumbnail","hentry","category-regional"],"jetpack_featured_media_url":"https:\/\/radiorevelacionfm.cl\/wp-content\/uploads\/2023\/06\/7_optimized.-junaeb-pae.jpg","_links":{"self":[{"href":"https:\/\/radiorevelacionfm.cl\/index.php?rest_route=\/wp\/v2\/posts\/31605","targetHints":{"allow":["GET"]}}],"collection":[{"href":"https:\/\/radiorevelacionfm.cl\/index.php?rest_route=\/wp\/v2\/posts"}],"about":[{"href":"https:\/\/radiorevelacionfm.cl\/index.php?rest_route=\/wp\/v2\/types\/post"}],"author":[{"embeddable":true,"href":"https:\/\/radiorevelacionfm.cl\/index.php?rest_route=\/wp\/v2\/users\/1"}],"replies":[{"embeddable":true,"href":"https:\/\/radiorevelacionfm.cl\/index.php?rest_route=%2Fwp%2Fv2%2Fcomments&post=31605"}],"version-history":[{"count":1,"href":"https:\/\/radiorevelacionfm.cl\/index.php?rest_route=\/wp\/v2\/posts\/31605\/revisions"}],"predecessor-version":[{"id":31607,"href":"https:\/\/radiorevelacionfm.cl\/index.php?rest_route=\/wp\/v2\/posts\/31605\/revisions\/31607"}],"wp:featuredmedia":[{"embeddable":true,"href":"https:\/\/radiorevelacionfm.cl\/index.php?rest_route=\/wp\/v2\/media\/31606"}],"wp:attachment":[{"href":"https:\/\/radiorevelacionfm.cl\/index.php?rest_route=%2Fwp%2Fv2%2Fmedia&parent=31605"}],"wp:term":[{"taxonomy":"category","embeddable":true,"href":"https:\/\/radiorevelacionfm.cl\/index.php?rest_route=%2Fwp%2Fv2%2Fcategories&post=31605"},{"taxonomy":"post_tag","embeddable":true,"href":"https:\/\/radiorevelacionfm.cl\/index.php?rest_route=%2Fwp%2Fv2%2Ftags&post=31605"}],"curies":[{"name":"wp","href":"https:\/\/api.w.org\/{rel}","templated":true}]}}