{"id":31598,"date":"2023-06-03T16:20:40","date_gmt":"2023-06-03T19:20:40","guid":{"rendered":"https:\/\/radiorevelacionfm.cl\/?p=31598"},"modified":"2023-06-03T16:20:40","modified_gmt":"2023-06-03T19:20:40","slug":"ensena-chile-abre-postulaciones-al-programa-que-busca-formar-jovenes-lideres","status":"publish","type":"post","link":"https:\/\/radiorevelacionfm.cl\/?p=31598","title":{"rendered":"Ense\u00f1a Chile abre postulaciones al programa que busca formar j\u00f3venes l\u00edderes"},"content":{"rendered":"<div class=\"flex_column av_one_full  flex_column_div av-zero-column-padding first  avia-builder-el-0  el_before_av_one_full  avia-builder-el-first  \" style='border-radius:0px; '><div  class='avia-image-container  av-styling-    avia-builder-el-1  avia-builder-el-no-sibling  avia-align-center '  itemprop=\"image\" itemscope=\"itemscope\" itemtype=\"https:\/\/schema.org\/ImageObject\"  ><div class='avia-image-container-inner'><div class='avia-image-overlay-wrap'><img decoding=\"async\" class='wp-image-31599 avia-img-lazy-loading-not-31599 avia_image' src=\"https:\/\/radiorevelacionfm.cl\/wp-content\/uploads\/2023\/06\/escuela-de-verano-2023-1_optimized.jpg\" alt='' title='escuela-de-verano-2023-(1)_optimized' height=\"600\" width=\"1069\"  itemprop=\"thumbnailUrl\" srcset=\"https:\/\/radiorevelacionfm.cl\/wp-content\/uploads\/2023\/06\/escuela-de-verano-2023-1_optimized.jpg 1069w, https:\/\/radiorevelacionfm.cl\/wp-content\/uploads\/2023\/06\/escuela-de-verano-2023-1_optimized-300x168.jpg 300w, https:\/\/radiorevelacionfm.cl\/wp-content\/uploads\/2023\/06\/escuela-de-verano-2023-1_optimized-1030x578.jpg 1030w, https:\/\/radiorevelacionfm.cl\/wp-content\/uploads\/2023\/06\/escuela-de-verano-2023-1_optimized-768x431.jpg 768w, https:\/\/radiorevelacionfm.cl\/wp-content\/uploads\/2023\/06\/escuela-de-verano-2023-1_optimized-705x396.jpg 705w, https:\/\/radiorevelacionfm.cl\/wp-content\/uploads\/2023\/06\/escuela-de-verano-2023-1_optimized-450x253.jpg 450w, https:\/\/radiorevelacionfm.cl\/wp-content\/uploads\/2023\/06\/escuela-de-verano-2023-1_optimized-600x337.jpg 600w\" sizes=\"(max-width: 1069px) 100vw, 1069px\" \/><\/div><\/div><\/div><\/div><div class=\"flex_column av_one_full  flex_column_div av-zero-column-padding first  avia-builder-el-2  el_after_av_one_full  el_before_av_one_full  column-top-margin\" style='border-radius:0px; '><section class=\"av_textblock_section \"  itemscope=\"itemscope\" itemtype=\"https:\/\/schema.org\/BlogPosting\" itemprop=\"blogPost\" ><div class='avia_textblock  '   itemprop=\"text\" ><p style=\"text-align: center;\"><strong><span style=\"font-size: 18pt;\">Ense\u00f1a Chile abre postulaciones al programa que busca formar j\u00f3venes l\u00edderes<\/span><\/strong><\/p>\n<div id=\"gtx-trans\" style=\"position: absolute; left: -50px; top: 4.31534px;\">\n<div class=\"gtx-trans-icon\"><\/div>\n<\/div>\n<\/div><\/section><\/div><div class=\"flex_column av_one_full  flex_column_div av-zero-column-padding first  avia-builder-el-4  el_after_av_one_full  el_before_av_hr  column-top-margin\" style='border-radius:0px; '><section class=\"av_textblock_section \"  itemscope=\"itemscope\" itemtype=\"https:\/\/schema.org\/BlogPosting\" itemprop=\"blogPost\" ><div class='avia_textblock  '   itemprop=\"text\" ><p style=\"text-align: justify;\">Se estima que para 2030 podr\u00eda haber un d\u00e9ficit de 30 mil docentes. Por eso, la organizaci\u00f3n realiza un proceso de reclutamiento de pedagogos y profesionales de \u00e1reas como ingenier\u00edas, humanidades y ciencias, a quienes inserta en establecimientos educacionales con alto \u00edndice de vulnerabilidad durante dos a\u00f1os, con el objetivo de proporcionar a las y los estudiantes el acceso a una educaci\u00f3n de calidad sin que su origen determine su futuro.<\/p>\n<p style=\"text-align: justify;\">Una vez seleccionados, los participantes son acompa\u00f1ados a trav\u00e9s de sesiones de mentor\u00eda y observaci\u00f3n de clases, incluyendo el acompa\u00f1amiento uno a uno, retroalimentaci\u00f3n permanente y estableciendo v\u00ednculos con los dem\u00e1s integrantes de la red.<\/p>\n<p style=\"text-align: justify;\">Acerca del impacto del programa, el director ejecutivo de Ense\u00f1a Chile, Tom\u00e1s Recart, indic\u00f3 que \u201cdesde nuestros inicios hemos trabajado por formar una red de agentes de cambio, que se sientan movilizados por impulsar las transformaciones que las salas de clases necesitan, para generar progresivamente cambios m\u00e1s estructurales. Adem\u00e1s destac\u00f3 que, \u201cesta experiencia permite a nuestros participantes entender la naturaleza de los desaf\u00edos que enfrentamos, mientras trabajan en conjunto con muchos otros para lograr que todos sus estudiantes aprendan y se desarrollen para alcanzar el futuro que sue\u00f1an.\u201d<\/p>\n<p style=\"text-align: justify;\">Con 15 a\u00f1os de experiencia en las salas de clases, la fundaci\u00f3n est\u00e1 presente en 12 regiones, cuenta con una red de 964 egresadas y egresados, 232 profesores en las aulas desde Iquique hasta Magallanes y m\u00e1s de 230 mil estudiantes alcanzados.<\/p>\n<p style=\"text-align: justify;\">Quienes deseen inscribirse, deben dirigirse al sitio web \u00a0<a href=\"http:\/\/www.ensenachile.cl\/postula\">www.ensenachile.cl\/postula<\/a> o bien, contactar al equipo mediante las redes sociales de la fundaci\u00f3n @ensenachile.<\/p>\n<p style=\"text-align: justify;\"><strong><u>Acerca de Ense\u00f1a Chile<\/u><\/strong><\/p>\n<p style=\"text-align: justify;\">Es una Fundaci\u00f3n sin fines de lucro con m\u00e1s de 15 a\u00f1os que trabaja en red y desde el terreno para que ni\u00f1as, ni\u00f1os y j\u00f3venes reciban educaci\u00f3n de calidad. Para ello busca construir una red amplia y diversa de l\u00edderes comprometidos con impactar Chile desde la sala de clases y luego desde diversas \u00e1reas del sistema. El trabajo se centra en estudiantes, docentes y equipos directivos a trav\u00e9s de tres programas: forma y acompa\u00f1a a docentes pedagogos y no pedagogos para que transformen sus salas de clases y luego, en red, puedan hacerse cargo desde distintas \u00e1reas y posiciones de los cambios que el sistema necesita. Tambi\u00e9n asesora a l\u00edderes escolares y equipos directivos para que construyan ambientes que potencien la gesti\u00f3n, el liderazgo y el aprendizaje continuo<em>.<\/em> Y, finalmente, acompa\u00f1a a comunidades educativas tecnol\u00f3gicamente aisladas mediante la instalaci\u00f3n de antenas satelitales y la capacitaci\u00f3n de docentes, estudiantes y familias.<\/p>\n<p style=\"text-align: justify;\">Este a\u00f1o, la organizaci\u00f3n est\u00e1 presente con 232 profesores en las regiones de Tarapac\u00e1 (20), Antofagasta (5), Valpara\u00edso (21), Metropolitana (61), O\u2019Higgins (10), Biob\u00edo (9), La Araucan\u00eda (9), Los R\u00edos (4), Los Lagos (19), Ays\u00e9n (6) y Magallanes (17).<\/p>\n<\/div><\/section><\/div><div  style='height:50px' class='hr hr-invisible   avia-builder-el-6  el_after_av_one_full  el_before_av_social_share '><span class='hr-inner ' ><span class='hr-inner-style'><\/span><\/span><\/div><\/p>\n<div  class='av-social-sharing-box  avia-builder-el-7  el_after_av_hr  el_before_av_hr  '><div class='av-share-box'><h5 class='av-share-link-description av-no-toc '>Compartir esta noticia<\/h5><ul class='av-share-box-list noLightbox'><li class='av-share-link av-social-link-facebook' ><a target=\"_blank\" aria-label=\"Compartir en Facebook\" href='https:\/\/www.facebook.com\/sharer.php?u=https:\/\/radiorevelacionfm.cl\/?p=31598&#038;t=Ense%C3%B1a%20Chile%20abre%20postulaciones%20al%20programa%20que%20busca%20formar%20j%C3%B3venes%20l%C3%ADderes' aria-hidden='false' data-av_icon='\ue8f3' data-av_iconfont='entypo-fontello' title='' data-avia-related-tooltip='Compartir en Facebook' rel=\"noopener\"><span class='avia_hidden_link_text'>Compartir en Facebook<\/span><\/a><\/li><li class='av-share-link av-social-link-twitter' ><a target=\"_blank\" aria-label=\"Compartir en Twitter\" href='https:\/\/twitter.com\/share?text=Ense%C3%B1a%20Chile%20abre%20postulaciones%20al%20programa%20que%20busca%20formar%20j%C3%B3venes%20l%C3%ADderes&#038;url=https:\/\/radiorevelacionfm.cl\/?p=31598' aria-hidden='false' data-av_icon='\ue8f1' data-av_iconfont='entypo-fontello' title='' data-avia-related-tooltip='Compartir en Twitter' rel=\"noopener\"><span class='avia_hidden_link_text'>Compartir en Twitter<\/span><\/a><\/li><li class='av-share-link av-social-link-whatsapp' ><a target=\"_blank\" aria-label=\"Compartir en Whatsapp\" href='https:\/\/api.whatsapp.com\/send?text=https:\/\/radiorevelacionfm.cl\/?p=31598' aria-hidden='false' data-av_icon='\uf232' data-av_iconfont='entypo-fontello' title='' data-avia-related-tooltip='Compartir en Whatsapp' rel=\"noopener\"><span class='avia_hidden_link_text'>Compartir en Whatsapp<\/span><\/a><\/li><li class='av-share-link av-social-link-linkedin' ><a target=\"_blank\" aria-label=\"Compartir en LinkedIn\" href='https:\/\/linkedin.com\/shareArticle?mini=true&#038;title=Ense%C3%B1a%20Chile%20abre%20postulaciones%20al%20programa%20que%20busca%20formar%20j%C3%B3venes%20l%C3%ADderes&#038;url=https:\/\/radiorevelacionfm.cl\/?p=31598' aria-hidden='false' data-av_icon='\ue8fc' data-av_iconfont='entypo-fontello' title='' data-avia-related-tooltip='Compartir en LinkedIn' rel=\"noopener\"><span class='avia_hidden_link_text'>Compartir en LinkedIn<\/span><\/a><\/li><li class='av-share-link av-social-link-mail' ><a  aria-label=\"Compartir por correo\" href='mailto:?subject=Ense%C3%B1a%20Chile%20abre%20postulaciones%20al%20programa%20que%20busca%20formar%20j%C3%B3venes%20l%C3%ADderes&#038;body=https:\/\/radiorevelacionfm.cl\/?p=31598' aria-hidden='false' data-av_icon='\ue805' data-av_iconfont='entypo-fontello' title='' data-avia-related-tooltip='Compartir por correo'><span class='avia_hidden_link_text'>Compartir por correo<\/span><\/a><\/li><\/ul><\/div><\/div>\n<div  style='height:50px' class='hr hr-invisible   avia-builder-el-8  el_after_av_social_share  el_before_av_comments_list '><span class='hr-inner ' ><span class='hr-inner-style'><\/span><\/span><\/div>\n<div  class='av-buildercomment  av-blog-meta-html-info-disabled av-blog-meta-tag-disabled  '><\/div>\n","protected":false},"excerpt":{"rendered":"","protected":false},"author":1,"featured_media":31599,"comment_status":"open","ping_status":"open","sticky":false,"template":"","format":"standard","meta":{"footnotes":""},"categories":[61],"tags":[],"class_list":["post-31598","post","type-post","status-publish","format-standard","has-post-thumbnail","hentry","category-nacional"],"jetpack_featured_media_url":"https:\/\/radiorevelacionfm.cl\/wp-content\/uploads\/2023\/06\/escuela-de-verano-2023-1_optimized.jpg","_links":{"self":[{"href":"https:\/\/radiorevelacionfm.cl\/index.php?rest_route=\/wp\/v2\/posts\/31598","targetHints":{"allow":["GET"]}}],"collection":[{"href":"https:\/\/radiorevelacionfm.cl\/index.php?rest_route=\/wp\/v2\/posts"}],"about":[{"href":"https:\/\/radiorevelacionfm.cl\/index.php?rest_route=\/wp\/v2\/types\/post"}],"author":[{"embeddable":true,"href":"https:\/\/radiorevelacionfm.cl\/index.php?rest_route=\/wp\/v2\/users\/1"}],"replies":[{"embeddable":true,"href":"https:\/\/radiorevelacionfm.cl\/index.php?rest_route=%2Fwp%2Fv2%2Fcomments&post=31598"}],"version-history":[{"count":1,"href":"https:\/\/radiorevelacionfm.cl\/index.php?rest_route=\/wp\/v2\/posts\/31598\/revisions"}],"predecessor-version":[{"id":31600,"href":"https:\/\/radiorevelacionfm.cl\/index.php?rest_route=\/wp\/v2\/posts\/31598\/revisions\/31600"}],"wp:featuredmedia":[{"embeddable":true,"href":"https:\/\/radiorevelacionfm.cl\/index.php?rest_route=\/wp\/v2\/media\/31599"}],"wp:attachment":[{"href":"https:\/\/radiorevelacionfm.cl\/index.php?rest_route=%2Fwp%2Fv2%2Fmedia&parent=31598"}],"wp:term":[{"taxonomy":"category","embeddable":true,"href":"https:\/\/radiorevelacionfm.cl\/index.php?rest_route=%2Fwp%2Fv2%2Fcategories&post=31598"},{"taxonomy":"post_tag","embeddable":true,"href":"https:\/\/radiorevelacionfm.cl\/index.php?rest_route=%2Fwp%2Fv2%2Ftags&post=31598"}],"curies":[{"name":"wp","href":"https:\/\/api.w.org\/{rel}","templated":true}]}}