{"id":31595,"date":"2023-06-02T11:13:34","date_gmt":"2023-06-02T14:13:34","guid":{"rendered":"https:\/\/radiorevelacionfm.cl\/?p=31595"},"modified":"2023-06-02T11:13:34","modified_gmt":"2023-06-02T14:13:34","slug":"ofician-a-telecomunicaciones-por-deficiente-servicio-de-empresa-de-telefonia-movil-en-guaitecas","status":"publish","type":"post","link":"https:\/\/radiorevelacionfm.cl\/?p=31595","title":{"rendered":"Ofician a Telecomunicaciones por deficiente servicio de empresa de telefon\u00eda m\u00f3vil en Guaitecas"},"content":{"rendered":"<div class=\"flex_column av_one_full  flex_column_div av-zero-column-padding first  avia-builder-el-0  el_before_av_one_full  avia-builder-el-first  \" style='border-radius:0px; '><div  class='avia-image-container  av-styling-    avia-builder-el-1  avia-builder-el-no-sibling  avia-align-center '  itemprop=\"image\" itemscope=\"itemscope\" itemtype=\"https:\/\/schema.org\/ImageObject\"  ><div class='avia-image-container-inner'><div class='avia-image-overlay-wrap'><img decoding=\"async\" class='wp-image-31596 avia-img-lazy-loading-not-31596 avia_image' src=\"https:\/\/radiorevelacionfm.cl\/wp-content\/uploads\/2023\/06\/ANTENAS-1-1.jpg\" alt='' title='ANTENAS (1) (1)' height=\"600\" width=\"896\"  itemprop=\"thumbnailUrl\" srcset=\"https:\/\/radiorevelacionfm.cl\/wp-content\/uploads\/2023\/06\/ANTENAS-1-1.jpg 896w, https:\/\/radiorevelacionfm.cl\/wp-content\/uploads\/2023\/06\/ANTENAS-1-1-300x201.jpg 300w, https:\/\/radiorevelacionfm.cl\/wp-content\/uploads\/2023\/06\/ANTENAS-1-1-768x514.jpg 768w, https:\/\/radiorevelacionfm.cl\/wp-content\/uploads\/2023\/06\/ANTENAS-1-1-705x472.jpg 705w, https:\/\/radiorevelacionfm.cl\/wp-content\/uploads\/2023\/06\/ANTENAS-1-1-450x301.jpg 450w, https:\/\/radiorevelacionfm.cl\/wp-content\/uploads\/2023\/06\/ANTENAS-1-1-600x402.jpg 600w\" sizes=\"(max-width: 896px) 100vw, 896px\" \/><\/div><\/div><\/div><\/div>\n<div class=\"flex_column av_one_full  flex_column_div av-zero-column-padding first  avia-builder-el-2  el_after_av_one_full  el_before_av_one_full  column-top-margin\" style='border-radius:0px; '><section class=\"av_textblock_section \"  itemscope=\"itemscope\" itemtype=\"https:\/\/schema.org\/BlogPosting\" itemprop=\"blogPost\" ><div class='avia_textblock  '   itemprop=\"text\" ><p style=\"text-align: center;\"><strong><span style=\"font-size: 18pt;\">Ofician a Telecomunicaciones por deficiente servicio de empresa de telefon\u00eda m\u00f3vil en Guaitecas <\/span><\/strong><\/p>\n<div id=\"gtx-trans\" style=\"position: absolute; left: -50px; top: 4.31534px;\">\n<div class=\"gtx-trans-icon\"><\/div>\n<\/div>\n<\/div><\/section><\/div><div class=\"flex_column av_one_full  flex_column_div av-zero-column-padding first  avia-builder-el-4  el_after_av_one_full  el_before_av_hr  column-top-margin\" style='border-radius:0px; '><section class=\"av_textblock_section \"  itemscope=\"itemscope\" itemtype=\"https:\/\/schema.org\/BlogPosting\" itemprop=\"blogPost\" ><div class='avia_textblock  '   itemprop=\"text\" ><p style=\"text-align: justify;\">La Municipalidad de Guaitecas ofici\u00f3 a la Secretar\u00eda Regional Ministerial de Transportes y Telecomunicaciones y a otras autoridades regionales, manifestando su preocupaci\u00f3n por las deficiencias que desde hace un tiempo ha tenido el servicio de telefon\u00eda de la empresa Entel en la comuna, una de las m\u00e1s utilizadas por la comunidad dada su cobertura en el territorio.<\/p>\n<p style=\"text-align: justify;\">En el oficio se explican las dificultades en la continuidad y calidad del servicio de la empresa y se solicita que se adopten de manera urgente las medidas para resolver los problemas con el servicio de comunicaciones de la compa\u00f1\u00eda, que se agudizaron durante el \u00faltimo frente de mal tiempo que afect\u00f3 a la zona y que adem\u00e1s coincidi\u00f3 con cortes en el suministro el\u00e9ctrico en Guaitecas.<\/p>\n<p style=\"text-align: justify;\">Los oficios fueron dirigidos a Claudia Cantero, Seremi de Transportes y Telecomunicaciones; Lilian Inostroza, Presidenta de la Comisi\u00f3n de Infraestructura, Transporte y Telecomunicaciones del Consejo Regional; Rodrigo Araya, delegado presidencial Regional de Ays\u00e9n; Andrea Mac\u00edas, Gobernadora Regional y Javier G\u00f3mez, de Entel, solicitando gestiones para que la empresa disponga de mantenci\u00f3n permanente a sus antenas ubicadas en Guaitecas, pues desde hace bastante tiempo no se realizan estos trabajos para mantener un servicio constante y eficiente para sus clientes y adem\u00e1s se solicita que la compa\u00f1\u00eda disponga de equipos electr\u00f3genos de emergencia en sus instalaciones, que permitan mantener sus servicios cuando no hay electricidad.<\/p>\n<p style=\"text-align: justify;\">\u201cLo anterior resulta urgente y necesario, especialmente en esta \u00e9poca invernal, en que se requiere disponer de se\u00f1al telef\u00f3nica permanente, continua y en \u00f3ptimas condiciones para la correcta comunicaci\u00f3n y el bienestar de nuestros vecinos\/as\u201d, se indica en los oficios.<\/p>\n<p style=\"text-align: justify;\">\u201cEs del caso manifestar que durante el mes de mayo 2023 experimentamos como comunidad de Guaitecas un frente de mal tiempo que requiri\u00f3 mantener habilitadas las comunicaciones; sin embargo, presentamos episodios de emergencia que interrumpieron el servicio de electricidad en todo el territorio comunal; lo que consecuencialmente provoc\u00f3 que el suministro de electricidad se mantuviera suspendido por un plazo superior a 12 horas\u201d, se a\u00f1ade.<\/p>\n<p style=\"text-align: justify;\">\u201cEn ese contexto, el respaldo en las bater\u00edas que permiten el funcionamiento de la antena de telefon\u00eda celular de la compa\u00f1\u00eda ENTEL s\u00f3lo permiti\u00f3 una autonom\u00eda del servicio -despu\u00e9s de provocado el corte de suministro el\u00e9ctrico en toda la comuna- de no m\u00e1s de una hora aproximadamente; dejando de prestar el servicio y en total incomunicaci\u00f3n a gran parte de los habitantes de las Guaitecas, quienes cuentan con tel\u00e9fono celular de la compa\u00f1\u00eda antes referida\u201d.<\/p>\n<p style=\"text-align: justify;\">\u201cSeguidamente, la falta de mantenci\u00f3n de la antena y las condiciones clim\u00e1ticas actuales han afectado considerablemente los soportes y estabilidad de la infraestructura, requiriendo intervenci\u00f3n a la brevedad posible por parte de personal competente\u201d.<\/p>\n<p style=\"text-align: justify;\">\u201cAs\u00ed las cosas, apelamos a sus buenos oficios para adoptar las medidas administrativas correspondiente con la finalidad de que el servicio de telefon\u00eda ENTEL se mantenga de manera continua y permanente; incluido en situaciones en que se interrumpa el suministro de energ\u00eda el\u00e9ctrica en la comuna de Guaitecas, pues de no corregir ese hecho, se genera un enorme perjuicio a la comunidad, sobre todo en situaciones de emergencia, donde es indispensable contar con una comunicaci\u00f3n telefon\u00eda fluida, permanente y en \u00f3ptimas condiciones\u201d, se se\u00f1ala finalmente en los oficios enviados a varias autoridades regionales y a la empresa Entel.<\/p>\n<\/div><\/section><\/div><\/p>\n<div  style='height:50px' class='hr hr-invisible   avia-builder-el-6  el_after_av_one_full  el_before_av_social_share '><span class='hr-inner ' ><span class='hr-inner-style'><\/span><\/span><\/div>\n<div  class='av-social-sharing-box  avia-builder-el-7  el_after_av_hr  el_before_av_hr  '><div class='av-share-box'><h5 class='av-share-link-description av-no-toc '>Compartir esta noticia<\/h5><ul class='av-share-box-list noLightbox'><li class='av-share-link av-social-link-facebook' ><a target=\"_blank\" aria-label=\"Compartir en Facebook\" href='https:\/\/www.facebook.com\/sharer.php?u=https:\/\/radiorevelacionfm.cl\/?p=31595&#038;t=Ofician%20a%20Telecomunicaciones%20por%20deficiente%20servicio%20de%20empresa%20de%20telefon%C3%ADa%20m%C3%B3vil%20en%20Guaitecas' aria-hidden='false' data-av_icon='\ue8f3' data-av_iconfont='entypo-fontello' title='' data-avia-related-tooltip='Compartir en Facebook' rel=\"noopener\"><span class='avia_hidden_link_text'>Compartir en Facebook<\/span><\/a><\/li><li class='av-share-link av-social-link-twitter' ><a target=\"_blank\" aria-label=\"Compartir en Twitter\" href='https:\/\/twitter.com\/share?text=Ofician%20a%20Telecomunicaciones%20por%20deficiente%20servicio%20de%20empresa%20de%20telefon%C3%ADa%20m%C3%B3vil%20en%20Guaitecas&#038;url=https:\/\/radiorevelacionfm.cl\/?p=31595' aria-hidden='false' data-av_icon='\ue8f1' data-av_iconfont='entypo-fontello' title='' data-avia-related-tooltip='Compartir en Twitter' rel=\"noopener\"><span class='avia_hidden_link_text'>Compartir en Twitter<\/span><\/a><\/li><li class='av-share-link av-social-link-whatsapp' ><a target=\"_blank\" aria-label=\"Compartir en Whatsapp\" href='https:\/\/api.whatsapp.com\/send?text=https:\/\/radiorevelacionfm.cl\/?p=31595' aria-hidden='false' data-av_icon='\uf232' data-av_iconfont='entypo-fontello' title='' data-avia-related-tooltip='Compartir en Whatsapp' rel=\"noopener\"><span class='avia_hidden_link_text'>Compartir en Whatsapp<\/span><\/a><\/li><li class='av-share-link av-social-link-linkedin' ><a target=\"_blank\" aria-label=\"Compartir en LinkedIn\" href='https:\/\/linkedin.com\/shareArticle?mini=true&#038;title=Ofician%20a%20Telecomunicaciones%20por%20deficiente%20servicio%20de%20empresa%20de%20telefon%C3%ADa%20m%C3%B3vil%20en%20Guaitecas&#038;url=https:\/\/radiorevelacionfm.cl\/?p=31595' aria-hidden='false' data-av_icon='\ue8fc' data-av_iconfont='entypo-fontello' title='' data-avia-related-tooltip='Compartir en LinkedIn' rel=\"noopener\"><span class='avia_hidden_link_text'>Compartir en LinkedIn<\/span><\/a><\/li><li class='av-share-link av-social-link-mail' ><a  aria-label=\"Compartir por correo\" href='mailto:?subject=Ofician%20a%20Telecomunicaciones%20por%20deficiente%20servicio%20de%20empresa%20de%20telefon%C3%ADa%20m%C3%B3vil%20en%20Guaitecas&#038;body=https:\/\/radiorevelacionfm.cl\/?p=31595' aria-hidden='false' data-av_icon='\ue805' data-av_iconfont='entypo-fontello' title='' data-avia-related-tooltip='Compartir por correo'><span class='avia_hidden_link_text'>Compartir por correo<\/span><\/a><\/li><\/ul><\/div><\/div>\n<div  style='height:50px' class='hr hr-invisible   avia-builder-el-8  el_after_av_social_share  el_before_av_comments_list '><span class='hr-inner ' ><span class='hr-inner-style'><\/span><\/span><\/div>\n<div  class='av-buildercomment  av-blog-meta-html-info-disabled av-blog-meta-tag-disabled  '><\/div>\n","protected":false},"excerpt":{"rendered":"","protected":false},"author":1,"featured_media":31596,"comment_status":"open","ping_status":"open","sticky":false,"template":"","format":"standard","meta":{"footnotes":""},"categories":[38],"tags":[],"class_list":["post-31595","post","type-post","status-publish","format-standard","has-post-thumbnail","hentry","category-regional"],"jetpack_featured_media_url":"https:\/\/radiorevelacionfm.cl\/wp-content\/uploads\/2023\/06\/ANTENAS-1-1.jpg","_links":{"self":[{"href":"https:\/\/radiorevelacionfm.cl\/index.php?rest_route=\/wp\/v2\/posts\/31595","targetHints":{"allow":["GET"]}}],"collection":[{"href":"https:\/\/radiorevelacionfm.cl\/index.php?rest_route=\/wp\/v2\/posts"}],"about":[{"href":"https:\/\/radiorevelacionfm.cl\/index.php?rest_route=\/wp\/v2\/types\/post"}],"author":[{"embeddable":true,"href":"https:\/\/radiorevelacionfm.cl\/index.php?rest_route=\/wp\/v2\/users\/1"}],"replies":[{"embeddable":true,"href":"https:\/\/radiorevelacionfm.cl\/index.php?rest_route=%2Fwp%2Fv2%2Fcomments&post=31595"}],"version-history":[{"count":2,"href":"https:\/\/radiorevelacionfm.cl\/index.php?rest_route=\/wp\/v2\/posts\/31595\/revisions"}],"predecessor-version":[{"id":31601,"href":"https:\/\/radiorevelacionfm.cl\/index.php?rest_route=\/wp\/v2\/posts\/31595\/revisions\/31601"}],"wp:featuredmedia":[{"embeddable":true,"href":"https:\/\/radiorevelacionfm.cl\/index.php?rest_route=\/wp\/v2\/media\/31596"}],"wp:attachment":[{"href":"https:\/\/radiorevelacionfm.cl\/index.php?rest_route=%2Fwp%2Fv2%2Fmedia&parent=31595"}],"wp:term":[{"taxonomy":"category","embeddable":true,"href":"https:\/\/radiorevelacionfm.cl\/index.php?rest_route=%2Fwp%2Fv2%2Fcategories&post=31595"},{"taxonomy":"post_tag","embeddable":true,"href":"https:\/\/radiorevelacionfm.cl\/index.php?rest_route=%2Fwp%2Fv2%2Ftags&post=31595"}],"curies":[{"name":"wp","href":"https:\/\/api.w.org\/{rel}","templated":true}]}}