{"id":31592,"date":"2023-06-02T10:57:19","date_gmt":"2023-06-02T13:57:19","guid":{"rendered":"https:\/\/radiorevelacionfm.cl\/?p=31592"},"modified":"2023-06-02T10:57:19","modified_gmt":"2023-06-02T13:57:19","slug":"seguridad-publica-derechos-sociales-y-democracia-destaco-el-delegado-regional-de-cuenta-publica-del-presidente-boric","status":"publish","type":"post","link":"https:\/\/radiorevelacionfm.cl\/?p=31592","title":{"rendered":"Seguridad p\u00fablica, derechos sociales y democracia destac\u00f3 el Delegado Regional de Cuenta P\u00fablica del Presidente Boric"},"content":{"rendered":"<div class=\"flex_column av_one_full  flex_column_div av-zero-column-padding first  avia-builder-el-0  el_before_av_one_full  avia-builder-el-first  \" style='border-radius:0px; '><div  class='avia-image-container  av-styling-    avia-builder-el-1  avia-builder-el-no-sibling  avia-align-center '  itemprop=\"image\" itemscope=\"itemscope\" itemtype=\"https:\/\/schema.org\/ImageObject\"  ><div class='avia-image-container-inner'><div class='avia-image-overlay-wrap'><img decoding=\"async\" class='wp-image-31593 avia-img-lazy-loading-not-31593 avia_image' src=\"https:\/\/radiorevelacionfm.cl\/wp-content\/uploads\/2023\/06\/img_5542-1_optimized-1.jpg\" alt='' title='img_5542-(1)_optimized (1)' height=\"600\" width=\"1069\"  itemprop=\"thumbnailUrl\" srcset=\"https:\/\/radiorevelacionfm.cl\/wp-content\/uploads\/2023\/06\/img_5542-1_optimized-1.jpg 1069w, https:\/\/radiorevelacionfm.cl\/wp-content\/uploads\/2023\/06\/img_5542-1_optimized-1-300x168.jpg 300w, https:\/\/radiorevelacionfm.cl\/wp-content\/uploads\/2023\/06\/img_5542-1_optimized-1-1030x578.jpg 1030w, https:\/\/radiorevelacionfm.cl\/wp-content\/uploads\/2023\/06\/img_5542-1_optimized-1-768x431.jpg 768w, https:\/\/radiorevelacionfm.cl\/wp-content\/uploads\/2023\/06\/img_5542-1_optimized-1-705x396.jpg 705w, https:\/\/radiorevelacionfm.cl\/wp-content\/uploads\/2023\/06\/img_5542-1_optimized-1-450x253.jpg 450w, https:\/\/radiorevelacionfm.cl\/wp-content\/uploads\/2023\/06\/img_5542-1_optimized-1-600x337.jpg 600w\" sizes=\"(max-width: 1069px) 100vw, 1069px\" \/><\/div><\/div><\/div><\/div><div class=\"flex_column av_one_full  flex_column_div av-zero-column-padding first  avia-builder-el-2  el_after_av_one_full  el_before_av_one_full  column-top-margin\" style='border-radius:0px; '><section class=\"av_textblock_section \"  itemscope=\"itemscope\" itemtype=\"https:\/\/schema.org\/BlogPosting\" itemprop=\"blogPost\" ><div class='avia_textblock  '   itemprop=\"text\" ><p style=\"text-align: center;\"><strong><span style=\"font-size: 18pt;\">Seguridad p\u00fablica, derechos sociales y democracia destac\u00f3 el Delegado Regional de Cuenta P\u00fablica del Presidente Boric<\/span><\/strong><\/p>\n<div id=\"gtx-trans\" style=\"position: absolute; left: -50px; top: 4.31534px;\">\n<div class=\"gtx-trans-icon\"><\/div>\n<\/div>\n<\/div><\/section><\/div><div class=\"flex_column av_one_full  flex_column_div av-zero-column-padding first  avia-builder-el-4  el_after_av_one_full  el_before_av_hr  column-top-margin\" style='border-radius:0px; '><section class=\"av_textblock_section \"  itemscope=\"itemscope\" itemtype=\"https:\/\/schema.org\/BlogPosting\" itemprop=\"blogPost\" ><div class='avia_textblock  '   itemprop=\"text\" ><p style=\"font-weight: 400; text-align: justify;\">Los avances en derechos sociales, seguridad p\u00fablica y fortalecimiento de la democracia, destac\u00f3 el Delegado Presidencial Regional, Rodrigo Araya Morales, entre otros aspectos de la Cuenta P\u00fablica del Presidente Gabriel Boric, durante este jueves, desde el Congreso Nacional.<\/p>\n<p style=\"font-weight: 400; text-align: justify;\">Junto al Gabinete Regional, conformado por delegada y delegados presidenciales provinciales y secretarias\/os regionales ministeriales, el Delegado Presidencial de Ays\u00e9n destac\u00f3 la importancia en la vida de las personas de iniciativas como Copago Cero; Ley de Responsabilidad Parental y Pago Efectivo de Pensiones de Alimentos; 40 horas y Ley que Establece la Promoci\u00f3n de la Inclusi\u00f3n, la Atenci\u00f3n Integral, y la Protecci\u00f3n de los Derechos de las Personas con Trastorno del Espectro Autista en el \u00c1mbito Social, de Salud y Educaci\u00f3n, m\u00e1s conocida como Ley TEA.<\/p>\n<p style=\"font-weight: 400; text-align: justify;\">\u201cLa Cuenta P\u00fablica de nuestro Presidente Gabriel Boric ha sido tremendamente contundente. Fueron m\u00e1s de tres horas en las cuales pudo detallar lo que hemos hecho durante este a\u00f1o y tres meses de Gobierno. Tambi\u00e9n plante\u00f3 las l\u00edneas de desarrollo que se vienen a continuaci\u00f3n en este a\u00f1o, como tambi\u00e9n en el resto de nuestro Gobierno. Hay cosas tremendamente relevantes, temas legislativos trascendentes que van a continuar con esfuerzos legislativos que vienen por delante\u201d, expres\u00f3.<\/p>\n<p style=\"font-weight: 400; text-align: justify;\">Al mismo tiempo subray\u00f3 la relevancia de la conmemoraci\u00f3n de los 50 a\u00f1os del golpe c\u00edvico militar y del debate pol\u00edtico, como v\u00eda para encauzar las necesidades y requerimientos de la ciudadan\u00eda.<\/p>\n<p style=\"font-weight: 400; text-align: justify;\">\u201cTenemos por delante un a\u00f1o muy trascendental con respecto a los 50 a\u00f1os de la conmemoraci\u00f3n del golpe c\u00edvico militar y el mensaje del Presidente fue categ\u00f3rico. El respeto a la democracia es fundamental, levantar la discusi\u00f3n pol\u00edtica, que las personas vean reflejada esa discusi\u00f3n en el Congreso. Nuestro Presidente nos convoca a trabajar con todas las energ\u00edas en todo nuestro territorio, trabajando coordinadamente con el Gobierno Regional, con los municipios, con las organizaciones sociales, para tener una sociedad cada vez m\u00e1s solidaria, m\u00e1s justa y m\u00e1s equitativa en todos los rincones de nuestra regi\u00f3n\u201d, puntualiz\u00f3.<\/p>\n<p style=\"font-weight: 400; text-align: justify;\"><strong>Seguridad P\u00fablica y Regiones m\u00e1s fuertes<\/strong><\/p>\n<p style=\"font-weight: 400; text-align: justify;\">En cuanto a Seguridad P\u00fablica enfatiz\u00f3 en la gesti\u00f3n desarrollada por Subdere con los municipios para la recuperaci\u00f3n de espacios p\u00fablicos, con una inversi\u00f3n que super\u00f3 los cuatro mil millones de pesos a nivel regional; la actualizaci\u00f3n del Plan Regional de Seguridad P\u00fablica y la renovaci\u00f3n de veh\u00edculos de Carabineros.<\/p>\n<p style=\"font-weight: 400; text-align: justify;\">A su vez la Coordinaci\u00f3n Regional de Seguridad P\u00fablica transfiri\u00f3 m\u00e1s de 260 millones de pesos para veh\u00edculos de patrullaje destinados a las comunas de Coyhaique, Cochrane, Lago Verde, Guaitecas, Cisnes, R\u00edo Ib\u00e1\u00f1ez y O&#8217;Higgins, m\u00e1s c\u00e1maras de televigilancia para un Ays\u00e9n m\u00e1s seguro.<\/p>\n<p style=\"font-weight: 400; text-align: justify;\">Por \u00faltimo, mencion\u00f3 la relevancia del proyecto de ley Regiones M\u00e1s Fuertes, que otorga a los gobiernos regionales m\u00e1s autonom\u00eda y flexibilidad para invertir sus recursos y eleva significativamente los est\u00e1ndares de transparencia, probidad y participaci\u00f3n ciudadana, calificado como el mayor avance en descentralizaci\u00f3n de los recursos desde el retorno de la democracia.<\/p>\n<p style=\"font-weight: 400; text-align: justify;\">A ello se suma el traspaso de seis competencias al Gobierno Regional, relacionadas con la planificaci\u00f3n territorial y la evaluaci\u00f3n ambiental, entregando poder de decisi\u00f3n en el fomento a la econom\u00eda regional.<\/p>\n<\/div><\/section><\/div><div  style='height:50px' class='hr hr-invisible   avia-builder-el-6  el_after_av_one_full  el_before_av_social_share '><span class='hr-inner ' ><span class='hr-inner-style'><\/span><\/span><\/div><\/p>\n<div  class='av-social-sharing-box  avia-builder-el-7  el_after_av_hr  el_before_av_hr  '><div class='av-share-box'><h5 class='av-share-link-description av-no-toc '>Compartir esta noticia<\/h5><ul class='av-share-box-list noLightbox'><li class='av-share-link av-social-link-facebook' ><a target=\"_blank\" aria-label=\"Compartir en Facebook\" href='https:\/\/www.facebook.com\/sharer.php?u=https:\/\/radiorevelacionfm.cl\/?p=31592&#038;t=Seguridad%20p%C3%BAblica%2C%20derechos%20sociales%20y%20democracia%20destac%C3%B3%20el%20Delegado%20Regional%20de%20Cuenta%20P%C3%BAblica%20del%20Presidente%20Boric' aria-hidden='false' data-av_icon='\ue8f3' data-av_iconfont='entypo-fontello' title='' data-avia-related-tooltip='Compartir en Facebook' rel=\"noopener\"><span class='avia_hidden_link_text'>Compartir en Facebook<\/span><\/a><\/li><li class='av-share-link av-social-link-twitter' ><a target=\"_blank\" aria-label=\"Compartir en Twitter\" href='https:\/\/twitter.com\/share?text=Seguridad%20p%C3%BAblica%2C%20derechos%20sociales%20y%20democracia%20destac%C3%B3%20el%20Delegado%20Regional%20de%20Cuenta%20P%C3%BAblica%20del%20Presidente%20Boric&#038;url=https:\/\/radiorevelacionfm.cl\/?p=31592' aria-hidden='false' data-av_icon='\ue8f1' data-av_iconfont='entypo-fontello' title='' data-avia-related-tooltip='Compartir en Twitter' rel=\"noopener\"><span class='avia_hidden_link_text'>Compartir en Twitter<\/span><\/a><\/li><li class='av-share-link av-social-link-whatsapp' ><a target=\"_blank\" aria-label=\"Compartir en Whatsapp\" href='https:\/\/api.whatsapp.com\/send?text=https:\/\/radiorevelacionfm.cl\/?p=31592' aria-hidden='false' data-av_icon='\uf232' data-av_iconfont='entypo-fontello' title='' data-avia-related-tooltip='Compartir en Whatsapp' rel=\"noopener\"><span class='avia_hidden_link_text'>Compartir en Whatsapp<\/span><\/a><\/li><li class='av-share-link av-social-link-linkedin' ><a target=\"_blank\" aria-label=\"Compartir en LinkedIn\" href='https:\/\/linkedin.com\/shareArticle?mini=true&#038;title=Seguridad%20p%C3%BAblica%2C%20derechos%20sociales%20y%20democracia%20destac%C3%B3%20el%20Delegado%20Regional%20de%20Cuenta%20P%C3%BAblica%20del%20Presidente%20Boric&#038;url=https:\/\/radiorevelacionfm.cl\/?p=31592' aria-hidden='false' data-av_icon='\ue8fc' data-av_iconfont='entypo-fontello' title='' data-avia-related-tooltip='Compartir en LinkedIn' rel=\"noopener\"><span class='avia_hidden_link_text'>Compartir en LinkedIn<\/span><\/a><\/li><li class='av-share-link av-social-link-mail' ><a  aria-label=\"Compartir por correo\" href='mailto:?subject=Seguridad%20p%C3%BAblica%2C%20derechos%20sociales%20y%20democracia%20destac%C3%B3%20el%20Delegado%20Regional%20de%20Cuenta%20P%C3%BAblica%20del%20Presidente%20Boric&#038;body=https:\/\/radiorevelacionfm.cl\/?p=31592' aria-hidden='false' data-av_icon='\ue805' data-av_iconfont='entypo-fontello' title='' data-avia-related-tooltip='Compartir por correo'><span class='avia_hidden_link_text'>Compartir por correo<\/span><\/a><\/li><\/ul><\/div><\/div>\n<div  style='height:50px' class='hr hr-invisible   avia-builder-el-8  el_after_av_social_share  el_before_av_comments_list '><span class='hr-inner ' ><span class='hr-inner-style'><\/span><\/span><\/div>\n<div  class='av-buildercomment  av-blog-meta-html-info-disabled av-blog-meta-tag-disabled  '><\/div>\n","protected":false},"excerpt":{"rendered":"","protected":false},"author":1,"featured_media":31593,"comment_status":"open","ping_status":"open","sticky":false,"template":"","format":"standard","meta":{"footnotes":""},"categories":[38],"tags":[],"class_list":["post-31592","post","type-post","status-publish","format-standard","has-post-thumbnail","hentry","category-regional"],"jetpack_featured_media_url":"https:\/\/radiorevelacionfm.cl\/wp-content\/uploads\/2023\/06\/img_5542-1_optimized-1.jpg","_links":{"self":[{"href":"https:\/\/radiorevelacionfm.cl\/index.php?rest_route=\/wp\/v2\/posts\/31592","targetHints":{"allow":["GET"]}}],"collection":[{"href":"https:\/\/radiorevelacionfm.cl\/index.php?rest_route=\/wp\/v2\/posts"}],"about":[{"href":"https:\/\/radiorevelacionfm.cl\/index.php?rest_route=\/wp\/v2\/types\/post"}],"author":[{"embeddable":true,"href":"https:\/\/radiorevelacionfm.cl\/index.php?rest_route=\/wp\/v2\/users\/1"}],"replies":[{"embeddable":true,"href":"https:\/\/radiorevelacionfm.cl\/index.php?rest_route=%2Fwp%2Fv2%2Fcomments&post=31592"}],"version-history":[{"count":1,"href":"https:\/\/radiorevelacionfm.cl\/index.php?rest_route=\/wp\/v2\/posts\/31592\/revisions"}],"predecessor-version":[{"id":31594,"href":"https:\/\/radiorevelacionfm.cl\/index.php?rest_route=\/wp\/v2\/posts\/31592\/revisions\/31594"}],"wp:featuredmedia":[{"embeddable":true,"href":"https:\/\/radiorevelacionfm.cl\/index.php?rest_route=\/wp\/v2\/media\/31593"}],"wp:attachment":[{"href":"https:\/\/radiorevelacionfm.cl\/index.php?rest_route=%2Fwp%2Fv2%2Fmedia&parent=31592"}],"wp:term":[{"taxonomy":"category","embeddable":true,"href":"https:\/\/radiorevelacionfm.cl\/index.php?rest_route=%2Fwp%2Fv2%2Fcategories&post=31592"},{"taxonomy":"post_tag","embeddable":true,"href":"https:\/\/radiorevelacionfm.cl\/index.php?rest_route=%2Fwp%2Fv2%2Ftags&post=31592"}],"curies":[{"name":"wp","href":"https:\/\/api.w.org\/{rel}","templated":true}]}}