{"id":31589,"date":"2023-06-01T19:28:32","date_gmt":"2023-06-01T22:28:32","guid":{"rendered":"https:\/\/radiorevelacionfm.cl\/?p=31589"},"modified":"2023-06-01T19:28:32","modified_gmt":"2023-06-01T22:28:32","slug":"cochrane-funcionarios-y-trabajadores-se-capacitan-en-control-de-desastres-y-emergencias","status":"publish","type":"post","link":"https:\/\/radiorevelacionfm.cl\/?p=31589","title":{"rendered":"Cochrane: Funcionarios y trabajadores se capacitan en control de desastres y emergencias"},"content":{"rendered":"<div class=\"flex_column av_one_full  flex_column_div av-zero-column-padding first  avia-builder-el-0  el_before_av_one_full  avia-builder-el-first  \" style='border-radius:0px; '><div  class='avia-image-container  av-styling-    avia-builder-el-1  avia-builder-el-no-sibling  avia-align-center '  itemprop=\"image\" itemscope=\"itemscope\" itemtype=\"https:\/\/schema.org\/ImageObject\"  ><div class='avia-image-container-inner'><div class='avia-image-overlay-wrap'><img decoding=\"async\" class='wp-image-31590 avia-img-lazy-loading-not-31590 avia_image' src=\"https:\/\/radiorevelacionfm.cl\/wp-content\/uploads\/2023\/06\/Senapred-Cochrane-2023-05-27-11.jpeg\" alt='' title='Senapred Cochrane 2023-05-27 (1)(1)' height=\"600\" width=\"800\"  itemprop=\"thumbnailUrl\" srcset=\"https:\/\/radiorevelacionfm.cl\/wp-content\/uploads\/2023\/06\/Senapred-Cochrane-2023-05-27-11.jpeg 800w, https:\/\/radiorevelacionfm.cl\/wp-content\/uploads\/2023\/06\/Senapred-Cochrane-2023-05-27-11-300x225.jpeg 300w, https:\/\/radiorevelacionfm.cl\/wp-content\/uploads\/2023\/06\/Senapred-Cochrane-2023-05-27-11-768x576.jpeg 768w, https:\/\/radiorevelacionfm.cl\/wp-content\/uploads\/2023\/06\/Senapred-Cochrane-2023-05-27-11-705x529.jpeg 705w, https:\/\/radiorevelacionfm.cl\/wp-content\/uploads\/2023\/06\/Senapred-Cochrane-2023-05-27-11-450x338.jpeg 450w, https:\/\/radiorevelacionfm.cl\/wp-content\/uploads\/2023\/06\/Senapred-Cochrane-2023-05-27-11-600x450.jpeg 600w\" sizes=\"(max-width: 800px) 100vw, 800px\" \/><\/div><\/div><\/div><\/div><div class=\"flex_column av_one_full  flex_column_div av-zero-column-padding first  avia-builder-el-2  el_after_av_one_full  el_before_av_one_full  column-top-margin\" style='border-radius:0px; '><section class=\"av_textblock_section \"  itemscope=\"itemscope\" itemtype=\"https:\/\/schema.org\/BlogPosting\" itemprop=\"blogPost\" ><div class='avia_textblock  '   itemprop=\"text\" ><p style=\"text-align: center;\"><strong><span style=\"font-size: 18pt;\">Cochrane: Funcionarios y trabajadores se capacitan en control de desastres y emergencias <\/span><\/strong><\/p>\n<div id=\"gtx-trans\" style=\"position: absolute; left: -50px; top: 4.31534px;\">\n<div class=\"gtx-trans-icon\"><\/div>\n<\/div>\n<\/div><\/section><\/div><div class=\"flex_column av_one_full  flex_column_div av-zero-column-padding first  avia-builder-el-4  el_after_av_one_full  el_before_av_hr  column-top-margin\" style='border-radius:0px; '><section class=\"av_textblock_section \"  itemscope=\"itemscope\" itemtype=\"https:\/\/schema.org\/BlogPosting\" itemprop=\"blogPost\" ><div class='avia_textblock  '   itemprop=\"text\" ><p style=\"text-align: justify;\">Con el objetivo de entregar conocimiento en materia de emergencias se realizaron las jornadas de capacitaci\u00f3n, la cual convoc\u00f3 a distintas personas del servicio p\u00fablico y el \u00e1mbito social de la Provincia Capit\u00e1n Prat, entre participantes destacaron funcionarios de la Delegaci\u00f3n Presidencial Provincial de Capit\u00e1n Prat, Ej\u00e9rcito de Chile, Carabineros de Chile, CONAF, Agrupaci\u00f3n de Gu\u00edas de Cochrane y Radioaficionados, entre otros. La iniciativa desarrollada\u00a0 en dependencias del Liceo Bicentenario Austral Lord Cochrane por el Servicio Nacional de Prevenci\u00f3n y Respuesta ante Desastres (SENAPRED) tuvo una duraci\u00f3n de 3 d\u00edas y m\u00e1s 15 asistentes.<\/p>\n<p style=\"text-align: justify;\">El Programa de Equipo Comunitario de Respuesta a Emergencias (CERT, por sus siglas en ingl\u00e9s) es una iniciativa nacional, implementada localmente, que ense\u00f1a a las personas a prepararse mejor ante los diferentes peligros que pueden afectar a sus comunidades., en ese sentido la Delegada Presidencial Provincial, Marta Montiel, valor\u00f3 la participaci\u00f3n de quienes se acreditaron en dicha capacitaci\u00f3n. \u201cEstamos respondiendo a un compromiso que se estableci\u00f3 desde esta Delegaci\u00f3n y SENAPRED que hasta el a\u00f1o pasado se llam\u00f3 ONEMI, en capacitar grupos de primera reacci\u00f3n dentro de la sociedad civil, ese compromiso lo asumimos posterior al primer simulacro de incendio que se desarroll\u00f3 en el mes de diciembre, precisamente en Cochrane. Este equipo va a ser participante de nuestros planes de emergencia y de contingencia porque es importante contar con la presencia y participaci\u00f3n de nuestras organizaciones comunitarias\u201d, dijo la autoridad provincial.<\/p>\n<p style=\"text-align: justify;\">Ismael Irqu\u00e9n, operador tur\u00edstico y miembro de la Agrupaci\u00f3n de Gu\u00edas de Cochrane, participante de la capacitaci\u00f3n, coment\u00f3 que \u201cpor su puesto lo que m\u00e1s se ve es que las personas tienen el instinto natural de ayudar ante cualquier emergencia pero se desespera o no tiene los conocimientos y terminamos siendo un estorbo para bomberos cuando uno quiere ayudar, uno se ve sobrepasado por la adrenalina sobretodo. Estas instancias son m\u00e1s aterrizadas con conocimientos de seguridad, saber que primero es la seguridad de uno y luego la seguridad del otro, por eso creo que fue una buena instancia este curso que realizamos el fin de semana del 26 al 28 de mayo\u201d.<\/p>\n<p style=\"text-align: justify;\">Finalmente, Marcial Moya D\u00edaz, radioaficionado de Cochrane quien particip\u00f3 de la certificaci\u00f3n enfatiz\u00f3 que instancias como esta son un oportunidad \u201cexcelente, sobre todo tener conocimientos en caso de una situaci\u00f3n de accidente de alguna persona ya sea en el camino, algunas veces no est\u00e1n los medios cercano sin embargo uno puede ayudar en esa situaci\u00f3n, as\u00ed es que nos qued\u00f3 m\u00e1s claro c\u00f3mo poder intervenir en esos casos\u201d.<\/p>\n<\/div><\/section><\/div><div  style='height:50px' class='hr hr-invisible   avia-builder-el-6  el_after_av_one_full  el_before_av_social_share '><span class='hr-inner ' ><span class='hr-inner-style'><\/span><\/span><\/div><\/p>\n<div  class='av-social-sharing-box  avia-builder-el-7  el_after_av_hr  el_before_av_hr  '><div class='av-share-box'><h5 class='av-share-link-description av-no-toc '>Compartir esta noticia<\/h5><ul class='av-share-box-list noLightbox'><li class='av-share-link av-social-link-facebook' ><a target=\"_blank\" aria-label=\"Compartir en Facebook\" href='https:\/\/www.facebook.com\/sharer.php?u=https:\/\/radiorevelacionfm.cl\/?p=31589&#038;t=Cochrane%3A%20Funcionarios%20y%20trabajadores%20se%20capacitan%20en%20control%20de%20desastres%20y%20emergencias' aria-hidden='false' data-av_icon='\ue8f3' data-av_iconfont='entypo-fontello' title='' data-avia-related-tooltip='Compartir en Facebook' rel=\"noopener\"><span class='avia_hidden_link_text'>Compartir en Facebook<\/span><\/a><\/li><li class='av-share-link av-social-link-twitter' ><a target=\"_blank\" aria-label=\"Compartir en Twitter\" href='https:\/\/twitter.com\/share?text=Cochrane%3A%20Funcionarios%20y%20trabajadores%20se%20capacitan%20en%20control%20de%20desastres%20y%20emergencias&#038;url=https:\/\/radiorevelacionfm.cl\/?p=31589' aria-hidden='false' data-av_icon='\ue8f1' data-av_iconfont='entypo-fontello' title='' data-avia-related-tooltip='Compartir en Twitter' rel=\"noopener\"><span class='avia_hidden_link_text'>Compartir en Twitter<\/span><\/a><\/li><li class='av-share-link av-social-link-whatsapp' ><a target=\"_blank\" aria-label=\"Compartir en Whatsapp\" href='https:\/\/api.whatsapp.com\/send?text=https:\/\/radiorevelacionfm.cl\/?p=31589' aria-hidden='false' data-av_icon='\uf232' data-av_iconfont='entypo-fontello' title='' data-avia-related-tooltip='Compartir en Whatsapp' rel=\"noopener\"><span class='avia_hidden_link_text'>Compartir en Whatsapp<\/span><\/a><\/li><li class='av-share-link av-social-link-linkedin' ><a target=\"_blank\" aria-label=\"Compartir en LinkedIn\" href='https:\/\/linkedin.com\/shareArticle?mini=true&#038;title=Cochrane%3A%20Funcionarios%20y%20trabajadores%20se%20capacitan%20en%20control%20de%20desastres%20y%20emergencias&#038;url=https:\/\/radiorevelacionfm.cl\/?p=31589' aria-hidden='false' data-av_icon='\ue8fc' data-av_iconfont='entypo-fontello' title='' data-avia-related-tooltip='Compartir en LinkedIn' rel=\"noopener\"><span class='avia_hidden_link_text'>Compartir en LinkedIn<\/span><\/a><\/li><li class='av-share-link av-social-link-mail' ><a  aria-label=\"Compartir por correo\" href='mailto:?subject=Cochrane%3A%20Funcionarios%20y%20trabajadores%20se%20capacitan%20en%20control%20de%20desastres%20y%20emergencias&#038;body=https:\/\/radiorevelacionfm.cl\/?p=31589' aria-hidden='false' data-av_icon='\ue805' data-av_iconfont='entypo-fontello' title='' data-avia-related-tooltip='Compartir por correo'><span class='avia_hidden_link_text'>Compartir por correo<\/span><\/a><\/li><\/ul><\/div><\/div>\n<div  style='height:50px' class='hr hr-invisible   avia-builder-el-8  el_after_av_social_share  el_before_av_comments_list '><span class='hr-inner ' ><span class='hr-inner-style'><\/span><\/span><\/div>\n<div  class='av-buildercomment  av-blog-meta-html-info-disabled av-blog-meta-tag-disabled  '><\/div>\n","protected":false},"excerpt":{"rendered":"","protected":false},"author":1,"featured_media":31590,"comment_status":"open","ping_status":"open","sticky":false,"template":"","format":"standard","meta":{"footnotes":""},"categories":[38],"tags":[],"class_list":["post-31589","post","type-post","status-publish","format-standard","has-post-thumbnail","hentry","category-regional"],"jetpack_featured_media_url":"https:\/\/radiorevelacionfm.cl\/wp-content\/uploads\/2023\/06\/Senapred-Cochrane-2023-05-27-11.jpeg","_links":{"self":[{"href":"https:\/\/radiorevelacionfm.cl\/index.php?rest_route=\/wp\/v2\/posts\/31589","targetHints":{"allow":["GET"]}}],"collection":[{"href":"https:\/\/radiorevelacionfm.cl\/index.php?rest_route=\/wp\/v2\/posts"}],"about":[{"href":"https:\/\/radiorevelacionfm.cl\/index.php?rest_route=\/wp\/v2\/types\/post"}],"author":[{"embeddable":true,"href":"https:\/\/radiorevelacionfm.cl\/index.php?rest_route=\/wp\/v2\/users\/1"}],"replies":[{"embeddable":true,"href":"https:\/\/radiorevelacionfm.cl\/index.php?rest_route=%2Fwp%2Fv2%2Fcomments&post=31589"}],"version-history":[{"count":1,"href":"https:\/\/radiorevelacionfm.cl\/index.php?rest_route=\/wp\/v2\/posts\/31589\/revisions"}],"predecessor-version":[{"id":31591,"href":"https:\/\/radiorevelacionfm.cl\/index.php?rest_route=\/wp\/v2\/posts\/31589\/revisions\/31591"}],"wp:featuredmedia":[{"embeddable":true,"href":"https:\/\/radiorevelacionfm.cl\/index.php?rest_route=\/wp\/v2\/media\/31590"}],"wp:attachment":[{"href":"https:\/\/radiorevelacionfm.cl\/index.php?rest_route=%2Fwp%2Fv2%2Fmedia&parent=31589"}],"wp:term":[{"taxonomy":"category","embeddable":true,"href":"https:\/\/radiorevelacionfm.cl\/index.php?rest_route=%2Fwp%2Fv2%2Fcategories&post=31589"},{"taxonomy":"post_tag","embeddable":true,"href":"https:\/\/radiorevelacionfm.cl\/index.php?rest_route=%2Fwp%2Fv2%2Ftags&post=31589"}],"curies":[{"name":"wp","href":"https:\/\/api.w.org\/{rel}","templated":true}]}}