{"id":31587,"date":"2023-06-01T18:46:06","date_gmt":"2023-06-01T21:46:06","guid":{"rendered":"https:\/\/radiorevelacionfm.cl\/?p=31587"},"modified":"2023-06-01T18:46:06","modified_gmt":"2023-06-01T21:46:06","slug":"pdi-detiene-a-imputados-por-robo-a-joyeria-de-coyhaique","status":"publish","type":"post","link":"https:\/\/radiorevelacionfm.cl\/?p=31587","title":{"rendered":"PDI detiene a imputados por robo a joyer\u00eda de Coyhaique"},"content":{"rendered":"<div class=\"flex_column av_one_full  flex_column_div av-zero-column-padding first  avia-builder-el-0  el_before_av_one_full  avia-builder-el-first  \" style='border-radius:0px; '><div  class='avia-image-container  av-styling-    avia-builder-el-1  avia-builder-el-no-sibling  avia-align-center '  itemprop=\"image\" itemscope=\"itemscope\" itemtype=\"https:\/\/schema.org\/ImageObject\"  ><div class='avia-image-container-inner'><div class='avia-image-overlay-wrap'><img decoding=\"async\" class='wp-image-16354 avia-img-lazy-loading-not-16354 avia_image' src=\"https:\/\/radiorevelacionfm.cl\/wp-content\/uploads\/2022\/04\/PDI-Imagen-referencial-1-1.jpg\" alt='' title='PDI Imagen referencial (1) (1)' height=\"600\" width=\"900\"  itemprop=\"thumbnailUrl\" srcset=\"https:\/\/radiorevelacionfm.cl\/wp-content\/uploads\/2022\/04\/PDI-Imagen-referencial-1-1.jpg 900w, https:\/\/radiorevelacionfm.cl\/wp-content\/uploads\/2022\/04\/PDI-Imagen-referencial-1-1-300x200.jpg 300w, https:\/\/radiorevelacionfm.cl\/wp-content\/uploads\/2022\/04\/PDI-Imagen-referencial-1-1-768x512.jpg 768w, https:\/\/radiorevelacionfm.cl\/wp-content\/uploads\/2022\/04\/PDI-Imagen-referencial-1-1-705x470.jpg 705w, https:\/\/radiorevelacionfm.cl\/wp-content\/uploads\/2022\/04\/PDI-Imagen-referencial-1-1-600x400.jpg 600w\" sizes=\"(max-width: 900px) 100vw, 900px\" \/><\/div><\/div><\/div><\/div><div class=\"flex_column av_one_full  flex_column_div av-zero-column-padding first  avia-builder-el-2  el_after_av_one_full  el_before_av_one_full  column-top-margin\" style='border-radius:0px; '><section class=\"av_textblock_section \"  itemscope=\"itemscope\" itemtype=\"https:\/\/schema.org\/BlogPosting\" itemprop=\"blogPost\" ><div class='avia_textblock  '   itemprop=\"text\" ><p style=\"text-align: center;\"><span style=\"font-size: 18pt;\"><strong>PDI detiene a imputados por robo a joyer\u00eda de Coyhaique<\/strong><\/span><\/p>\n<div id=\"gtx-trans\" style=\"position: absolute; left: -50px; top: 4.31534px;\">\n<div class=\"gtx-trans-icon\"><\/div>\n<\/div>\n<\/div><\/section><\/div><div class=\"flex_column av_one_full  flex_column_div av-zero-column-padding first  avia-builder-el-4  el_after_av_one_full  el_before_av_hr  column-top-margin\" style='border-radius:0px; '><section class=\"av_textblock_section \"  itemscope=\"itemscope\" itemtype=\"https:\/\/schema.org\/BlogPosting\" itemprop=\"blogPost\" ><div class='avia_textblock  '   itemprop=\"text\" ><p style=\"text-align: justify;\">Detectives de la Brigada Investigadora de Robos (BIRO) Coyhaique, tras una investigaci\u00f3n en conjunto con el Ministerio P\u00fablico, lograron la detenci\u00f3n de una banda criminal que, el pasado 17 de marzo del a\u00f1o 2022, ingresaron a la joyer\u00eda \u00abPanchito\u00bb y robaron gran cantidad de especies. En la oportunidad, tres personas desconocidas entraron al local comercial durante la noche, utilizando objetos contundentes para fracturar los diferentes accesos, sustrayendo joyas de un alto valor comercial.<\/p>\n<p style=\"text-align: justify;\">Sobre el tema, el fiscal Luis Gonz\u00e1lez Aracena, jefe del Sistema de An\u00e1lisis Criminal y Focos Investigativos (SACFI), dijo que \u201cel caso se ha trabajado desde la ocurrencia del hecho, contactando a la v\u00edctima y trabajando con la Polic\u00eda de Investigaciones a trav\u00e9s de la Brigada de Robos de la PDI, por la sustracci\u00f3n de diversas joyas por el valor de 60 millones de pesos\u201d.<\/p>\n<p style=\"text-align: justify;\">Durante las diligencias, y \u201cen base a un fuerte trabajo de an\u00e1lisis criminal y de diferentes t\u00e9cnicas investigativas se logra establecer la participaci\u00f3n de una banda criminal compuesta por tres personas oriundas de la Regi\u00f3n de Los Lagos, principalmente, de las ciudades de Osorno y Puerto Montt\u201d, sostuvo el subprefecto V\u00edctor Toledo, jefe de la brigada especializada.<\/p>\n<p style=\"text-align: justify;\">Todos los antecedentes fueron informados al Ministerio P\u00fablico, raz\u00f3n por la cual la Fiscal\u00eda Local de Coyhaique gestion\u00f3 tres \u00f3rdenes de detenci\u00f3n contra los imputados por este delito con el Juzgado de Garant\u00eda de Coyhaique.<\/p>\n<p style=\"text-align: justify;\">Fue as\u00ed que, tras una prolongada investigaci\u00f3n, durante la semana pasada se llevaron a cabo operativos en conjunto con las BIRO de Puerto Montt y Osorno, \u201ca ra\u00edz de distintas diligencias que se efectuaron durante la semana reci\u00e9n pasada en la regi\u00f3n de Los Lagos, se logra detener a dos de los tres integrantes, uno de ellos en el momento que ingresaba al territorio nacional y a otro sujeto que fue ubicado en su domicilio\u201d, puntualiz\u00f3 el jefe de la BIRO Coyhaique.<\/p>\n<p style=\"text-align: justify;\">Se trata de un hombre de 26 a\u00f1os con antecedentes por Robo en Lugar Habitado en el a\u00f1o 2013, quien fue capturado en el paso fronterizo Cardenal Antonio Samor\u00e9 cuando intentaba ingresar al territorio nacional, mientras que el segundo involucrado de 33 a\u00f1os, cuenta con antecedentes por Homicidio en el a\u00f1o 2006, Tenencia y Porte de Arma y Municiones en el a\u00f1o 2008, adem\u00e1s, Robo en Lugar no Habitado en el a\u00f1o 2018, \u201checho que tambi\u00e9n hab\u00eda afectado a una joyer\u00eda en la ciudad de Coyhaique\u201d, agreg\u00f3 el subprefecto Toledo.<\/p>\n<p style=\"text-align: justify;\">Finalmente, sobre los imputados el persecutor penal indic\u00f3 que \u201cfueron puestos a disposici\u00f3n del tribunal, est\u00e1n formalizados por el delito antes indicado, con un plazo de investigaci\u00f3n de 90 d\u00edas\u201d.<\/p>\n<\/div><\/section><\/div><div  style='height:50px' class='hr hr-invisible   avia-builder-el-6  el_after_av_one_full  el_before_av_social_share '><span class='hr-inner ' ><span class='hr-inner-style'><\/span><\/span><\/div><\/p>\n<div  class='av-social-sharing-box  avia-builder-el-7  el_after_av_hr  el_before_av_hr  '><div class='av-share-box'><h5 class='av-share-link-description av-no-toc '>Compartir esta noticia<\/h5><ul class='av-share-box-list noLightbox'><li class='av-share-link av-social-link-facebook' ><a target=\"_blank\" aria-label=\"Compartir en Facebook\" href='https:\/\/www.facebook.com\/sharer.php?u=https:\/\/radiorevelacionfm.cl\/?p=31587&#038;t=PDI%20detiene%20a%20imputados%20por%20robo%20a%20joyer%C3%ADa%20de%20Coyhaique' aria-hidden='false' data-av_icon='\ue8f3' data-av_iconfont='entypo-fontello' title='' data-avia-related-tooltip='Compartir en Facebook' rel=\"noopener\"><span class='avia_hidden_link_text'>Compartir en Facebook<\/span><\/a><\/li><li class='av-share-link av-social-link-twitter' ><a target=\"_blank\" aria-label=\"Compartir en Twitter\" href='https:\/\/twitter.com\/share?text=PDI%20detiene%20a%20imputados%20por%20robo%20a%20joyer%C3%ADa%20de%20Coyhaique&#038;url=https:\/\/radiorevelacionfm.cl\/?p=31587' aria-hidden='false' data-av_icon='\ue8f1' data-av_iconfont='entypo-fontello' title='' data-avia-related-tooltip='Compartir en Twitter' rel=\"noopener\"><span class='avia_hidden_link_text'>Compartir en Twitter<\/span><\/a><\/li><li class='av-share-link av-social-link-whatsapp' ><a target=\"_blank\" aria-label=\"Compartir en Whatsapp\" href='https:\/\/api.whatsapp.com\/send?text=https:\/\/radiorevelacionfm.cl\/?p=31587' aria-hidden='false' data-av_icon='\uf232' data-av_iconfont='entypo-fontello' title='' data-avia-related-tooltip='Compartir en Whatsapp' rel=\"noopener\"><span class='avia_hidden_link_text'>Compartir en Whatsapp<\/span><\/a><\/li><li class='av-share-link av-social-link-linkedin' ><a target=\"_blank\" aria-label=\"Compartir en LinkedIn\" href='https:\/\/linkedin.com\/shareArticle?mini=true&#038;title=PDI%20detiene%20a%20imputados%20por%20robo%20a%20joyer%C3%ADa%20de%20Coyhaique&#038;url=https:\/\/radiorevelacionfm.cl\/?p=31587' aria-hidden='false' data-av_icon='\ue8fc' data-av_iconfont='entypo-fontello' title='' data-avia-related-tooltip='Compartir en LinkedIn' rel=\"noopener\"><span class='avia_hidden_link_text'>Compartir en LinkedIn<\/span><\/a><\/li><li class='av-share-link av-social-link-mail' ><a  aria-label=\"Compartir por correo\" href='mailto:?subject=PDI%20detiene%20a%20imputados%20por%20robo%20a%20joyer%C3%ADa%20de%20Coyhaique&#038;body=https:\/\/radiorevelacionfm.cl\/?p=31587' aria-hidden='false' data-av_icon='\ue805' data-av_iconfont='entypo-fontello' title='' data-avia-related-tooltip='Compartir por correo'><span class='avia_hidden_link_text'>Compartir por correo<\/span><\/a><\/li><\/ul><\/div><\/div>\n<div  style='height:50px' class='hr hr-invisible   avia-builder-el-8  el_after_av_social_share  el_before_av_comments_list '><span class='hr-inner ' ><span class='hr-inner-style'><\/span><\/span><\/div>\n<div  class='av-buildercomment  av-blog-meta-html-info-disabled av-blog-meta-tag-disabled  '><\/div>\n","protected":false},"excerpt":{"rendered":"","protected":false},"author":1,"featured_media":16354,"comment_status":"open","ping_status":"open","sticky":false,"template":"","format":"standard","meta":{"footnotes":""},"categories":[36],"tags":[],"class_list":["post-31587","post","type-post","status-publish","format-standard","has-post-thumbnail","hentry","category-policial"],"jetpack_featured_media_url":"https:\/\/radiorevelacionfm.cl\/wp-content\/uploads\/2022\/04\/PDI-Imagen-referencial-1-1.jpg","_links":{"self":[{"href":"https:\/\/radiorevelacionfm.cl\/index.php?rest_route=\/wp\/v2\/posts\/31587","targetHints":{"allow":["GET"]}}],"collection":[{"href":"https:\/\/radiorevelacionfm.cl\/index.php?rest_route=\/wp\/v2\/posts"}],"about":[{"href":"https:\/\/radiorevelacionfm.cl\/index.php?rest_route=\/wp\/v2\/types\/post"}],"author":[{"embeddable":true,"href":"https:\/\/radiorevelacionfm.cl\/index.php?rest_route=\/wp\/v2\/users\/1"}],"replies":[{"embeddable":true,"href":"https:\/\/radiorevelacionfm.cl\/index.php?rest_route=%2Fwp%2Fv2%2Fcomments&post=31587"}],"version-history":[{"count":1,"href":"https:\/\/radiorevelacionfm.cl\/index.php?rest_route=\/wp\/v2\/posts\/31587\/revisions"}],"predecessor-version":[{"id":31588,"href":"https:\/\/radiorevelacionfm.cl\/index.php?rest_route=\/wp\/v2\/posts\/31587\/revisions\/31588"}],"wp:featuredmedia":[{"embeddable":true,"href":"https:\/\/radiorevelacionfm.cl\/index.php?rest_route=\/wp\/v2\/media\/16354"}],"wp:attachment":[{"href":"https:\/\/radiorevelacionfm.cl\/index.php?rest_route=%2Fwp%2Fv2%2Fmedia&parent=31587"}],"wp:term":[{"taxonomy":"category","embeddable":true,"href":"https:\/\/radiorevelacionfm.cl\/index.php?rest_route=%2Fwp%2Fv2%2Fcategories&post=31587"},{"taxonomy":"post_tag","embeddable":true,"href":"https:\/\/radiorevelacionfm.cl\/index.php?rest_route=%2Fwp%2Fv2%2Ftags&post=31587"}],"curies":[{"name":"wp","href":"https:\/\/api.w.org\/{rel}","templated":true}]}}