{"id":31583,"date":"2023-06-02T12:33:39","date_gmt":"2023-06-02T15:33:39","guid":{"rendered":"https:\/\/radiorevelacionfm.cl\/?p=31583"},"modified":"2023-06-02T12:33:39","modified_gmt":"2023-06-02T15:33:39","slug":"sandoval-y-cuenta-publica-si-no-somos-capaces-de-llegar-a-acuerdos-concretos-vamos-a-seguir-en-esta-retorica-de-discursos-de-ideas-y-buenas-intenciones","status":"publish","type":"post","link":"https:\/\/radiorevelacionfm.cl\/?p=31583","title":{"rendered":"Sandoval y cuenta p\u00fablica: \u201cSi no somos capaces de llegar a acuerdos concretos, vamos a seguir en esta ret\u00f3rica de discursos, de ideas y buenas intenciones\u201d"},"content":{"rendered":"<div class=\"flex_column av_one_full  flex_column_div av-zero-column-padding first  avia-builder-el-0  el_before_av_one_full  avia-builder-el-first  \" style='border-radius:0px; '><div  class='avia-image-container  av-styling-    avia-builder-el-1  avia-builder-el-no-sibling  avia-align-center '  itemprop=\"image\" itemscope=\"itemscope\" itemtype=\"https:\/\/schema.org\/ImageObject\"  ><div class='avia-image-container-inner'><div class='avia-image-overlay-wrap'><img decoding=\"async\" class='wp-image-31584 avia-img-lazy-loading-not-31584 avia_image' src=\"https:\/\/radiorevelacionfm.cl\/wp-content\/uploads\/2023\/06\/senador-sandoval-4-1-1.jpg\" alt='' title='senador sandoval (4) (1) (1)' height=\"600\" width=\"784\"  itemprop=\"thumbnailUrl\" srcset=\"https:\/\/radiorevelacionfm.cl\/wp-content\/uploads\/2023\/06\/senador-sandoval-4-1-1.jpg 784w, https:\/\/radiorevelacionfm.cl\/wp-content\/uploads\/2023\/06\/senador-sandoval-4-1-1-300x230.jpg 300w, https:\/\/radiorevelacionfm.cl\/wp-content\/uploads\/2023\/06\/senador-sandoval-4-1-1-768x588.jpg 768w, https:\/\/radiorevelacionfm.cl\/wp-content\/uploads\/2023\/06\/senador-sandoval-4-1-1-705x540.jpg 705w, https:\/\/radiorevelacionfm.cl\/wp-content\/uploads\/2023\/06\/senador-sandoval-4-1-1-450x344.jpg 450w, https:\/\/radiorevelacionfm.cl\/wp-content\/uploads\/2023\/06\/senador-sandoval-4-1-1-600x459.jpg 600w\" sizes=\"(max-width: 784px) 100vw, 784px\" \/><\/div><\/div><\/div><\/div><div class=\"flex_column av_one_full  flex_column_div av-zero-column-padding first  avia-builder-el-2  el_after_av_one_full  el_before_av_one_full  column-top-margin\" style='border-radius:0px; '><section class=\"av_textblock_section \"  itemscope=\"itemscope\" itemtype=\"https:\/\/schema.org\/BlogPosting\" itemprop=\"blogPost\" ><div class='avia_textblock  '   itemprop=\"text\" ><p style=\"text-align: center;\"><span style=\"font-size: 18pt;\"><strong>Sandoval y cuenta p\u00fablica: <\/strong><strong>\u201cSi no somos capaces de llegar a acuerdos concretos, vamos a seguir en esta ret\u00f3rica de discursos, de ideas y buenas intenciones\u201d<\/strong><\/span><\/p>\n<div id=\"gtx-trans\" style=\"position: absolute; left: -50px; top: 4.31534px;\">\n<div class=\"gtx-trans-icon\"><\/div>\n<\/div>\n<\/div><\/section><\/div><div class=\"flex_column av_one_full  flex_column_div av-zero-column-padding first  avia-builder-el-4  el_after_av_one_full  el_before_av_hr  column-top-margin\" style='border-radius:0px; '><section class=\"av_textblock_section \"  itemscope=\"itemscope\" itemtype=\"https:\/\/schema.org\/BlogPosting\" itemprop=\"blogPost\" ><div class='avia_textblock  '   itemprop=\"text\" ><p style=\"text-align: justify;\"><em>Parlamentario lament\u00f3 que a nivel regional no se hiciera referencia a la conectividad austral.<\/em><\/p>\n<p style=\"text-align: justify;\">\u201cSi no somos capaces de llegar a acuerdos concretos, vamos a seguir en esta ret\u00f3rica de discursos, de ideas y buenas intenciones\u201d. Con estas palabras, el senador David Sandoval se refiri\u00f3 a la cuenta p\u00fablica entregada este jueves 1 de junio por el presidente Gabriel Boric en el Congreso Nacional en Valpara\u00edso.<\/p>\n<p style=\"text-align: justify;\">Al respecto, el parlamentario resalt\u00f3 la importancia de llegar a acuerdos sobre las grandes demandas que le inquietan a Chile, pues de lo contrario \u201cno vamos a aterrizar estos temas, para que la gente vea que los cuatro a\u00f1os de Gobierno signific\u00f3 algo para el pa\u00eds\u201d.<\/p>\n<p style=\"text-align: justify;\">En ese sentido, Sandoval recalc\u00f3 que hay que hacerse cargo de los problemas que hay en materias como seguridad, que afecta a todos los rincones del pa\u00eds y particularmente del tema de pensiones. \u201cAqu\u00ed es necesario abrir los espacios y que los di\u00e1logos a los que el presidente llama sean abiertos y no para imponer acciones\u201d, puntualiz\u00f3.<\/p>\n<p style=\"text-align: justify;\">Por otro lado, lament\u00f3 que no haya habido ninguna referencia a la conectividad austral, pero s\u00ed al plan de trenes. \u201cNo hubo menci\u00f3n a este tema, a pesar que el propio presidente se comprometi\u00f3 a este cambio estrat\u00e9gico del financiamiento de la Carretera Austral y los planes de construcci\u00f3n en materia caminera\u201d, recalc\u00f3.<\/p>\n<p style=\"text-align: justify;\">En materia de vivienda, insisti\u00f3 que se trata de un gran desaf\u00edo, valorando la meta propuesta y recordando lo que desde el mismo Senado se ha hecho en esta materia. \u201cEl Plan de Emergencia Habitacional est\u00e1 dentro del marco de la ley de Integraci\u00f3n Social y Urbana que se aprob\u00f3 en la administraci\u00f3n pasada. Lo importante ahora es que esto se lleve a cabo\u201d, subray\u00f3, agregando que se trat\u00f3 de una cuenta p\u00fablica \u201cque deja algunas sombras y da luces en otras\u201d.<\/p>\n<p style=\"text-align: justify;\">Asimismo, dijo que, en el caso de las regiones, lo que hay que hacer es que sus estructuras p\u00fablicas se comprometan con las grandes tareas que tiene cada zona. \u201cBasta de burocracia, de tr\u00e1mites, tenemos recursos, hay proyectos, hay deudas que tiene el Estado con prestadores de servicios. Hay una diversidad de problemas que hay que resolver\u201d, indic\u00f3.<\/p>\n<p style=\"text-align: justify;\">Por lo mismo, enfatiz\u00f3 que hay dos temas que se pueden sacar como conclusi\u00f3n del discurso presidencial: \u201cConstruir grandes acuerdos para avanzar en los temas y que estos sue\u00f1os que se tienen aterrizarlos en el Chile real, para hacernos cargo de los problemas concretos\u201d.<\/p>\n<p style=\"text-align: justify;\">Finalmente, Sandoval valor\u00f3 el reconocimiento que hizo el presidente Boric, al inicio de su discurso, respecto del fallido proceso constituyente anterior, que era la gran apuesta institucional y pol\u00edtica de este Gobierno. \u201cEra una estrategia refundacional, de hacer un nuevo pa\u00eds, de construir una nueva forma de hacer nuestra sociedad. Ese reconocimiento es valioso, pues se hace cargo de una realidad, dado que el pa\u00eds est\u00e1 en una direcci\u00f3n absolutamente distinta, que se demostr\u00f3 el 4 de septiembre y se ratific\u00f3 el 7 de mayo pasado\u201d, concluy\u00f3.<\/p>\n<\/div><\/section><\/div><div  style='height:50px' class='hr hr-invisible   avia-builder-el-6  el_after_av_one_full  el_before_av_social_share '><span class='hr-inner ' ><span class='hr-inner-style'><\/span><\/span><\/div><\/p>\n<div  class='av-social-sharing-box  avia-builder-el-7  el_after_av_hr  el_before_av_hr  '><div class='av-share-box'><h5 class='av-share-link-description av-no-toc '>Compartir esta noticia<\/h5><ul class='av-share-box-list noLightbox'><li class='av-share-link av-social-link-facebook' ><a target=\"_blank\" aria-label=\"Compartir en Facebook\" href='https:\/\/www.facebook.com\/sharer.php?u=https:\/\/radiorevelacionfm.cl\/?p=31583&#038;t=Sandoval%20y%20cuenta%20p%C3%BAblica%3A%20%E2%80%9CSi%20no%20somos%20capaces%20de%20llegar%20a%20acuerdos%20concretos%2C%20vamos%20a%20seguir%20en%20esta%20ret%C3%B3rica%20de%20discursos%2C%20de%20ideas%20y%20buenas%20intenciones%E2%80%9D' aria-hidden='false' data-av_icon='\ue8f3' data-av_iconfont='entypo-fontello' title='' data-avia-related-tooltip='Compartir en Facebook' rel=\"noopener\"><span class='avia_hidden_link_text'>Compartir en Facebook<\/span><\/a><\/li><li class='av-share-link av-social-link-twitter' ><a target=\"_blank\" aria-label=\"Compartir en Twitter\" href='https:\/\/twitter.com\/share?text=Sandoval%20y%20cuenta%20p%C3%BAblica%3A%20%E2%80%9CSi%20no%20somos%20capaces%20de%20llegar%20a%20acuerdos%20concretos%2C%20vamos%20a%20seguir%20en%20esta%20ret%C3%B3rica%20de%20discursos%2C%20de%20ideas%20y%20buenas%20intenciones%E2%80%9D&#038;url=https:\/\/radiorevelacionfm.cl\/?p=31583' aria-hidden='false' data-av_icon='\ue8f1' data-av_iconfont='entypo-fontello' title='' data-avia-related-tooltip='Compartir en Twitter' rel=\"noopener\"><span class='avia_hidden_link_text'>Compartir en Twitter<\/span><\/a><\/li><li class='av-share-link av-social-link-whatsapp' ><a target=\"_blank\" aria-label=\"Compartir en Whatsapp\" href='https:\/\/api.whatsapp.com\/send?text=https:\/\/radiorevelacionfm.cl\/?p=31583' aria-hidden='false' data-av_icon='\uf232' data-av_iconfont='entypo-fontello' title='' data-avia-related-tooltip='Compartir en Whatsapp' rel=\"noopener\"><span class='avia_hidden_link_text'>Compartir en Whatsapp<\/span><\/a><\/li><li class='av-share-link av-social-link-linkedin' ><a target=\"_blank\" aria-label=\"Compartir en LinkedIn\" href='https:\/\/linkedin.com\/shareArticle?mini=true&#038;title=Sandoval%20y%20cuenta%20p%C3%BAblica%3A%20%E2%80%9CSi%20no%20somos%20capaces%20de%20llegar%20a%20acuerdos%20concretos%2C%20vamos%20a%20seguir%20en%20esta%20ret%C3%B3rica%20de%20discursos%2C%20de%20ideas%20y%20buenas%20intenciones%E2%80%9D&#038;url=https:\/\/radiorevelacionfm.cl\/?p=31583' aria-hidden='false' data-av_icon='\ue8fc' data-av_iconfont='entypo-fontello' title='' data-avia-related-tooltip='Compartir en LinkedIn' rel=\"noopener\"><span class='avia_hidden_link_text'>Compartir en LinkedIn<\/span><\/a><\/li><li class='av-share-link av-social-link-mail' ><a  aria-label=\"Compartir por correo\" href='mailto:?subject=Sandoval%20y%20cuenta%20p%C3%BAblica%3A%20%E2%80%9CSi%20no%20somos%20capaces%20de%20llegar%20a%20acuerdos%20concretos%2C%20vamos%20a%20seguir%20en%20esta%20ret%C3%B3rica%20de%20discursos%2C%20de%20ideas%20y%20buenas%20intenciones%E2%80%9D&#038;body=https:\/\/radiorevelacionfm.cl\/?p=31583' aria-hidden='false' data-av_icon='\ue805' data-av_iconfont='entypo-fontello' title='' data-avia-related-tooltip='Compartir por correo'><span class='avia_hidden_link_text'>Compartir por correo<\/span><\/a><\/li><\/ul><\/div><\/div>\n<div  style='height:50px' class='hr hr-invisible   avia-builder-el-8  el_after_av_social_share  el_before_av_comments_list '><span class='hr-inner ' ><span class='hr-inner-style'><\/span><\/span><\/div>\n<div  class='av-buildercomment  av-blog-meta-html-info-disabled av-blog-meta-tag-disabled  '><\/div>\n","protected":false},"excerpt":{"rendered":"","protected":false},"author":1,"featured_media":31584,"comment_status":"open","ping_status":"open","sticky":false,"template":"","format":"standard","meta":{"footnotes":""},"categories":[38],"tags":[],"class_list":["post-31583","post","type-post","status-publish","format-standard","has-post-thumbnail","hentry","category-regional"],"jetpack_featured_media_url":"https:\/\/radiorevelacionfm.cl\/wp-content\/uploads\/2023\/06\/senador-sandoval-4-1-1.jpg","_links":{"self":[{"href":"https:\/\/radiorevelacionfm.cl\/index.php?rest_route=\/wp\/v2\/posts\/31583","targetHints":{"allow":["GET"]}}],"collection":[{"href":"https:\/\/radiorevelacionfm.cl\/index.php?rest_route=\/wp\/v2\/posts"}],"about":[{"href":"https:\/\/radiorevelacionfm.cl\/index.php?rest_route=\/wp\/v2\/types\/post"}],"author":[{"embeddable":true,"href":"https:\/\/radiorevelacionfm.cl\/index.php?rest_route=\/wp\/v2\/users\/1"}],"replies":[{"embeddable":true,"href":"https:\/\/radiorevelacionfm.cl\/index.php?rest_route=%2Fwp%2Fv2%2Fcomments&post=31583"}],"version-history":[{"count":1,"href":"https:\/\/radiorevelacionfm.cl\/index.php?rest_route=\/wp\/v2\/posts\/31583\/revisions"}],"predecessor-version":[{"id":31585,"href":"https:\/\/radiorevelacionfm.cl\/index.php?rest_route=\/wp\/v2\/posts\/31583\/revisions\/31585"}],"wp:featuredmedia":[{"embeddable":true,"href":"https:\/\/radiorevelacionfm.cl\/index.php?rest_route=\/wp\/v2\/media\/31584"}],"wp:attachment":[{"href":"https:\/\/radiorevelacionfm.cl\/index.php?rest_route=%2Fwp%2Fv2%2Fmedia&parent=31583"}],"wp:term":[{"taxonomy":"category","embeddable":true,"href":"https:\/\/radiorevelacionfm.cl\/index.php?rest_route=%2Fwp%2Fv2%2Fcategories&post=31583"},{"taxonomy":"post_tag","embeddable":true,"href":"https:\/\/radiorevelacionfm.cl\/index.php?rest_route=%2Fwp%2Fv2%2Ftags&post=31583"}],"curies":[{"name":"wp","href":"https:\/\/api.w.org\/{rel}","templated":true}]}}