{"id":31580,"date":"2023-06-01T20:48:45","date_gmt":"2023-06-01T23:48:45","guid":{"rendered":"https:\/\/radiorevelacionfm.cl\/?p=31580"},"modified":"2023-06-01T20:48:45","modified_gmt":"2023-06-01T23:48:45","slug":"mas-de-20-servicios-publicos-atendieron-en-lago-verde-en-el-marco-de-gobierno-en-terreno","status":"publish","type":"post","link":"https:\/\/radiorevelacionfm.cl\/?p=31580","title":{"rendered":"M\u00e1s de 20 servicios p\u00fablicos atendieron en Lago Verde en el marco de Gobierno en Terreno"},"content":{"rendered":"<div class=\"flex_column av_one_full  flex_column_div av-zero-column-padding first  avia-builder-el-0  el_before_av_one_full  avia-builder-el-first  \" style='border-radius:0px; '><div  class='avia-image-container  av-styling-    avia-builder-el-1  avia-builder-el-no-sibling  avia-align-center '  itemprop=\"image\" itemscope=\"itemscope\" itemtype=\"https:\/\/schema.org\/ImageObject\"  ><div class='avia-image-container-inner'><div class='avia-image-overlay-wrap'><img decoding=\"async\" class='wp-image-31581 avia-img-lazy-loading-not-31581 avia_image' src=\"https:\/\/radiorevelacionfm.cl\/wp-content\/uploads\/2023\/06\/20230530155637_img_7173-1_optimized-1.jpg\" alt='' title='20230530155637_img_7173-(1)_optimized (1)' height=\"600\" width=\"900\"  itemprop=\"thumbnailUrl\" srcset=\"https:\/\/radiorevelacionfm.cl\/wp-content\/uploads\/2023\/06\/20230530155637_img_7173-1_optimized-1.jpg 900w, https:\/\/radiorevelacionfm.cl\/wp-content\/uploads\/2023\/06\/20230530155637_img_7173-1_optimized-1-300x200.jpg 300w, https:\/\/radiorevelacionfm.cl\/wp-content\/uploads\/2023\/06\/20230530155637_img_7173-1_optimized-1-768x512.jpg 768w, https:\/\/radiorevelacionfm.cl\/wp-content\/uploads\/2023\/06\/20230530155637_img_7173-1_optimized-1-705x470.jpg 705w, https:\/\/radiorevelacionfm.cl\/wp-content\/uploads\/2023\/06\/20230530155637_img_7173-1_optimized-1-450x300.jpg 450w, https:\/\/radiorevelacionfm.cl\/wp-content\/uploads\/2023\/06\/20230530155637_img_7173-1_optimized-1-600x400.jpg 600w\" sizes=\"(max-width: 900px) 100vw, 900px\" \/><\/div><\/div><\/div><\/div>\n<div class=\"flex_column av_one_full  flex_column_div av-zero-column-padding first  avia-builder-el-2  el_after_av_one_full  el_before_av_one_full  column-top-margin\" style='border-radius:0px; '><section class=\"av_textblock_section \"  itemscope=\"itemscope\" itemtype=\"https:\/\/schema.org\/BlogPosting\" itemprop=\"blogPost\" ><div class='avia_textblock  '   itemprop=\"text\" ><p style=\"text-align: center;\"><strong><span style=\"font-size: 18pt;\">M\u00e1s de 20 servicios p\u00fablicos atendieron en Lago Verde en el marco de Gobierno en Terreno<\/span><\/strong><\/p>\n<div id=\"gtx-trans\" style=\"position: absolute; left: -50px; top: 4.31534px;\">\n<div class=\"gtx-trans-icon\"><\/div>\n<\/div>\n<\/div><\/section><\/div>\n<div class=\"flex_column av_one_full  flex_column_div av-zero-column-padding first  avia-builder-el-4  el_after_av_one_full  el_before_av_hr  column-top-margin\" style='border-radius:0px; '><section class=\"av_textblock_section \"  itemscope=\"itemscope\" itemtype=\"https:\/\/schema.org\/BlogPosting\" itemprop=\"blogPost\" ><div class='avia_textblock  '   itemprop=\"text\" ><p style=\"font-weight: 400; text-align: justify;\">23 instituciones p\u00fablicas arribaron hasta Lago Verde para desarrollar una jornada de Gobierno en Terreno, la que tuvo lugar durante el martes reci\u00e9n pasado.<\/p>\n<p style=\"font-weight: 400; text-align: justify;\">Iniciando la agenda de actividades en el lugar, el Concejo Municipal y el alcalde Nelson Opazo recibieron en una reuni\u00f3n especial al delegado presidencial Rodrigo Araya y a algunos integrantes del gabinete regional, para dialogar sobre las necesidades y propuestas en torno al desarrollo de la comunidad.<\/p>\n<p style=\"font-weight: 400; text-align: justify;\">Respecto a los temas tratados, el concejal Pedro Reyes agradeci\u00f3 la visita de las autoridades y la oportunidad de entablar un di\u00e1logo directo con sus carteras, \u201cdonde pudimos plantearles distintas inquietudes y requerimientos de la gente de nuestra comuna desde Tapera, hasta Amengual y Lago Verde, donde tenemos como en toda la regi\u00f3n, las ganas de desarrollarnos y solucionar situaciones que son complejas para nuestra comunidad\u201d, se\u00f1al\u00f3.<\/p>\n<p style=\"font-weight: 400; text-align: justify;\">Sobre las inquietudes manifestadas en el encuentro, el seremi de Obras P\u00fablicas, Patricio Sanhueza, asegur\u00f3 que \u201ctenemos una intervenci\u00f3n fuerte en materia de servicios sanitarios rurales. Tenemos capacidad para esto y un dise\u00f1o que nos comprometimos a venir a presentar al Concejo y la comunidad\u201d, se\u00f1al\u00f3, agregando que m\u00e1s de 400 familias las que podr\u00edan ser beneficiadas con esta iniciativa, \u201cpara dar refuerzo y seguridad h\u00eddrica, en la l\u00ednea de las acciones de Gobierno de otorgar acceso justo al recurso h\u00eddrico y una cobertura universal al agua como un derecho humano\u201d, enfatiz\u00f3.<\/p>\n<p style=\"font-weight: 400; text-align: justify;\">La siguiente actividad realizada fue el Gobierno en Terreno, que se desarroll\u00f3 a partir de las 3 de la tarde del mismo martes, en el gimnasio de Lago Verde.<\/p>\n<p style=\"font-weight: 400; text-align: justify;\">En esta instancia, las y los vecinos tuvieron la oportunidad de acceder a la informaci\u00f3n de los servicios y serem\u00edas que se hicieron presentes.<\/p>\n<p style=\"font-weight: 400; text-align: justify;\">Transportes y Telecomunicaciones, Obras P\u00fablicas, Mujer y Equidad de G\u00e9nero, Deporte, Educaci\u00f3n, Miner\u00eda, Justicia y Derechos Humanos, Bienes Nacionales, Salud, Gobierno, as\u00ed como Fundaci\u00f3n Prodemu, Sernameg, Registro Civil e Identificaci\u00f3n, Vialidad, Defensor\u00eda Penal P\u00fablica, Servicio M\u00e9dico Legal, Subdere, INDAP, Direcci\u00f3n de Obras Hidr\u00e1ulicas, Servicio Nacional de Prevenci\u00f3n y Respuesta Ante Desastres, Corporaci\u00f3n Judicial, SAG, Serviu y programa de Peque\u00f1as Localidades. Todos y cada uno de estos servicios atendi\u00f3 las consultas de la comunidad hasta las 6 y media de la tarde.<\/p>\n<p style=\"font-weight: 400; text-align: justify;\">Las y los dirigentes sociales presentes agradecieron la presencia de los servicios en la capital de la comuna.<\/p>\n<p style=\"font-weight: 400; text-align: justify;\">\u201cTrajeron muchas soluciones, a muchas cosas. Son los representantes del presidente y lo que el presidente quiere para Chile. Nosotros tambi\u00e9n somos parte de Chile y el hecho de que lleguen ac\u00e1 nos hace sentir allegados a eso\u201d, se\u00f1al\u00f3 Jeny Uribe, presidenta de la Junta de Vecinos de Lago Verde.<\/p>\n<p style=\"font-weight: 400; text-align: justify;\">Asimismo, la secretaria de la Junta de Vecinos del sector El Turbio, Leandra Provoste, indic\u00f3 que se sent\u00eda \u201ccontenta y conforme de que llegaron noticias positivas, sobre todo para el sector El Turbio, donde tendremos financiamiento para arreglar el encauce del r\u00edo\u201d, indic\u00f3 la dirigenta.<\/p>\n<p style=\"font-weight: 400; text-align: justify;\">Por su parte, el alcalde de la comuna, Nelson Opazo, valor\u00f3 el esfuerzo y coment\u00f3 que espera que esta agenda de trabajo se mantenga en el tiempo, indicando que \u201cen la medida que este trabajo se mantenga, la respuesta de los vecinos as\u00ed va a ser. Qued\u00f3 claro el liderazgo que le compete al delegado regional al haber se\u00f1alado que m\u00e1s del 60% de los recursos p\u00fablicos de la regi\u00f3n est\u00e1n asociados a la Delegaci\u00f3n Regional\u201d, coment\u00f3.<\/p>\n<p style=\"font-weight: 400; text-align: justify;\">Al ser la conectividad digital una de las principales preocupaciones manifestadas por quienes asistieron al Gobierno en Terreno, la seremi de transportes y telecomunicaciones, Claudia Cantero, reafirm\u00f3 el compromiso del presidente Boric de extender la fibra \u00f3ptica hasta Lago Verde. \u201cEse proyecto lo est\u00e1 desarrollando la Subtel y esperamos licitarlo el pr\u00f3ximo a\u00f1o\u201d, esper\u00e1ndose que se comience a ejecutar a finales del a\u00f1o 2024, indic\u00f3 la seremi, mencionando que esta decisi\u00f3n del Gobierno \u201cva a traer la soluci\u00f3n de conectividad digital de forma permanente y segura\u201d, manifest\u00f3.<\/p>\n<p style=\"font-weight: 400; text-align: justify;\">\u201cHemos visto que los temas de conectividad, no solamente la terrestre sino tambi\u00e9n el aer\u00f3dromo, el muelle del lago, la se\u00f1al telef\u00f3nica, internet, no est\u00e1n resueltos en esta comuna\u201d, expres\u00f3 el delegado Rodrigo Araya.<\/p>\n<p style=\"font-weight: 400; text-align: justify;\">La autoridad regional afirm\u00f3 que frente a estas necesidades, el compromiso del Gobierno es trabajar por todos los habitantes del territorio. \u201cY en nuestro territorio, aunque est\u00e9n en las localidades m\u00e1s alejadas, m\u00e1s apartadas y m\u00e1s aisladas, tienen derecho a contar con los servicios que merecen, sociales, econ\u00f3micos y de salud\u201d, puntualiz\u00f3.<\/p>\n<p style=\"font-weight: 400; text-align: justify;\">Terminado el trabajo en Lago Verde, el delegado presidencial Rodrigo Araya y el jefe de la Unidad Regional de Subdere (Subsecretar\u00eda de Desarrollo Regional), Guillermo Mart\u00ednez, se reunieron el mi\u00e9rcoles 31 de mayo en la localidad de La Junta, con el alcalde de la comuna de Cisnes, Francisco Roncagliolo, para abordar diversas iniciativas comunales.<\/p>\n<p style=\"font-weight: 400; text-align: justify;\">La visita del delegado presidencial a la localidad, concluy\u00f3 con el recorrido al cuartel de la 2da Compa\u00f1\u00eda de Bomberos de La Junta, ocasi\u00f3n en que el comandante Mauricio Pacheco le expuso las condiciones operativas en que se encuentran tanto los voluntarios como el material mayor y menor con que est\u00e1 equipada esta unidad y que presta servicio desde 1989.<\/p>\n<\/div><\/section><\/div><div  style='height:50px' class='hr hr-invisible   avia-builder-el-6  el_after_av_one_full  el_before_av_social_share '><span class='hr-inner ' ><span class='hr-inner-style'><\/span><\/span><\/div><\/p>\n<div  class='av-social-sharing-box  avia-builder-el-7  el_after_av_hr  el_before_av_hr  '><div class='av-share-box'><h5 class='av-share-link-description av-no-toc '>Compartir esta noticia<\/h5><ul class='av-share-box-list noLightbox'><li class='av-share-link av-social-link-facebook' ><a target=\"_blank\" aria-label=\"Compartir en Facebook\" href='https:\/\/www.facebook.com\/sharer.php?u=https:\/\/radiorevelacionfm.cl\/?p=31580&#038;t=M%C3%A1s%20de%2020%20servicios%20p%C3%BAblicos%20atendieron%20en%20Lago%20Verde%20en%20el%20marco%20de%20Gobierno%20en%20Terreno' aria-hidden='false' data-av_icon='\ue8f3' data-av_iconfont='entypo-fontello' title='' data-avia-related-tooltip='Compartir en Facebook' rel=\"noopener\"><span class='avia_hidden_link_text'>Compartir en Facebook<\/span><\/a><\/li><li class='av-share-link av-social-link-twitter' ><a target=\"_blank\" aria-label=\"Compartir en Twitter\" href='https:\/\/twitter.com\/share?text=M%C3%A1s%20de%2020%20servicios%20p%C3%BAblicos%20atendieron%20en%20Lago%20Verde%20en%20el%20marco%20de%20Gobierno%20en%20Terreno&#038;url=https:\/\/radiorevelacionfm.cl\/?p=31580' aria-hidden='false' data-av_icon='\ue8f1' data-av_iconfont='entypo-fontello' title='' data-avia-related-tooltip='Compartir en Twitter' rel=\"noopener\"><span class='avia_hidden_link_text'>Compartir en Twitter<\/span><\/a><\/li><li class='av-share-link av-social-link-whatsapp' ><a target=\"_blank\" aria-label=\"Compartir en Whatsapp\" href='https:\/\/api.whatsapp.com\/send?text=https:\/\/radiorevelacionfm.cl\/?p=31580' aria-hidden='false' data-av_icon='\uf232' data-av_iconfont='entypo-fontello' title='' data-avia-related-tooltip='Compartir en Whatsapp' rel=\"noopener\"><span class='avia_hidden_link_text'>Compartir en Whatsapp<\/span><\/a><\/li><li class='av-share-link av-social-link-linkedin' ><a target=\"_blank\" aria-label=\"Compartir en LinkedIn\" href='https:\/\/linkedin.com\/shareArticle?mini=true&#038;title=M%C3%A1s%20de%2020%20servicios%20p%C3%BAblicos%20atendieron%20en%20Lago%20Verde%20en%20el%20marco%20de%20Gobierno%20en%20Terreno&#038;url=https:\/\/radiorevelacionfm.cl\/?p=31580' aria-hidden='false' data-av_icon='\ue8fc' data-av_iconfont='entypo-fontello' title='' data-avia-related-tooltip='Compartir en LinkedIn' rel=\"noopener\"><span class='avia_hidden_link_text'>Compartir en LinkedIn<\/span><\/a><\/li><li class='av-share-link av-social-link-mail' ><a  aria-label=\"Compartir por correo\" href='mailto:?subject=M%C3%A1s%20de%2020%20servicios%20p%C3%BAblicos%20atendieron%20en%20Lago%20Verde%20en%20el%20marco%20de%20Gobierno%20en%20Terreno&#038;body=https:\/\/radiorevelacionfm.cl\/?p=31580' aria-hidden='false' data-av_icon='\ue805' data-av_iconfont='entypo-fontello' title='' data-avia-related-tooltip='Compartir por correo'><span class='avia_hidden_link_text'>Compartir por correo<\/span><\/a><\/li><\/ul><\/div><\/div>\n<div  style='height:50px' class='hr hr-invisible   avia-builder-el-8  el_after_av_social_share  el_before_av_comments_list '><span class='hr-inner ' ><span class='hr-inner-style'><\/span><\/span><\/div>\n<div  class='av-buildercomment  av-blog-meta-html-info-disabled av-blog-meta-tag-disabled  '><\/div>\n","protected":false},"excerpt":{"rendered":"","protected":false},"author":1,"featured_media":31581,"comment_status":"open","ping_status":"open","sticky":false,"template":"","format":"standard","meta":{"footnotes":""},"categories":[38],"tags":[],"class_list":["post-31580","post","type-post","status-publish","format-standard","has-post-thumbnail","hentry","category-regional"],"jetpack_featured_media_url":"https:\/\/radiorevelacionfm.cl\/wp-content\/uploads\/2023\/06\/20230530155637_img_7173-1_optimized-1.jpg","_links":{"self":[{"href":"https:\/\/radiorevelacionfm.cl\/index.php?rest_route=\/wp\/v2\/posts\/31580","targetHints":{"allow":["GET"]}}],"collection":[{"href":"https:\/\/radiorevelacionfm.cl\/index.php?rest_route=\/wp\/v2\/posts"}],"about":[{"href":"https:\/\/radiorevelacionfm.cl\/index.php?rest_route=\/wp\/v2\/types\/post"}],"author":[{"embeddable":true,"href":"https:\/\/radiorevelacionfm.cl\/index.php?rest_route=\/wp\/v2\/users\/1"}],"replies":[{"embeddable":true,"href":"https:\/\/radiorevelacionfm.cl\/index.php?rest_route=%2Fwp%2Fv2%2Fcomments&post=31580"}],"version-history":[{"count":2,"href":"https:\/\/radiorevelacionfm.cl\/index.php?rest_route=\/wp\/v2\/posts\/31580\/revisions"}],"predecessor-version":[{"id":31586,"href":"https:\/\/radiorevelacionfm.cl\/index.php?rest_route=\/wp\/v2\/posts\/31580\/revisions\/31586"}],"wp:featuredmedia":[{"embeddable":true,"href":"https:\/\/radiorevelacionfm.cl\/index.php?rest_route=\/wp\/v2\/media\/31581"}],"wp:attachment":[{"href":"https:\/\/radiorevelacionfm.cl\/index.php?rest_route=%2Fwp%2Fv2%2Fmedia&parent=31580"}],"wp:term":[{"taxonomy":"category","embeddable":true,"href":"https:\/\/radiorevelacionfm.cl\/index.php?rest_route=%2Fwp%2Fv2%2Fcategories&post=31580"},{"taxonomy":"post_tag","embeddable":true,"href":"https:\/\/radiorevelacionfm.cl\/index.php?rest_route=%2Fwp%2Fv2%2Ftags&post=31580"}],"curies":[{"name":"wp","href":"https:\/\/api.w.org\/{rel}","templated":true}]}}