{"id":3158,"date":"2021-04-15T17:11:37","date_gmt":"2021-04-15T20:11:37","guid":{"rendered":"https:\/\/radiorevelacionfm.cl\/?p=3158"},"modified":"2021-04-15T17:11:37","modified_gmt":"2021-04-15T20:11:37","slug":"confirman-que-casi-la-totalidad-de-mortalidades-de-salmones-en-la-region-de-aysen-han-sido-retiradas","status":"publish","type":"post","link":"https:\/\/radiorevelacionfm.cl\/?p=3158","title":{"rendered":"Confirman que casi la totalidad de mortalidades de salmones en la regi\u00f3n de Ays\u00e9n han sido retiradas"},"content":{"rendered":"<div class=\"flex_column av_one_full  flex_column_div av-zero-column-padding first  avia-builder-el-0  el_before_av_one_full  avia-builder-el-first  \" style='border-radius:0px; '><div  class='avia-image-container  av-styling-    avia-builder-el-1  avia-builder-el-no-sibling  avia-align-center '  itemprop=\"image\" itemscope=\"itemscope\" itemtype=\"https:\/\/schema.org\/ImageObject\"  ><div class='avia-image-container-inner'><div class='avia-image-overlay-wrap'><img decoding=\"async\" class='wp-image-0 avia-img-lazy-loading-not-0 avia_image' src=\"https:\/\/radiorevelacionfm.cl\/wp-content\/uploads\/2021\/04\/FAN30.jpg\" alt='' title=''   itemprop=\"thumbnailUrl\"  \/><\/div><\/div><\/div><\/div><div class=\"flex_column av_one_full  flex_column_div av-zero-column-padding first  avia-builder-el-2  el_after_av_one_full  el_before_av_one_full  column-top-margin\" style='border-radius:0px; '><section class=\"av_textblock_section \"  itemscope=\"itemscope\" itemtype=\"https:\/\/schema.org\/BlogPosting\" itemprop=\"blogPost\" ><div class='avia_textblock  '   itemprop=\"text\" ><p style=\"text-align: center;\"><span style=\"font-size: 18pt;\"><strong>Confirman que casi la totalidad de mortalidades de salmones en la regi\u00f3n de Ays\u00e9n han sido retiradas<\/strong><\/span><\/p>\n<div id=\"gtx-trans\" style=\"position: absolute; left: -50px; top: 4.31534px;\">\n<div class=\"gtx-trans-icon\"><\/div>\n<\/div>\n<\/div><\/section><\/div><div class=\"flex_column av_one_full  flex_column_div av-zero-column-padding first  avia-builder-el-4  el_after_av_one_full  el_before_av_hr  column-top-margin\" style='border-radius:0px; '><section class=\"av_textblock_section \"  itemscope=\"itemscope\" itemtype=\"https:\/\/schema.org\/BlogPosting\" itemprop=\"blogPost\" ><div class='avia_textblock  '   itemprop=\"text\" ><p style=\"font-weight: 400; text-align: justify;\">De acuerdo a informaci\u00f3n proporcionada por el Servicio Nacional de Pesca y Acuicultura (Sernapesca) en\u00a0la regi\u00f3n de Ays\u00e9n, el retiro de mortalidades alcanza el 99%.<\/p>\n<p style=\"font-weight: 400; text-align: justify;\">Desde el inicio de la contingencia, Sernapesca junto a las autoridades competentes, en el marco de la Red Sustenta, han estado fiscalizando y monitoreando el manejo de la mortalidad de las agrupaciones de concesiones de salm\u00f3nidos (ACS) afectadas por FAN y bajas de ox\u00edgeno. Adem\u00e1s de fiscalizar la ejecuci\u00f3n de las actividades comprometidas en los planes de acci\u00f3n por parte de las empresas afectadas, hasta la disposici\u00f3n final de las mortalidades.<\/p>\n<p style=\"font-weight: 400; text-align: justify;\">Junto con las fiscalizaciones presenciales, Sernapesca dispone de funcionarios para realizar vigilancia mediante sistemas de monitoreo satelitales, remotos, cruce de informaci\u00f3n e inspecci\u00f3n documental de todo el proceso.<\/p>\n<p style=\"font-weight: 400; text-align: justify;\">Al d\u00eda de hoy, 14 centros de cultivos mantienen activos los planes de acci\u00f3n ante mortalidades masivas, 6 corresponden a la regi\u00f3n de Los Lagos y 8 en la regi\u00f3n de Ays\u00e9n. Destacando que en la regi\u00f3n de Ays\u00e9n 4 centros ya no registran mortalidad asociada a FAN (103593, 110154, 110268 y 110129) y 8 centros (103418, 102077, 110152, 110279, 110411, 110271, 110242, 110451) disminuyeron su mortalidad a niveles bajos, procesando su mortalidad en los sistemas de ensilaje en sus centros de cultivo, pudiendo finalizar contingencia si las condiciones ambientales lo permiten.<\/p>\n<p style=\"font-weight: 400; text-align: justify;\">A la fecha, el ente fiscalizador ha verificado un total aproximado de 5.989 toneladas de mortalidad, 3.337 toneladas corresponden a los centros afectados en la regi\u00f3n de Los Lagos, lo que equivale al 14% de la biomasa activa en las ACS afectadas y 2.652 toneladas a la regi\u00f3n de Ays\u00e9n, lo que corresponde al 2% de la biomasa activa en las ACS afectadas.<\/p>\n<p style=\"font-weight: 400; text-align: justify;\">Sernapesca ha fiscalizado todo el proceso de manejo de mortalidad, informando que al d\u00eda 14 de abril, se ha retirado un aproximado de 5.703 toneladas (3062 toneladas en la regi\u00f3n de Los Lagos y 2.641 toneladas en la regi\u00f3n de Ays\u00e9n), es decir, el 95% aproximadamente, lo que corresponde a un 3,7% total de la biomasa activa en las \u00e1reas afectadas. En cuanto al porcentaje restante, Sernapesca ya emiti\u00f3 todas las autorizaciones necesarias para su pronto traslado por parte de las distintas compa\u00f1\u00edas, monitoreando el correcto manejo y traslado.<\/p>\n<p style=\"font-weight: 400; text-align: justify;\">El retiro de mortalidad se ha realizado a trav\u00e9s de embarcaciones como pesqueros de alta mar (PAM), barcazas con bins o wellboats sin recirculaci\u00f3n (circuito cerrado) para evitar riesgos en el transporte, en algunos casos, hay tramos que se est\u00e1n haciendo v\u00eda terrestre con camiones. El destino de la mortalidad es a plantas reductoras para su disposici\u00f3n final y de este modo evitar un da\u00f1o ambiental. Para todos los casos, Sernapesca realiza fiscalizaciones para asegurar que los procesos se realicen de acuerdo a la normativa.<\/p>\n<p style=\"font-weight: 400; text-align: justify;\">\u201cLa situaci\u00f3n en la regi\u00f3n de Ays\u00e9n est\u00e1 bastante estable, del total de la mortalidad en la regi\u00f3n ya el 99% se ha retirado. A la fecha gran parte de los centros afectados en un principio por FAN y bajas de ox\u00edgeno, ya se encuentran con los planes de emergencia inactivados, vale decir, la contingencia termin\u00f3. Y s\u00f3lo restan algunos centros que han mantenido niveles de mortalidades en condiciones o niveles bastante normales. Esta mortalidad ya no necesita ser trasladada mayormente a plantas reductoras, sino que m\u00e1s bien es tratada en los sistemas en ensilaje que los mismos centros poseen. Pese a ello, mantendremos la vigilancia y vamos a estar presentes en cada uno de los movimientos hasta que se retire el \u00faltimo pez de este evento,\u201d afirm\u00f3 Cristian Hudson, Director Regional de Sernapesca Ays\u00e9n.<\/p>\n<\/div><\/section><\/div><div  style='height:50px' class='hr hr-invisible   avia-builder-el-6  el_after_av_one_full  el_before_av_social_share '><span class='hr-inner ' ><span class='hr-inner-style'><\/span><\/span><\/div><\/p>\n<div  class='av-social-sharing-box  avia-builder-el-7  el_after_av_hr  el_before_av_hr  '><div class='av-share-box'><h5 class='av-share-link-description av-no-toc '>Compartir esta noticia<\/h5><ul class='av-share-box-list noLightbox'><li class='av-share-link av-social-link-facebook' ><a target=\"_blank\" aria-label=\"Compartir en Facebook\" href='https:\/\/www.facebook.com\/sharer.php?u=https:\/\/radiorevelacionfm.cl\/?p=3158&#038;t=Confirman%20que%20casi%20la%20totalidad%20de%20mortalidades%20de%20salmones%20en%20la%20regi%C3%B3n%20de%20Ays%C3%A9n%20han%20sido%20retiradas' aria-hidden='false' data-av_icon='\ue8f3' data-av_iconfont='entypo-fontello' title='' data-avia-related-tooltip='Compartir en Facebook' rel=\"noopener\"><span class='avia_hidden_link_text'>Compartir en Facebook<\/span><\/a><\/li><li class='av-share-link av-social-link-twitter' ><a target=\"_blank\" aria-label=\"Compartir en Twitter\" href='https:\/\/twitter.com\/share?text=Confirman%20que%20casi%20la%20totalidad%20de%20mortalidades%20de%20salmones%20en%20la%20regi%C3%B3n%20de%20Ays%C3%A9n%20han%20sido%20retiradas&#038;url=https:\/\/radiorevelacionfm.cl\/?p=3158' aria-hidden='false' data-av_icon='\ue8f1' data-av_iconfont='entypo-fontello' title='' data-avia-related-tooltip='Compartir en Twitter' rel=\"noopener\"><span class='avia_hidden_link_text'>Compartir en Twitter<\/span><\/a><\/li><li class='av-share-link av-social-link-whatsapp' ><a target=\"_blank\" aria-label=\"Compartir en Whatsapp\" href='https:\/\/api.whatsapp.com\/send?text=https:\/\/radiorevelacionfm.cl\/?p=3158' aria-hidden='false' data-av_icon='\uf232' data-av_iconfont='entypo-fontello' title='' data-avia-related-tooltip='Compartir en Whatsapp' rel=\"noopener\"><span class='avia_hidden_link_text'>Compartir en Whatsapp<\/span><\/a><\/li><li class='av-share-link av-social-link-linkedin' ><a target=\"_blank\" aria-label=\"Compartir en LinkedIn\" href='https:\/\/linkedin.com\/shareArticle?mini=true&#038;title=Confirman%20que%20casi%20la%20totalidad%20de%20mortalidades%20de%20salmones%20en%20la%20regi%C3%B3n%20de%20Ays%C3%A9n%20han%20sido%20retiradas&#038;url=https:\/\/radiorevelacionfm.cl\/?p=3158' aria-hidden='false' data-av_icon='\ue8fc' data-av_iconfont='entypo-fontello' title='' data-avia-related-tooltip='Compartir en LinkedIn' rel=\"noopener\"><span class='avia_hidden_link_text'>Compartir en LinkedIn<\/span><\/a><\/li><li class='av-share-link av-social-link-mail' ><a  aria-label=\"Compartir por correo\" href='mailto:?subject=Confirman%20que%20casi%20la%20totalidad%20de%20mortalidades%20de%20salmones%20en%20la%20regi%C3%B3n%20de%20Ays%C3%A9n%20han%20sido%20retiradas&#038;body=https:\/\/radiorevelacionfm.cl\/?p=3158' aria-hidden='false' data-av_icon='\ue805' data-av_iconfont='entypo-fontello' title='' data-avia-related-tooltip='Compartir por correo'><span class='avia_hidden_link_text'>Compartir por correo<\/span><\/a><\/li><\/ul><\/div><\/div>\n<div  style='height:50px' class='hr hr-invisible   avia-builder-el-8  el_after_av_social_share  el_before_av_comments_list '><span class='hr-inner ' ><span class='hr-inner-style'><\/span><\/span><\/div>\n<div  class='av-buildercomment  av-blog-meta-html-info-disabled av-blog-meta-tag-disabled  '><\/div>\n","protected":false},"excerpt":{"rendered":"","protected":false},"author":1,"featured_media":0,"comment_status":"open","ping_status":"open","sticky":false,"template":"","format":"standard","meta":{"footnotes":""},"categories":[60,38],"tags":[],"class_list":["post-3158","post","type-post","status-publish","format-standard","hentry","category-pesca","category-regional"],"jetpack_featured_media_url":"","_links":{"self":[{"href":"https:\/\/radiorevelacionfm.cl\/index.php?rest_route=\/wp\/v2\/posts\/3158","targetHints":{"allow":["GET"]}}],"collection":[{"href":"https:\/\/radiorevelacionfm.cl\/index.php?rest_route=\/wp\/v2\/posts"}],"about":[{"href":"https:\/\/radiorevelacionfm.cl\/index.php?rest_route=\/wp\/v2\/types\/post"}],"author":[{"embeddable":true,"href":"https:\/\/radiorevelacionfm.cl\/index.php?rest_route=\/wp\/v2\/users\/1"}],"replies":[{"embeddable":true,"href":"https:\/\/radiorevelacionfm.cl\/index.php?rest_route=%2Fwp%2Fv2%2Fcomments&post=3158"}],"version-history":[{"count":1,"href":"https:\/\/radiorevelacionfm.cl\/index.php?rest_route=\/wp\/v2\/posts\/3158\/revisions"}],"predecessor-version":[{"id":3160,"href":"https:\/\/radiorevelacionfm.cl\/index.php?rest_route=\/wp\/v2\/posts\/3158\/revisions\/3160"}],"wp:attachment":[{"href":"https:\/\/radiorevelacionfm.cl\/index.php?rest_route=%2Fwp%2Fv2%2Fmedia&parent=3158"}],"wp:term":[{"taxonomy":"category","embeddable":true,"href":"https:\/\/radiorevelacionfm.cl\/index.php?rest_route=%2Fwp%2Fv2%2Fcategories&post=3158"},{"taxonomy":"post_tag","embeddable":true,"href":"https:\/\/radiorevelacionfm.cl\/index.php?rest_route=%2Fwp%2Fv2%2Ftags&post=3158"}],"curies":[{"name":"wp","href":"https:\/\/api.w.org\/{rel}","templated":true}]}}