{"id":31574,"date":"2023-06-01T16:24:03","date_gmt":"2023-06-01T19:24:03","guid":{"rendered":"https:\/\/radiorevelacionfm.cl\/?p=31574"},"modified":"2023-06-01T16:24:03","modified_gmt":"2023-06-01T19:24:03","slug":"personas-mayores-pierden-el-miedo-a-las-nuevas-tecnologias-a-traves-de-talleres-senama","status":"publish","type":"post","link":"https:\/\/radiorevelacionfm.cl\/?p=31574","title":{"rendered":"Personas mayores pierden el miedo a las nuevas tecnolog\u00edas a trav\u00e9s de talleres Senama"},"content":{"rendered":"<div class=\"flex_column av_one_full  flex_column_div av-zero-column-padding first  avia-builder-el-0  el_before_av_one_full  avia-builder-el-first  \" style='border-radius:0px; '><div  class='avia-image-container  av-styling-    avia-builder-el-1  avia-builder-el-no-sibling  avia-align-center '  itemprop=\"image\" itemscope=\"itemscope\" itemtype=\"https:\/\/schema.org\/ImageObject\"  ><div class='avia-image-container-inner'><div class='avia-image-overlay-wrap'><img decoding=\"async\" class='wp-image-31575 avia-img-lazy-loading-not-31575 avia_image' src=\"https:\/\/radiorevelacionfm.cl\/wp-content\/uploads\/2023\/06\/1-44-1_optimized.jpg\" alt='' title='1-(44)-(1)_optimized' height=\"600\" width=\"1067\"  itemprop=\"thumbnailUrl\" srcset=\"https:\/\/radiorevelacionfm.cl\/wp-content\/uploads\/2023\/06\/1-44-1_optimized.jpg 1067w, https:\/\/radiorevelacionfm.cl\/wp-content\/uploads\/2023\/06\/1-44-1_optimized-300x169.jpg 300w, https:\/\/radiorevelacionfm.cl\/wp-content\/uploads\/2023\/06\/1-44-1_optimized-1030x579.jpg 1030w, https:\/\/radiorevelacionfm.cl\/wp-content\/uploads\/2023\/06\/1-44-1_optimized-768x432.jpg 768w, https:\/\/radiorevelacionfm.cl\/wp-content\/uploads\/2023\/06\/1-44-1_optimized-705x396.jpg 705w, https:\/\/radiorevelacionfm.cl\/wp-content\/uploads\/2023\/06\/1-44-1_optimized-450x253.jpg 450w, https:\/\/radiorevelacionfm.cl\/wp-content\/uploads\/2023\/06\/1-44-1_optimized-600x337.jpg 600w\" sizes=\"(max-width: 1067px) 100vw, 1067px\" \/><\/div><\/div><\/div><\/div><div class=\"flex_column av_one_full  flex_column_div av-zero-column-padding first  avia-builder-el-2  el_after_av_one_full  el_before_av_one_full  column-top-margin\" style='border-radius:0px; '><section class=\"av_textblock_section \"  itemscope=\"itemscope\" itemtype=\"https:\/\/schema.org\/BlogPosting\" itemprop=\"blogPost\" ><div class='avia_textblock  '   itemprop=\"text\" ><p style=\"text-align: center;\"><strong><span style=\"font-size: 18pt;\">Personas mayores pierden el miedo a las nuevas tecnolog\u00edas a trav\u00e9s de talleres Senama<\/span><\/strong><\/p>\n<div id=\"gtx-trans\" style=\"position: absolute; left: -50px; top: 4.31534px;\">\n<div class=\"gtx-trans-icon\"><\/div>\n<\/div>\n<\/div><\/section><\/div><div class=\"flex_column av_one_full  flex_column_div av-zero-column-padding first  avia-builder-el-4  el_after_av_one_full  el_before_av_hr  column-top-margin\" style='border-radius:0px; '><section class=\"av_textblock_section \"  itemscope=\"itemscope\" itemtype=\"https:\/\/schema.org\/BlogPosting\" itemprop=\"blogPost\" ><div class='avia_textblock  '   itemprop=\"text\" ><p style=\"text-align: justify;\">\u201cLo que tiene uno es miedo, miedo a la tecnolog\u00eda\u201d as\u00ed describe su relaci\u00f3n con internet y aparatos tecnol\u00f3gicos Carmen Loyola Astorga, quien a sus 64 a\u00f1os es una de las usuarias del \u201cTaller de Alfabetizaci\u00f3n Digital a trav\u00e9s del uso de Tel\u00e9fonos Inteligentes\u201d, iniciativa implementada por el Servicio Nacional del Adulto Mayor (Senama) en las comunas de Coyhaique y Ays\u00e9n. La idea es habituar a los y las usuarias al uso integral de sus equipos celulares, no s\u00f3lo para la comunicaci\u00f3n y entretenci\u00f3n, sino para la realizaci\u00f3n de tr\u00e1mites, pago de cuentas y acceso a la informaci\u00f3n, servicios y beneficios que dispone el Estado.<\/p>\n<p style=\"text-align: justify;\">Karina Acevedo Auad, Seremi de Desarrollo Social y Familia, que particip\u00f3 de la primera sesi\u00f3n realizada en Coyhaique en su calidad de Presidenta del Comit\u00e9 Regional del Adulto Mayor, valor\u00f3 la iniciativa y\u00a0 enfatiz\u00f3 que aunque cada vez m\u00e1s comunes son los Smartphone eso no es sin\u00f3nimo que las personas mayores sepan sacarle todo el provecho. \u201cComo gobierno hemos dado inicio a trav\u00e9s de SENAMA de un importante taller, donde estanos acercando las tecnolog\u00edas a personas mayores, donde podr\u00e1n perder el miedo al tel\u00e9fono, aprender\u00e1n a usar todo lo que tenemos disponible en Internet hoy en la palma de la mano: acceso a la informaci\u00f3n, a los familiares, a la seguridad y socorro de emergencia, entretenci\u00f3n, a la capacitaci\u00f3n, acercar tanta informaci\u00f3n a las personas mayores\u201d.<\/p>\n<p style=\"text-align: justify;\">En esa l\u00ednea, Carmen Loyola Astorga usuaria del \u201cTaller de Alfabetizaci\u00f3n Digital a trav\u00e9s del uso de Tel\u00e9fonos Inteligentes\u201d que se realizar\u00e1 de manera presencial en 10 sesiones en la ciudades de Coyhaique y Puerto Ays\u00e9n, explic\u00f3 sobre el desconocimiento del uso de su celular que \u201crealmente es una molestia para familia, porque uno siempre tiene que estar preguntando y pidiendo ayuda sobre esto o aquello y a uno se le olvida, ahora vamos a tener hartas clases para poder recordarlo. Es muy necesario para comunicarnos con alguien, enviar un email\u00a0 o pagar una cuenta, no tenemos idea sobre esas cosas que para el resto puede ser muy simple. No sabemos o tenemos miedo, porque lo que tiene uno es miedo, miedo a la tecnolog\u00eda\u201d.<\/p>\n<p style=\"text-align: justify;\">Por su parte Nicol\u00e1s Quilodr\u00e1n Ca\u00f1ete, coordinador de SENAMA Ays\u00e9n, relat\u00f3 que hace algunos d\u00edas una persona mayor hab\u00eda adquirido un Smartphone y al no saberlo utilizar lo iba a regalar a uno de sus nietos. \u201cEsta iniciativa nace desde la petici\u00f3n de los Consejeros Regionales de SENAMA quienes en un encuentro nacional de personas mayores establecieron que una de las grandes dificultades que tienen es la brecha digital sobre todo en el uso de sus dispositivos m\u00f3viles, lo que se transform\u00f3 en esta actividad que estamos desarrollando en las oficinas regionales del INJUV en Coyhaique y en la Biblioteca P\u00fablica de Puerto Ays\u00e9n\u201d.<\/p>\n<p style=\"text-align: justify;\">Los talleres que consideran 10 \u00a0sesiones presenciales, se enfocar\u00e1n \u00a0en una entrega de conocimiento pr\u00e1ctico para la correcta utilizaci\u00f3n de celulares Smartphone y todas sus funciones, incluyendo: redes sociales, pago de cuentas, clave \u00fanica y otros tr\u00e1mites que tengan un impacto en mejorar la calidad de vida y el acceso a la informaci\u00f3n de los y las participantes. Respecto a la participaci\u00f3n, en Coyhaique se liberaron 4 cupos y si alguien est\u00e1 interesado en participar se puede inscribir al correo\u00a0<a href=\"mailto:cepuyao@senama.gob.cl\">cepuyao@senama.gob.cl<\/a> o al tel\u00e9fono 672 573355.<\/p>\n<\/div><\/section><\/div><div  style='height:50px' class='hr hr-invisible   avia-builder-el-6  el_after_av_one_full  el_before_av_social_share '><span class='hr-inner ' ><span class='hr-inner-style'><\/span><\/span><\/div><\/p>\n<div  class='av-social-sharing-box  avia-builder-el-7  el_after_av_hr  el_before_av_hr  '><div class='av-share-box'><h5 class='av-share-link-description av-no-toc '>Compartir esta noticia<\/h5><ul class='av-share-box-list noLightbox'><li class='av-share-link av-social-link-facebook' ><a target=\"_blank\" aria-label=\"Compartir en Facebook\" href='https:\/\/www.facebook.com\/sharer.php?u=https:\/\/radiorevelacionfm.cl\/?p=31574&#038;t=Personas%20mayores%20pierden%20el%20miedo%20a%20las%20nuevas%20tecnolog%C3%ADas%20a%20trav%C3%A9s%20de%20talleres%20Senama' aria-hidden='false' data-av_icon='\ue8f3' data-av_iconfont='entypo-fontello' title='' data-avia-related-tooltip='Compartir en Facebook' rel=\"noopener\"><span class='avia_hidden_link_text'>Compartir en Facebook<\/span><\/a><\/li><li class='av-share-link av-social-link-twitter' ><a target=\"_blank\" aria-label=\"Compartir en Twitter\" href='https:\/\/twitter.com\/share?text=Personas%20mayores%20pierden%20el%20miedo%20a%20las%20nuevas%20tecnolog%C3%ADas%20a%20trav%C3%A9s%20de%20talleres%20Senama&#038;url=https:\/\/radiorevelacionfm.cl\/?p=31574' aria-hidden='false' data-av_icon='\ue8f1' data-av_iconfont='entypo-fontello' title='' data-avia-related-tooltip='Compartir en Twitter' rel=\"noopener\"><span class='avia_hidden_link_text'>Compartir en Twitter<\/span><\/a><\/li><li class='av-share-link av-social-link-whatsapp' ><a target=\"_blank\" aria-label=\"Compartir en Whatsapp\" href='https:\/\/api.whatsapp.com\/send?text=https:\/\/radiorevelacionfm.cl\/?p=31574' aria-hidden='false' data-av_icon='\uf232' data-av_iconfont='entypo-fontello' title='' data-avia-related-tooltip='Compartir en Whatsapp' rel=\"noopener\"><span class='avia_hidden_link_text'>Compartir en Whatsapp<\/span><\/a><\/li><li class='av-share-link av-social-link-linkedin' ><a target=\"_blank\" aria-label=\"Compartir en LinkedIn\" href='https:\/\/linkedin.com\/shareArticle?mini=true&#038;title=Personas%20mayores%20pierden%20el%20miedo%20a%20las%20nuevas%20tecnolog%C3%ADas%20a%20trav%C3%A9s%20de%20talleres%20Senama&#038;url=https:\/\/radiorevelacionfm.cl\/?p=31574' aria-hidden='false' data-av_icon='\ue8fc' data-av_iconfont='entypo-fontello' title='' data-avia-related-tooltip='Compartir en LinkedIn' rel=\"noopener\"><span class='avia_hidden_link_text'>Compartir en LinkedIn<\/span><\/a><\/li><li class='av-share-link av-social-link-mail' ><a  aria-label=\"Compartir por correo\" href='mailto:?subject=Personas%20mayores%20pierden%20el%20miedo%20a%20las%20nuevas%20tecnolog%C3%ADas%20a%20trav%C3%A9s%20de%20talleres%20Senama&#038;body=https:\/\/radiorevelacionfm.cl\/?p=31574' aria-hidden='false' data-av_icon='\ue805' data-av_iconfont='entypo-fontello' title='' data-avia-related-tooltip='Compartir por correo'><span class='avia_hidden_link_text'>Compartir por correo<\/span><\/a><\/li><\/ul><\/div><\/div>\n<div  style='height:50px' class='hr hr-invisible   avia-builder-el-8  el_after_av_social_share  el_before_av_comments_list '><span class='hr-inner ' ><span class='hr-inner-style'><\/span><\/span><\/div>\n<div  class='av-buildercomment  av-blog-meta-html-info-disabled av-blog-meta-tag-disabled  '><\/div>\n","protected":false},"excerpt":{"rendered":"","protected":false},"author":1,"featured_media":31575,"comment_status":"open","ping_status":"open","sticky":false,"template":"","format":"standard","meta":{"footnotes":""},"categories":[38],"tags":[],"class_list":["post-31574","post","type-post","status-publish","format-standard","has-post-thumbnail","hentry","category-regional"],"jetpack_featured_media_url":"https:\/\/radiorevelacionfm.cl\/wp-content\/uploads\/2023\/06\/1-44-1_optimized.jpg","_links":{"self":[{"href":"https:\/\/radiorevelacionfm.cl\/index.php?rest_route=\/wp\/v2\/posts\/31574","targetHints":{"allow":["GET"]}}],"collection":[{"href":"https:\/\/radiorevelacionfm.cl\/index.php?rest_route=\/wp\/v2\/posts"}],"about":[{"href":"https:\/\/radiorevelacionfm.cl\/index.php?rest_route=\/wp\/v2\/types\/post"}],"author":[{"embeddable":true,"href":"https:\/\/radiorevelacionfm.cl\/index.php?rest_route=\/wp\/v2\/users\/1"}],"replies":[{"embeddable":true,"href":"https:\/\/radiorevelacionfm.cl\/index.php?rest_route=%2Fwp%2Fv2%2Fcomments&post=31574"}],"version-history":[{"count":1,"href":"https:\/\/radiorevelacionfm.cl\/index.php?rest_route=\/wp\/v2\/posts\/31574\/revisions"}],"predecessor-version":[{"id":31576,"href":"https:\/\/radiorevelacionfm.cl\/index.php?rest_route=\/wp\/v2\/posts\/31574\/revisions\/31576"}],"wp:featuredmedia":[{"embeddable":true,"href":"https:\/\/radiorevelacionfm.cl\/index.php?rest_route=\/wp\/v2\/media\/31575"}],"wp:attachment":[{"href":"https:\/\/radiorevelacionfm.cl\/index.php?rest_route=%2Fwp%2Fv2%2Fmedia&parent=31574"}],"wp:term":[{"taxonomy":"category","embeddable":true,"href":"https:\/\/radiorevelacionfm.cl\/index.php?rest_route=%2Fwp%2Fv2%2Fcategories&post=31574"},{"taxonomy":"post_tag","embeddable":true,"href":"https:\/\/radiorevelacionfm.cl\/index.php?rest_route=%2Fwp%2Fv2%2Ftags&post=31574"}],"curies":[{"name":"wp","href":"https:\/\/api.w.org\/{rel}","templated":true}]}}