{"id":31568,"date":"2023-06-01T12:22:14","date_gmt":"2023-06-01T15:22:14","guid":{"rendered":"https:\/\/radiorevelacionfm.cl\/?p=31568"},"modified":"2023-06-01T12:22:14","modified_gmt":"2023-06-01T15:22:14","slug":"fundacion-integra-realiza-encuentro-regional-con-foco-en-asistencia-y-aprendizajes","status":"publish","type":"post","link":"https:\/\/radiorevelacionfm.cl\/?p=31568","title":{"rendered":"Fundaci\u00f3n Integra realiza encuentro regional con foco en Asistencia y Aprendizajes"},"content":{"rendered":"<div class=\"flex_column av_one_full  flex_column_div av-zero-column-padding first  avia-builder-el-0  el_before_av_one_full  avia-builder-el-first  \" style='border-radius:0px; '><div  class='avia-image-container  av-styling-    avia-builder-el-1  avia-builder-el-no-sibling  avia-align-center '  itemprop=\"image\" itemscope=\"itemscope\" itemtype=\"https:\/\/schema.org\/ImageObject\"  ><div class='avia-image-container-inner'><div class='avia-image-overlay-wrap'><img decoding=\"async\" class='wp-image-31569 avia-img-lazy-loading-not-31569 avia_image' src=\"https:\/\/radiorevelacionfm.cl\/wp-content\/uploads\/2023\/06\/1-min-1-1.jpg\" alt='' title='1-min (1) (1)' height=\"600\" width=\"902\"  itemprop=\"thumbnailUrl\" srcset=\"https:\/\/radiorevelacionfm.cl\/wp-content\/uploads\/2023\/06\/1-min-1-1.jpg 902w, https:\/\/radiorevelacionfm.cl\/wp-content\/uploads\/2023\/06\/1-min-1-1-300x200.jpg 300w, https:\/\/radiorevelacionfm.cl\/wp-content\/uploads\/2023\/06\/1-min-1-1-768x511.jpg 768w, https:\/\/radiorevelacionfm.cl\/wp-content\/uploads\/2023\/06\/1-min-1-1-705x469.jpg 705w, https:\/\/radiorevelacionfm.cl\/wp-content\/uploads\/2023\/06\/1-min-1-1-450x299.jpg 450w, https:\/\/radiorevelacionfm.cl\/wp-content\/uploads\/2023\/06\/1-min-1-1-600x399.jpg 600w\" sizes=\"(max-width: 902px) 100vw, 902px\" \/><\/div><\/div><\/div><\/div><div class=\"flex_column av_one_full  flex_column_div av-zero-column-padding first  avia-builder-el-2  el_after_av_one_full  el_before_av_one_full  column-top-margin\" style='border-radius:0px; '><section class=\"av_textblock_section \"  itemscope=\"itemscope\" itemtype=\"https:\/\/schema.org\/BlogPosting\" itemprop=\"blogPost\" ><div class='avia_textblock  '   itemprop=\"text\" ><p style=\"text-align: center;\"><strong><span style=\"font-size: 18pt;\">Fundaci\u00f3n Integra realiza encuentro regional con foco en Asistencia y Aprendizajes<\/span><\/strong><\/p>\n<div id=\"gtx-trans\" style=\"position: absolute; left: -50px; top: 4.31534px;\">\n<div class=\"gtx-trans-icon\"><\/div>\n<\/div>\n<\/div><\/section><\/div><div class=\"flex_column av_one_full  flex_column_div av-zero-column-padding first  avia-builder-el-4  el_after_av_one_full  el_before_av_hr  column-top-margin\" style='border-radius:0px; '><section class=\"av_textblock_section \"  itemscope=\"itemscope\" itemtype=\"https:\/\/schema.org\/BlogPosting\" itemprop=\"blogPost\" ><div class='avia_textblock  '   itemprop=\"text\" ><p style=\"text-align: justify;\">Durante tres d\u00edas equipos de Jardines Infantiles y de Oficina Regional de Fundaci\u00f3n Integra de la regi\u00f3n de Ays\u00e9n se reunieron en Coyhaique para participar de la jornada regional \u201cRevincul\u00e1ndonos con nuestra Labor\u201d que tuvo por objetivo reconocer, fortalecer y valorar el rol transformador e innovador que tiene la instituci\u00f3n, as\u00ed como tambi\u00e9n el impacto que tienen los procesos educativos en el desarrollo de los ni\u00f1os y ni\u00f1as.<\/p>\n<p style=\"text-align: justify;\">Leticia Araya Norambuena, directora regional de Fundaci\u00f3n Integra, destac\u00f3 que \u201cen esta primera reuni\u00f3n anual, quisimos relevar la importancia que tienen las directoras en el liderazgo de sus equipos educativos y para que las experiencias que ah\u00ed se desarrollan sean significativas y buscando con esto que m\u00e1s familias se sumen a nuestros establecimientos\u201d.<\/p>\n<p style=\"text-align: justify;\">Cabe destacar que los dos primeros d\u00edas se desarroll\u00f3 la 1era Reuni\u00f3n Anual de directoras de jardines infantiles de Fundaci\u00f3n Integra en la regi\u00f3n de Ays\u00e9n, espacio \u00a0en la que se profundiz\u00f3, reflexion\u00f3 -a trav\u00e9s de talleres- la Carta de Navegaci\u00f3n 2022 \u2013 2026, sobre el liderazgo que ejercen \u00a0ellas en sus establecimientos. A la vez, tambi\u00e9n se analiz\u00f3 el panorama actual de la regi\u00f3n en materia de asistencia y c\u00f3mo estos impactan en los aprendizajes educativos.<\/p>\n<p style=\"text-align: justify;\">Erica Cid G\u00fceicha, directora (i) del Jard\u00edn Infantil \u201cMi Peque\u00f1o Para\u00edso\u201d de Villa Amengual tras esta reuni\u00f3n se\u00f1al\u00f3 que \u201ces una buena instancia y es de las cosas que m\u00e1s se valoran de Integra. Que capacite a sus funcionarios y a aquellos que tenemos un liderazgo en los establecimientos\u201d. A su vez destac\u00f3 que \u201ca veces es dif\u00edcil, pero est\u00e1n todas las herramientas para poder lograrlo y alcanzar nuestros objetivos\u201d.<\/p>\n<p style=\"text-align: justify;\">Cabe destacar que el trabajo desarrollado con las directoras de jardines infantiles est\u00e1 enmarcado dentro del Plan de Reactivaci\u00f3n Educativa 2023 poniendo especial \u00e9nfasis en lo relacionado al \u00a0fortalecimiento de los aprendizajes, asistencia, revinculaci\u00f3n entre otros temas.<\/p>\n<p style=\"text-align: justify;\">Por su parte, la \u00faltima jornada estuvo dedicada en pleno al trabajo con los trabajadores de Oficina Regional con quienes se hizo un trabajo que busc\u00f3 realzar nuestras declaraciones institucionales y vincularlas al trabajo que desarrollan.<\/p>\n<p style=\"text-align: justify;\">Dato no menor que este encuentro regional convoc\u00f3 a m\u00e1s de 70 funcionarios entre ellos la directora regional, directoras de jardines infantiles, jefaturas, profesionales, con la finalidad de que todos y todas puedan aportar a trav\u00e9s de distintas estrategias y visiones que permitan relevar la importancia de la educaci\u00f3n parvularia.<\/p>\n<p style=\"text-align: justify;\">Finalmente cabe destacar que Fundaci\u00f3n Integra pertenece a la Red de Fundaciones de la Presidencia de la Rep\u00fablica. Con 32 a\u00f1os de experiencia, cuenta con m\u00e1s de 1.230 jardines infantiles y salas cuna gratuitos a los que asisten m\u00e1s de 91 mil ni\u00f1os y ni\u00f1as en todo Chile.<\/p>\n<\/div><\/section><\/div><div  style='height:50px' class='hr hr-invisible   avia-builder-el-6  el_after_av_one_full  el_before_av_social_share '><span class='hr-inner ' ><span class='hr-inner-style'><\/span><\/span><\/div><\/p>\n<div  class='av-social-sharing-box  avia-builder-el-7  el_after_av_hr  el_before_av_hr  '><div class='av-share-box'><h5 class='av-share-link-description av-no-toc '>Compartir esta noticia<\/h5><ul class='av-share-box-list noLightbox'><li class='av-share-link av-social-link-facebook' ><a target=\"_blank\" aria-label=\"Compartir en Facebook\" href='https:\/\/www.facebook.com\/sharer.php?u=https:\/\/radiorevelacionfm.cl\/?p=31568&#038;t=Fundaci%C3%B3n%20Integra%20realiza%20encuentro%20regional%20con%20foco%20en%20Asistencia%20y%20Aprendizajes' aria-hidden='false' data-av_icon='\ue8f3' data-av_iconfont='entypo-fontello' title='' data-avia-related-tooltip='Compartir en Facebook' rel=\"noopener\"><span class='avia_hidden_link_text'>Compartir en Facebook<\/span><\/a><\/li><li class='av-share-link av-social-link-twitter' ><a target=\"_blank\" aria-label=\"Compartir en Twitter\" href='https:\/\/twitter.com\/share?text=Fundaci%C3%B3n%20Integra%20realiza%20encuentro%20regional%20con%20foco%20en%20Asistencia%20y%20Aprendizajes&#038;url=https:\/\/radiorevelacionfm.cl\/?p=31568' aria-hidden='false' data-av_icon='\ue8f1' data-av_iconfont='entypo-fontello' title='' data-avia-related-tooltip='Compartir en Twitter' rel=\"noopener\"><span class='avia_hidden_link_text'>Compartir en Twitter<\/span><\/a><\/li><li class='av-share-link av-social-link-whatsapp' ><a target=\"_blank\" aria-label=\"Compartir en Whatsapp\" href='https:\/\/api.whatsapp.com\/send?text=https:\/\/radiorevelacionfm.cl\/?p=31568' aria-hidden='false' data-av_icon='\uf232' data-av_iconfont='entypo-fontello' title='' data-avia-related-tooltip='Compartir en Whatsapp' rel=\"noopener\"><span class='avia_hidden_link_text'>Compartir en Whatsapp<\/span><\/a><\/li><li class='av-share-link av-social-link-linkedin' ><a target=\"_blank\" aria-label=\"Compartir en LinkedIn\" href='https:\/\/linkedin.com\/shareArticle?mini=true&#038;title=Fundaci%C3%B3n%20Integra%20realiza%20encuentro%20regional%20con%20foco%20en%20Asistencia%20y%20Aprendizajes&#038;url=https:\/\/radiorevelacionfm.cl\/?p=31568' aria-hidden='false' data-av_icon='\ue8fc' data-av_iconfont='entypo-fontello' title='' data-avia-related-tooltip='Compartir en LinkedIn' rel=\"noopener\"><span class='avia_hidden_link_text'>Compartir en LinkedIn<\/span><\/a><\/li><li class='av-share-link av-social-link-mail' ><a  aria-label=\"Compartir por correo\" href='mailto:?subject=Fundaci%C3%B3n%20Integra%20realiza%20encuentro%20regional%20con%20foco%20en%20Asistencia%20y%20Aprendizajes&#038;body=https:\/\/radiorevelacionfm.cl\/?p=31568' aria-hidden='false' data-av_icon='\ue805' data-av_iconfont='entypo-fontello' title='' data-avia-related-tooltip='Compartir por correo'><span class='avia_hidden_link_text'>Compartir por correo<\/span><\/a><\/li><\/ul><\/div><\/div>\n<div  style='height:50px' class='hr hr-invisible   avia-builder-el-8  el_after_av_social_share  el_before_av_comments_list '><span class='hr-inner ' ><span class='hr-inner-style'><\/span><\/span><\/div>\n<div  class='av-buildercomment  av-blog-meta-html-info-disabled av-blog-meta-tag-disabled  '><\/div>\n","protected":false},"excerpt":{"rendered":"","protected":false},"author":1,"featured_media":31569,"comment_status":"open","ping_status":"open","sticky":false,"template":"","format":"standard","meta":{"footnotes":""},"categories":[49],"tags":[],"class_list":["post-31568","post","type-post","status-publish","format-standard","has-post-thumbnail","hentry","category-educacion"],"jetpack_featured_media_url":"https:\/\/radiorevelacionfm.cl\/wp-content\/uploads\/2023\/06\/1-min-1-1.jpg","_links":{"self":[{"href":"https:\/\/radiorevelacionfm.cl\/index.php?rest_route=\/wp\/v2\/posts\/31568","targetHints":{"allow":["GET"]}}],"collection":[{"href":"https:\/\/radiorevelacionfm.cl\/index.php?rest_route=\/wp\/v2\/posts"}],"about":[{"href":"https:\/\/radiorevelacionfm.cl\/index.php?rest_route=\/wp\/v2\/types\/post"}],"author":[{"embeddable":true,"href":"https:\/\/radiorevelacionfm.cl\/index.php?rest_route=\/wp\/v2\/users\/1"}],"replies":[{"embeddable":true,"href":"https:\/\/radiorevelacionfm.cl\/index.php?rest_route=%2Fwp%2Fv2%2Fcomments&post=31568"}],"version-history":[{"count":1,"href":"https:\/\/radiorevelacionfm.cl\/index.php?rest_route=\/wp\/v2\/posts\/31568\/revisions"}],"predecessor-version":[{"id":31570,"href":"https:\/\/radiorevelacionfm.cl\/index.php?rest_route=\/wp\/v2\/posts\/31568\/revisions\/31570"}],"wp:featuredmedia":[{"embeddable":true,"href":"https:\/\/radiorevelacionfm.cl\/index.php?rest_route=\/wp\/v2\/media\/31569"}],"wp:attachment":[{"href":"https:\/\/radiorevelacionfm.cl\/index.php?rest_route=%2Fwp%2Fv2%2Fmedia&parent=31568"}],"wp:term":[{"taxonomy":"category","embeddable":true,"href":"https:\/\/radiorevelacionfm.cl\/index.php?rest_route=%2Fwp%2Fv2%2Fcategories&post=31568"},{"taxonomy":"post_tag","embeddable":true,"href":"https:\/\/radiorevelacionfm.cl\/index.php?rest_route=%2Fwp%2Fv2%2Ftags&post=31568"}],"curies":[{"name":"wp","href":"https:\/\/api.w.org\/{rel}","templated":true}]}}