{"id":31560,"date":"2023-06-01T10:51:54","date_gmt":"2023-06-01T13:51:54","guid":{"rendered":"https:\/\/radiorevelacionfm.cl\/?p=31560"},"modified":"2023-06-01T10:51:54","modified_gmt":"2023-06-01T13:51:54","slug":"aprueban-por-unanimidad-el-proyecto-que-exime-de-iva-a-servicios-sanitarios-rurales","status":"publish","type":"post","link":"https:\/\/radiorevelacionfm.cl\/?p=31560","title":{"rendered":"Aprueban por unanimidad el proyecto que exime de IVA a Servicios Sanitarios Rurales"},"content":{"rendered":"<div class=\"flex_column av_one_full  flex_column_div av-zero-column-padding first  avia-builder-el-0  el_before_av_one_full  avia-builder-el-first  \" style='border-radius:0px; '><div  class='avia-image-container  av-styling-    avia-builder-el-1  avia-builder-el-no-sibling  avia-align-center '  itemprop=\"image\" itemscope=\"itemscope\" itemtype=\"https:\/\/schema.org\/ImageObject\"  ><div class='avia-image-container-inner'><div class='avia-image-overlay-wrap'><img decoding=\"async\" class='wp-image-31561 avia-img-lazy-loading-not-31561 avia_image' src=\"https:\/\/radiorevelacionfm.cl\/wp-content\/uploads\/2023\/05\/apr-1-1_optimized-1.jpg\" alt='' title='apr-(1)-(1)_optimized (1)' height=\"600\" width=\"983\"  itemprop=\"thumbnailUrl\" srcset=\"https:\/\/radiorevelacionfm.cl\/wp-content\/uploads\/2023\/05\/apr-1-1_optimized-1.jpg 983w, https:\/\/radiorevelacionfm.cl\/wp-content\/uploads\/2023\/05\/apr-1-1_optimized-1-300x183.jpg 300w, https:\/\/radiorevelacionfm.cl\/wp-content\/uploads\/2023\/05\/apr-1-1_optimized-1-768x469.jpg 768w, https:\/\/radiorevelacionfm.cl\/wp-content\/uploads\/2023\/05\/apr-1-1_optimized-1-705x430.jpg 705w, https:\/\/radiorevelacionfm.cl\/wp-content\/uploads\/2023\/05\/apr-1-1_optimized-1-450x275.jpg 450w, https:\/\/radiorevelacionfm.cl\/wp-content\/uploads\/2023\/05\/apr-1-1_optimized-1-600x366.jpg 600w\" sizes=\"(max-width: 983px) 100vw, 983px\" \/><\/div><\/div><\/div><\/div><div class=\"flex_column av_one_full  flex_column_div av-zero-column-padding first  avia-builder-el-2  el_after_av_one_full  el_before_av_one_full  column-top-margin\" style='border-radius:0px; '><section class=\"av_textblock_section \"  itemscope=\"itemscope\" itemtype=\"https:\/\/schema.org\/BlogPosting\" itemprop=\"blogPost\" ><div class='avia_textblock  '   itemprop=\"text\" ><p style=\"text-align: center;\"><strong><span style=\"font-size: 18pt;\">Aprueban por unanimidad el proyecto que exime de IVA a Servicios Sanitarios Rurales<\/span><\/strong><\/p>\n<div id=\"gtx-trans\" style=\"position: absolute; left: -50px; top: 4.31534px;\">\n<div class=\"gtx-trans-icon\"><\/div>\n<\/div>\n<\/div><\/section><\/div><div class=\"flex_column av_one_full  flex_column_div av-zero-column-padding first  avia-builder-el-4  el_after_av_one_full  el_before_av_hr  column-top-margin\" style='border-radius:0px; '><section class=\"av_textblock_section \"  itemscope=\"itemscope\" itemtype=\"https:\/\/schema.org\/BlogPosting\" itemprop=\"blogPost\" ><div class='avia_textblock  '   itemprop=\"text\" ><p style=\"text-align: justify;\">Esta semana la Sala de la C\u00e1mara de Diputadas y Diputados aprob\u00f3 de forma un\u00e1nime el proyecto que establece que los servicios prestados por operadores de Agua Potable Rural (APR) no se encontrar\u00e1n gravados con IVA, siempre que el prestador se encuentre en el registro de operadores de Servicios Sanitarios Rurales (SSR).<\/p>\n<p style=\"text-align: justify;\">\u201cEstoy saliendo de la C\u00e1mara de Diputados donde se aprob\u00f3 por unanimidad la exenci\u00f3n del IVA a los Servicios Sanitarios Rurales, tambi\u00e9n a los servicios de agua para Bomberos y para las escuelas municipales\u201d se\u00f1al\u00f3 la ministra de Obras P\u00fablicas, Jessica L\u00f3pez, agregando que \u201cse trata de un paso muy importante, ahora pasa al Senado para ser tramitado y esperamos que pronto pueda convertirse en Ley\u201d.<\/p>\n<p style=\"text-align: justify;\">Por su parte, el ministro de Hacienda, Mario Marcel, record\u00f3 que este tema surgi\u00f3 durante la discusi\u00f3n de la Ley de Presupuestos y, posteriormente, cuando correspond\u00eda la entrada en vigencia del IVA a los servicios, ocasi\u00f3n en que el Gobierno se comprometi\u00f3 a proponer una regulaci\u00f3n tributaria definitiva para los Servicios Sanitarios Rurales ex-APR (Agua Potable Rural).<\/p>\n<p style=\"text-align: justify;\">\u201cAdicionalmente, el proyecto establece que no estar\u00e1n gravados con IVA los servicios prestados entre operadores o asociaciones de operadores, siempre que los mismos sean prestados para garantizar la continuidad del servicio; y se establece expresamente exenciones de IVA en beneficio del Cuerpo de Bomberos o sus compa\u00f1\u00edas, de establecimientos educacionales municipales y de bienes ra\u00edces municipales. Todo esto con vigencia a partir de enero del a\u00f1o 2023. Con lo anterior, se cumple con un compromiso de proponer esta legislaci\u00f3n que se estableci\u00f3 a comienzos del presente a\u00f1o\u201d, agreg\u00f3.<\/p>\n<p style=\"text-align: justify;\">La titular de Obras P\u00fablicas tambi\u00e9n destac\u00f3 la celeridad con la que la C\u00e1mara ha tramitado este proyecto y coment\u00f3 que a partir de la ley que crea la Subdirecci\u00f3n de Servicios Sanitarios Rurales, dicha direcci\u00f3n va a asumir la relaci\u00f3n completa con los operadores, porque el MOP entiende que son una estructura social relevante. Adem\u00e1s, la ministra L\u00f3pez hizo \u00e9nfasis en que el presupuesto del MOP de este a\u00f1o es el m\u00e1s alto de los \u00faltimos 10 a\u00f1os, entendiendo que Chile tiene que cumplir con el mandato de resguardar el derecho humano al agua.<\/p>\n<p style=\"text-align: justify;\">Por su parte, el Secretario Regional Ministerial de Obras Publicas Patricio Sanhueza Ulloa, se\u00f1al\u00f3 que \u201ceste es un primer paso, un avance importante en un compromiso que como gobierno tenemos con la generaci\u00f3n de una regulaci\u00f3n tributaria definitiva para los Servicios Sanitarios Rurales y a trav\u00e9s de ellos con las comunidades, porque estas medidas repercuten positivamente en los y las usuarias de estos servicios , as\u00ed que estamos muy contentos de que nuestra Ministra L\u00f3pez y todo el equipo de Obras Hidr\u00e1ulicas de nuestro Ministerio trabajara en este proyecto, que ya fue aprobado por la C\u00e1mara de Diputados y Diputadas, y que continuar\u00e1 su tramitaci\u00f3n en el Senado. Como gobierno junto con resguardar el derecho humano al agua como nos ha pedido nuestro presidente Gabriel Boric, tambi\u00e9n hoy estamos apoyando a las comunidades en su diario accionar al eliminar el IVA, lo que es un logro muy significativo\u201d.<\/p>\n<p style=\"text-align: justify;\">En tanto, el Director Regional de Obras Hidr\u00e1ulicas del MOP, Francisco Real indic\u00f3 \u201cComo Direcci\u00f3n Regional de Obras Hidr\u00e1ulicas estamos muy felices con la votaci\u00f3n que se realiz\u00f3 en la C\u00e1mara de Diputados, en donde decidieron en forma un\u00e1nime eliminar las exenciones de IVA para los servicios prestados por los operadores de Servicios Sanitarios Rurales ex-APR, porque este tipo de acciones sin duda vienen a fomentar la equidad y la igualdad de oportunidades. Muy bien sabemos que el acceso al agua potable es un derecho fundamental y todos los ciudadanos deber\u00edan tener la misma condici\u00f3n para disfrutar de este recurso tan vital. Al eliminar el impuesto sobre el agua potable rural estamos garantizando que todas las comunidades sin importar su condici\u00f3n econ\u00f3mica tengan acceso al agua potable. En la regi\u00f3n de Ays\u00e9n, son alrededor de 28 mil las personas beneficiadas con agua potable rural y todos ellos y ellas se van a ver aliviados de tener que pagar ese impuesto\u201d.<\/p>\n<\/div><\/section><\/div><div  style='height:50px' class='hr hr-invisible   avia-builder-el-6  el_after_av_one_full  el_before_av_social_share '><span class='hr-inner ' ><span class='hr-inner-style'><\/span><\/span><\/div><\/p>\n<div  class='av-social-sharing-box  avia-builder-el-7  el_after_av_hr  el_before_av_hr  '><div class='av-share-box'><h5 class='av-share-link-description av-no-toc '>Compartir esta noticia<\/h5><ul class='av-share-box-list noLightbox'><li class='av-share-link av-social-link-facebook' ><a target=\"_blank\" aria-label=\"Compartir en Facebook\" href='https:\/\/www.facebook.com\/sharer.php?u=https:\/\/radiorevelacionfm.cl\/?p=31560&#038;t=Aprueban%20por%20unanimidad%20el%20proyecto%20que%20exime%20de%20IVA%20a%20Servicios%20Sanitarios%20Rurales' aria-hidden='false' data-av_icon='\ue8f3' data-av_iconfont='entypo-fontello' title='' data-avia-related-tooltip='Compartir en Facebook' rel=\"noopener\"><span class='avia_hidden_link_text'>Compartir en Facebook<\/span><\/a><\/li><li class='av-share-link av-social-link-twitter' ><a target=\"_blank\" aria-label=\"Compartir en Twitter\" href='https:\/\/twitter.com\/share?text=Aprueban%20por%20unanimidad%20el%20proyecto%20que%20exime%20de%20IVA%20a%20Servicios%20Sanitarios%20Rurales&#038;url=https:\/\/radiorevelacionfm.cl\/?p=31560' aria-hidden='false' data-av_icon='\ue8f1' data-av_iconfont='entypo-fontello' title='' data-avia-related-tooltip='Compartir en Twitter' rel=\"noopener\"><span class='avia_hidden_link_text'>Compartir en Twitter<\/span><\/a><\/li><li class='av-share-link av-social-link-whatsapp' ><a target=\"_blank\" aria-label=\"Compartir en Whatsapp\" href='https:\/\/api.whatsapp.com\/send?text=https:\/\/radiorevelacionfm.cl\/?p=31560' aria-hidden='false' data-av_icon='\uf232' data-av_iconfont='entypo-fontello' title='' data-avia-related-tooltip='Compartir en Whatsapp' rel=\"noopener\"><span class='avia_hidden_link_text'>Compartir en Whatsapp<\/span><\/a><\/li><li class='av-share-link av-social-link-linkedin' ><a target=\"_blank\" aria-label=\"Compartir en LinkedIn\" href='https:\/\/linkedin.com\/shareArticle?mini=true&#038;title=Aprueban%20por%20unanimidad%20el%20proyecto%20que%20exime%20de%20IVA%20a%20Servicios%20Sanitarios%20Rurales&#038;url=https:\/\/radiorevelacionfm.cl\/?p=31560' aria-hidden='false' data-av_icon='\ue8fc' data-av_iconfont='entypo-fontello' title='' data-avia-related-tooltip='Compartir en LinkedIn' rel=\"noopener\"><span class='avia_hidden_link_text'>Compartir en LinkedIn<\/span><\/a><\/li><li class='av-share-link av-social-link-mail' ><a  aria-label=\"Compartir por correo\" href='mailto:?subject=Aprueban%20por%20unanimidad%20el%20proyecto%20que%20exime%20de%20IVA%20a%20Servicios%20Sanitarios%20Rurales&#038;body=https:\/\/radiorevelacionfm.cl\/?p=31560' aria-hidden='false' data-av_icon='\ue805' data-av_iconfont='entypo-fontello' title='' data-avia-related-tooltip='Compartir por correo'><span class='avia_hidden_link_text'>Compartir por correo<\/span><\/a><\/li><\/ul><\/div><\/div>\n<div  style='height:50px' class='hr hr-invisible   avia-builder-el-8  el_after_av_social_share  el_before_av_comments_list '><span class='hr-inner ' ><span class='hr-inner-style'><\/span><\/span><\/div>\n<div  class='av-buildercomment  av-blog-meta-html-info-disabled av-blog-meta-tag-disabled  '><\/div>\n","protected":false},"excerpt":{"rendered":"","protected":false},"author":1,"featured_media":31561,"comment_status":"open","ping_status":"open","sticky":false,"template":"","format":"standard","meta":{"footnotes":""},"categories":[38],"tags":[],"class_list":["post-31560","post","type-post","status-publish","format-standard","has-post-thumbnail","hentry","category-regional"],"jetpack_featured_media_url":"https:\/\/radiorevelacionfm.cl\/wp-content\/uploads\/2023\/05\/apr-1-1_optimized-1.jpg","_links":{"self":[{"href":"https:\/\/radiorevelacionfm.cl\/index.php?rest_route=\/wp\/v2\/posts\/31560","targetHints":{"allow":["GET"]}}],"collection":[{"href":"https:\/\/radiorevelacionfm.cl\/index.php?rest_route=\/wp\/v2\/posts"}],"about":[{"href":"https:\/\/radiorevelacionfm.cl\/index.php?rest_route=\/wp\/v2\/types\/post"}],"author":[{"embeddable":true,"href":"https:\/\/radiorevelacionfm.cl\/index.php?rest_route=\/wp\/v2\/users\/1"}],"replies":[{"embeddable":true,"href":"https:\/\/radiorevelacionfm.cl\/index.php?rest_route=%2Fwp%2Fv2%2Fcomments&post=31560"}],"version-history":[{"count":1,"href":"https:\/\/radiorevelacionfm.cl\/index.php?rest_route=\/wp\/v2\/posts\/31560\/revisions"}],"predecessor-version":[{"id":31562,"href":"https:\/\/radiorevelacionfm.cl\/index.php?rest_route=\/wp\/v2\/posts\/31560\/revisions\/31562"}],"wp:featuredmedia":[{"embeddable":true,"href":"https:\/\/radiorevelacionfm.cl\/index.php?rest_route=\/wp\/v2\/media\/31561"}],"wp:attachment":[{"href":"https:\/\/radiorevelacionfm.cl\/index.php?rest_route=%2Fwp%2Fv2%2Fmedia&parent=31560"}],"wp:term":[{"taxonomy":"category","embeddable":true,"href":"https:\/\/radiorevelacionfm.cl\/index.php?rest_route=%2Fwp%2Fv2%2Fcategories&post=31560"},{"taxonomy":"post_tag","embeddable":true,"href":"https:\/\/radiorevelacionfm.cl\/index.php?rest_route=%2Fwp%2Fv2%2Ftags&post=31560"}],"curies":[{"name":"wp","href":"https:\/\/api.w.org\/{rel}","templated":true}]}}