{"id":31557,"date":"2023-06-01T11:25:40","date_gmt":"2023-06-01T14:25:40","guid":{"rendered":"https:\/\/radiorevelacionfm.cl\/?p=31557"},"modified":"2023-06-01T11:25:40","modified_gmt":"2023-06-01T14:25:40","slug":"alertan-sobre-marejadas-anormales-en-borde-costero-de-aysen-y-otras-zonas-del-pais","status":"publish","type":"post","link":"https:\/\/radiorevelacionfm.cl\/?p=31557","title":{"rendered":"Alertan sobre marejadas anormales en borde costero de Ays\u00e9n y otras zonas del pa\u00eds"},"content":{"rendered":"<div class=\"flex_column av_one_full  flex_column_div av-zero-column-padding first  avia-builder-el-0  el_before_av_one_full  avia-builder-el-first  \" style='border-radius:0px; '><div  class='avia-image-container  av-styling-    avia-builder-el-1  avia-builder-el-no-sibling  avia-align-center '  itemprop=\"image\" itemscope=\"itemscope\" itemtype=\"https:\/\/schema.org\/ImageObject\"  ><div class='avia-image-container-inner'><div class='avia-image-overlay-wrap'><img decoding=\"async\" class='wp-image-31558 avia-img-lazy-loading-not-31558 avia_image' src=\"https:\/\/radiorevelacionfm.cl\/wp-content\/uploads\/2023\/05\/marejadas-1-1-1.jpg\" alt='' title='marejadas (1) (1) (1)' height=\"600\" width=\"1004\"  itemprop=\"thumbnailUrl\" srcset=\"https:\/\/radiorevelacionfm.cl\/wp-content\/uploads\/2023\/05\/marejadas-1-1-1.jpg 1004w, https:\/\/radiorevelacionfm.cl\/wp-content\/uploads\/2023\/05\/marejadas-1-1-1-300x179.jpg 300w, https:\/\/radiorevelacionfm.cl\/wp-content\/uploads\/2023\/05\/marejadas-1-1-1-768x459.jpg 768w, https:\/\/radiorevelacionfm.cl\/wp-content\/uploads\/2023\/05\/marejadas-1-1-1-705x421.jpg 705w, https:\/\/radiorevelacionfm.cl\/wp-content\/uploads\/2023\/05\/marejadas-1-1-1-450x269.jpg 450w, https:\/\/radiorevelacionfm.cl\/wp-content\/uploads\/2023\/05\/marejadas-1-1-1-600x359.jpg 600w\" sizes=\"(max-width: 1004px) 100vw, 1004px\" \/><\/div><\/div><\/div><\/div><div class=\"flex_column av_one_full  flex_column_div av-zero-column-padding first  avia-builder-el-2  el_after_av_one_full  el_before_av_one_full  column-top-margin\" style='border-radius:0px; '><section class=\"av_textblock_section \"  itemscope=\"itemscope\" itemtype=\"https:\/\/schema.org\/BlogPosting\" itemprop=\"blogPost\" ><div class='avia_textblock  '   itemprop=\"text\" ><p style=\"text-align: center;\"><strong><span style=\"font-size: 18pt;\">Alertan sobre marejadas anormales en borde costero de Ays\u00e9n y otras zonas del pa\u00eds<\/span><\/strong><\/p>\n<div id=\"gtx-trans\" style=\"position: absolute; left: -50px; top: 4.31534px;\">\n<div class=\"gtx-trans-icon\"><\/div>\n<\/div>\n<\/div><\/section><\/div><div class=\"flex_column av_one_full  flex_column_div av-zero-column-padding first  avia-builder-el-4  el_after_av_one_full  el_before_av_hr  column-top-margin\" style='border-radius:0px; '><section class=\"av_textblock_section \"  itemscope=\"itemscope\" itemtype=\"https:\/\/schema.org\/BlogPosting\" itemprop=\"blogPost\" ><div class='avia_textblock  '   itemprop=\"text\" ><p style=\"text-align: justify;\">El Centro Meteorol\u00f3gico Mar\u00edtimo Regional de Valpara\u00edso, dependiente de la Gobernaci\u00f3n Mar\u00edtima de Valpara\u00edso, informa que producto de un sistema frontal que afectar\u00e1 la zona centro sur del pa\u00eds, se proyectan condiciones de mar como marejadas anormales del Suroeste, seg\u00fan el siguiente detalle:<\/p>\n<p>Archipi\u00e9lago de Juan Fern\u00e1ndez\u00a0 \u00a0 \u00a0 \u00a0 \u00a0 \u00a0 \u00a0 : viernes 02 de junio (AM).<\/p>\n<p>Golfo de Penas hasta Constituci\u00f3n\u00a0 \u00a0 \u00a0 \u00a0 \u00a0 \u00a0: viernes 02 de junio (AM).<\/p>\n<p>Constituci\u00f3n hasta Coquimbo\u00a0 \u00a0 \u00a0 \u00a0 \u00a0 \u00a0 \u00a0 \u00a0 \u00a0 : viernes 02 de junio (PM).<\/p>\n<p>Coquimbo hasta Arica\u00a0 \u00a0 \u00a0 \u00a0 \u00a0 \u00a0 \u00a0 \u00a0 \u00a0 \u00a0 \u00a0 \u00a0 \u00a0 \u00a0 \u00a0 \u00a0: s\u00e1bado 03 de junio (AM).<\/p>\n<p>Esta condici\u00f3n se mantendr\u00e1 hasta el domingo 04 entre el Golfo de Penas y Coquimbo, incluyendo al Archipi\u00e9lago de Juan Fern\u00e1ndez; y hasta el lunes 05 entre Coquimbo y Arica.<\/p>\n<p style=\"text-align: justify;\">Cabe se\u00f1alar, que su m\u00e1ximo desarrollo ser\u00e1 durante los d\u00edas s\u00e1bado 03 y domingo 04 de junio; entre las 09:00 y 10:00 horas en el Archipi\u00e9lago de Juan Fern\u00e1ndez; entre las 09:00 y 11:00 entre el Golfo de Penas y Constituci\u00f3n; y entre las 08:00 y 10:00 horas entre Constituci\u00f3n y Arica.<\/p>\n<p style=\"text-align: justify;\">En consideraci\u00f3n a estos antecedentes, SENAPRED declara Alerta Temprana Preventiva para las comunas del borde costero entre las regiones de Arica y Parinacota y Ays\u00e9n, por marejadas anormales, vigente a partir de hoy y hasta que las condiciones as\u00ed lo ameriten.<\/p>\n<p style=\"text-align: justify;\">Se recomienda:<\/p>\n<p>\u00b7 Evitar que la poblaci\u00f3n concurra al borde costero, particularmente a sectores de roquer\u00edos, tanto para actividades recreativas como para actividades de pesca deportiva.<\/p>\n<p>\u00b7 El sector pesquero artesanal deber\u00e1 permanecer atento a las eventuales acciones de cierre de puertos y caletas por parte de la autoridad mar\u00edtima.<\/p>\n<p>\u00b7 Los automovilistas que transiten por el borde costero deben conducir con precauci\u00f3n por eventuales alteraciones en el estado de la calzada a ra\u00edz del oleaje incrementado por marejadas en la zona.<\/p>\n<p>\u00b7 Reforzar la vigilancia del borde costero para evitar emergencias.<\/p>\n<\/div><\/section><\/div><div  style='height:50px' class='hr hr-invisible   avia-builder-el-6  el_after_av_one_full  el_before_av_social_share '><span class='hr-inner ' ><span class='hr-inner-style'><\/span><\/span><\/div><\/p>\n<div  class='av-social-sharing-box  avia-builder-el-7  el_after_av_hr  el_before_av_hr  '><div class='av-share-box'><h5 class='av-share-link-description av-no-toc '>Compartir esta noticia<\/h5><ul class='av-share-box-list noLightbox'><li class='av-share-link av-social-link-facebook' ><a target=\"_blank\" aria-label=\"Compartir en Facebook\" href='https:\/\/www.facebook.com\/sharer.php?u=https:\/\/radiorevelacionfm.cl\/?p=31557&#038;t=Alertan%20sobre%20marejadas%20anormales%20en%20borde%20costero%20de%20Ays%C3%A9n%20y%20otras%20zonas%20del%20pa%C3%ADs' aria-hidden='false' data-av_icon='\ue8f3' data-av_iconfont='entypo-fontello' title='' data-avia-related-tooltip='Compartir en Facebook' rel=\"noopener\"><span class='avia_hidden_link_text'>Compartir en Facebook<\/span><\/a><\/li><li class='av-share-link av-social-link-twitter' ><a target=\"_blank\" aria-label=\"Compartir en Twitter\" href='https:\/\/twitter.com\/share?text=Alertan%20sobre%20marejadas%20anormales%20en%20borde%20costero%20de%20Ays%C3%A9n%20y%20otras%20zonas%20del%20pa%C3%ADs&#038;url=https:\/\/radiorevelacionfm.cl\/?p=31557' aria-hidden='false' data-av_icon='\ue8f1' data-av_iconfont='entypo-fontello' title='' data-avia-related-tooltip='Compartir en Twitter' rel=\"noopener\"><span class='avia_hidden_link_text'>Compartir en Twitter<\/span><\/a><\/li><li class='av-share-link av-social-link-whatsapp' ><a target=\"_blank\" aria-label=\"Compartir en Whatsapp\" href='https:\/\/api.whatsapp.com\/send?text=https:\/\/radiorevelacionfm.cl\/?p=31557' aria-hidden='false' data-av_icon='\uf232' data-av_iconfont='entypo-fontello' title='' data-avia-related-tooltip='Compartir en Whatsapp' rel=\"noopener\"><span class='avia_hidden_link_text'>Compartir en Whatsapp<\/span><\/a><\/li><li class='av-share-link av-social-link-linkedin' ><a target=\"_blank\" aria-label=\"Compartir en LinkedIn\" href='https:\/\/linkedin.com\/shareArticle?mini=true&#038;title=Alertan%20sobre%20marejadas%20anormales%20en%20borde%20costero%20de%20Ays%C3%A9n%20y%20otras%20zonas%20del%20pa%C3%ADs&#038;url=https:\/\/radiorevelacionfm.cl\/?p=31557' aria-hidden='false' data-av_icon='\ue8fc' data-av_iconfont='entypo-fontello' title='' data-avia-related-tooltip='Compartir en LinkedIn' rel=\"noopener\"><span class='avia_hidden_link_text'>Compartir en LinkedIn<\/span><\/a><\/li><li class='av-share-link av-social-link-mail' ><a  aria-label=\"Compartir por correo\" href='mailto:?subject=Alertan%20sobre%20marejadas%20anormales%20en%20borde%20costero%20de%20Ays%C3%A9n%20y%20otras%20zonas%20del%20pa%C3%ADs&#038;body=https:\/\/radiorevelacionfm.cl\/?p=31557' aria-hidden='false' data-av_icon='\ue805' data-av_iconfont='entypo-fontello' title='' data-avia-related-tooltip='Compartir por correo'><span class='avia_hidden_link_text'>Compartir por correo<\/span><\/a><\/li><\/ul><\/div><\/div>\n<div  style='height:50px' class='hr hr-invisible   avia-builder-el-8  el_after_av_social_share  el_before_av_comments_list '><span class='hr-inner ' ><span class='hr-inner-style'><\/span><\/span><\/div>\n<div  class='av-buildercomment  av-blog-meta-html-info-disabled av-blog-meta-tag-disabled  '><\/div>\n","protected":false},"excerpt":{"rendered":"","protected":false},"author":1,"featured_media":31558,"comment_status":"open","ping_status":"open","sticky":false,"template":"","format":"standard","meta":{"footnotes":""},"categories":[38],"tags":[],"class_list":["post-31557","post","type-post","status-publish","format-standard","has-post-thumbnail","hentry","category-regional"],"jetpack_featured_media_url":"https:\/\/radiorevelacionfm.cl\/wp-content\/uploads\/2023\/05\/marejadas-1-1-1.jpg","_links":{"self":[{"href":"https:\/\/radiorevelacionfm.cl\/index.php?rest_route=\/wp\/v2\/posts\/31557","targetHints":{"allow":["GET"]}}],"collection":[{"href":"https:\/\/radiorevelacionfm.cl\/index.php?rest_route=\/wp\/v2\/posts"}],"about":[{"href":"https:\/\/radiorevelacionfm.cl\/index.php?rest_route=\/wp\/v2\/types\/post"}],"author":[{"embeddable":true,"href":"https:\/\/radiorevelacionfm.cl\/index.php?rest_route=\/wp\/v2\/users\/1"}],"replies":[{"embeddable":true,"href":"https:\/\/radiorevelacionfm.cl\/index.php?rest_route=%2Fwp%2Fv2%2Fcomments&post=31557"}],"version-history":[{"count":1,"href":"https:\/\/radiorevelacionfm.cl\/index.php?rest_route=\/wp\/v2\/posts\/31557\/revisions"}],"predecessor-version":[{"id":31559,"href":"https:\/\/radiorevelacionfm.cl\/index.php?rest_route=\/wp\/v2\/posts\/31557\/revisions\/31559"}],"wp:featuredmedia":[{"embeddable":true,"href":"https:\/\/radiorevelacionfm.cl\/index.php?rest_route=\/wp\/v2\/media\/31558"}],"wp:attachment":[{"href":"https:\/\/radiorevelacionfm.cl\/index.php?rest_route=%2Fwp%2Fv2%2Fmedia&parent=31557"}],"wp:term":[{"taxonomy":"category","embeddable":true,"href":"https:\/\/radiorevelacionfm.cl\/index.php?rest_route=%2Fwp%2Fv2%2Fcategories&post=31557"},{"taxonomy":"post_tag","embeddable":true,"href":"https:\/\/radiorevelacionfm.cl\/index.php?rest_route=%2Fwp%2Fv2%2Ftags&post=31557"}],"curies":[{"name":"wp","href":"https:\/\/api.w.org\/{rel}","templated":true}]}}