{"id":31554,"date":"2023-05-31T21:59:13","date_gmt":"2023-06-01T00:59:13","guid":{"rendered":"https:\/\/radiorevelacionfm.cl\/?p=31554"},"modified":"2023-05-31T21:59:13","modified_gmt":"2023-06-01T00:59:13","slug":"glaciares-ad-portas-de-cuenta-publica-presidencial-entre-avances-que-se-congelan-y-compromisos-que-se-derriten","status":"publish","type":"post","link":"https:\/\/radiorevelacionfm.cl\/?p=31554","title":{"rendered":"Glaciares ad portas de Cuenta P\u00fablica Presidencial: Entre avances que se congelan y compromisos que se derriten"},"content":{"rendered":"<div class=\"flex_column av_one_full  flex_column_div av-zero-column-padding first  avia-builder-el-0  el_before_av_one_full  avia-builder-el-first  \" style='border-radius:0px; '><div  class='avia-image-container  av-styling-    avia-builder-el-1  avia-builder-el-no-sibling  avia-align-center '  itemprop=\"image\" itemscope=\"itemscope\" itemtype=\"https:\/\/schema.org\/ImageObject\"  ><div class='avia-image-container-inner'><div class='avia-image-overlay-wrap'><img decoding=\"async\" class='wp-image-31555 avia-img-lazy-loading-not-31555 avia_image' src=\"https:\/\/radiorevelacionfm.cl\/wp-content\/uploads\/2023\/05\/Gaciares2-1-1.jpg\" alt='' title='Gaciares2 (1) (1)' height=\"600\" width=\"1332\"  itemprop=\"thumbnailUrl\" srcset=\"https:\/\/radiorevelacionfm.cl\/wp-content\/uploads\/2023\/05\/Gaciares2-1-1.jpg 1332w, https:\/\/radiorevelacionfm.cl\/wp-content\/uploads\/2023\/05\/Gaciares2-1-1-300x135.jpg 300w, https:\/\/radiorevelacionfm.cl\/wp-content\/uploads\/2023\/05\/Gaciares2-1-1-1030x464.jpg 1030w, https:\/\/radiorevelacionfm.cl\/wp-content\/uploads\/2023\/05\/Gaciares2-1-1-768x346.jpg 768w, https:\/\/radiorevelacionfm.cl\/wp-content\/uploads\/2023\/05\/Gaciares2-1-1-705x318.jpg 705w, https:\/\/radiorevelacionfm.cl\/wp-content\/uploads\/2023\/05\/Gaciares2-1-1-450x203.jpg 450w, https:\/\/radiorevelacionfm.cl\/wp-content\/uploads\/2023\/05\/Gaciares2-1-1-600x270.jpg 600w\" sizes=\"(max-width: 1332px) 100vw, 1332px\" \/><\/div><\/div><\/div><\/div><div class=\"flex_column av_one_full  flex_column_div av-zero-column-padding first  avia-builder-el-2  el_after_av_one_full  el_before_av_one_full  column-top-margin\" style='border-radius:0px; '><section class=\"av_textblock_section \"  itemscope=\"itemscope\" itemtype=\"https:\/\/schema.org\/BlogPosting\" itemprop=\"blogPost\" ><div class='avia_textblock  '   itemprop=\"text\" ><p style=\"text-align: center;\"><strong><span style=\"font-size: 18pt;\">Glaciares ad portas de Cuenta P\u00fablica Presidencial: Entre avances que se congelan y compromisos que se derriten<\/span><\/strong><\/p>\n<div id=\"gtx-trans\" style=\"position: absolute; left: -50px; top: 4.31534px;\">\n<div class=\"gtx-trans-icon\"><\/div>\n<\/div>\n<\/div><\/section><\/div><div class=\"flex_column av_one_full  flex_column_div av-zero-column-padding first  avia-builder-el-4  el_after_av_one_full  el_before_av_hr  column-top-margin\" style='border-radius:0px; '><section class=\"av_textblock_section \"  itemscope=\"itemscope\" itemtype=\"https:\/\/schema.org\/BlogPosting\" itemprop=\"blogPost\" ><div class='avia_textblock  '   itemprop=\"text\" ><p dir=\"ltr\" style=\"text-align: justify;\">El autodefinido primer \u00abgobierno ecologista\u00bb de Chile terminaba v\u00eda <a href=\"https:\/\/glaciareschilenoss3.s3.us-west-1.amazonaws.com\/wp-content\/uploads\/2022\/12\/29134527\/Resolucion_3824.pdf\" target=\"_blank\" rel=\"noopener noreferrer\">Resoluci\u00f3n Exenta 3824<\/a> con la Unidad de Glaciolog\u00eda y Nieves (UGN) de la Direcci\u00f3n Nacional de Aguas.\u00a0 La noticia, del 28 de diciembre, cay\u00f3 como balde de agua fr\u00eda en \u00e9poca de crisis clim\u00e1tica y necesidad de fortalecer la seguridad h\u00eddrica.<\/p>\n<p dir=\"ltr\" style=\"text-align: justify;\">Desde 2008, en el primer gobierno de Michelle Bachelet, operaba esta \u00e1rea responsable de las pol\u00edticas p\u00fablicas relacionadas con los glaciares del pa\u00eds.\u00a0 Entre sus funciones estaba elaborar el inventario general, su estudio y monitoreo.\u00a0 Al desaparecer la UGN, sus atribuciones pasaron a la Divisi\u00f3n de Hidrolog\u00eda, de nivel superior (incluso sometida al procedimiento de alta direcci\u00f3n p\u00fablica) pero compartiendo prioridad con hidrometr\u00eda y meteorolog\u00eda; proceso y desarrollo; y monitoreo de extracciones efectivas.<\/p>\n<p dir=\"ltr\" style=\"text-align: justify;\">Ante el revuelo causado, el Ministerio de Obras P\u00fablicas aclar\u00f3 que esta medida le otorgar\u00eda mayor jerarqu\u00eda al foco en glaciares dentro de la DGA, ya que al contar la Divisi\u00f3n de Hidrolog\u00eda con funcionarios en todo el pa\u00eds asegurar\u00eda un mayor despliegue territorial.\u00a0 En cambio la UGN s\u00f3lo manten\u00eda profesionales en Santiago y Ays\u00e9n.\u00a0 Esto fue refrendado en una presentaci\u00f3n ante la Comisi\u00f3n de Obras P\u00fablicas del Senado, donde el director DGA Rodrigo Sanhueza Bravo, <a href=\"https:\/\/tv.senado.cl\/tvsenado\/comisiones\/permanentes\/obras-publicas\/comision-de-obras-publicas\/2023-01-18\/102952.html\" target=\"_blank\" rel=\"noopener noreferrer\">expres\u00f3<\/a> que \u00ablo que estamos hoy d\u00eda haciendo es incorporar esta unidad como un departamento Dentro de la Divisi\u00f3n de Hidrolog\u00eda, Glaciolog\u00eda y Nieves, pero dentro de la org\u00e1nica del servicio, por lo cual tiene m\u00e1s potestad\u00bb.<\/p>\n<p dir=\"ltr\" style=\"text-align: justify;\">M\u00e1s a\u00fan, se dijo que a futuro Glaciolog\u00eda y Nieves <a href=\"https:\/\/www.latercera.com\/que-pasa\/noticia\/una-decision-improvisada-cientificos-molestos-por-fin-de-unidad-de-glaciologia-de-la-dga-tras-15-anos-de-funcionamiento\/D6KGW4HU7NDLPA4C4PWZNPMDXM\/\" target=\"_blank\" rel=\"noopener noreferrer\">pasar\u00eda a ser una subdivisi\u00f3n<\/a>.\u00a0 Algo de lo cual no hay rastro alguno en la resoluci\u00f3n ni en la <a href=\"https:\/\/dga.mop.gob.cl\/DGADocumentos\/OrganigramaDGA2023.pdf\" target=\"_blank\" rel=\"noopener noreferrer\">actual p\u00e1gina web<\/a> del servicio.<\/p>\n<p dir=\"ltr\" style=\"text-align: justify;\">Explicaciones m\u00e1s, explicaciones menos, lo cierto es que los fundamentos no convencieron a todos.<\/p>\n<p dir=\"ltr\" style=\"text-align: justify;\">Desde la ciencia, el climat\u00f3logo de la Universidad de Santiago Ra\u00fal Cordero <a href=\"https:\/\/www.latercera.com\/que-pasa\/noticia\/una-decision-improvisada-cientificos-molestos-por-fin-de-unidad-de-glaciologia-de-la-dga-tras-15-anos-de-funcionamiento\/D6KGW4HU7NDLPA4C4PWZNPMDXM\/\" target=\"_blank\" rel=\"noopener noreferrer\">se\u00f1al\u00f3<\/a> que \u00abvolver a la institucionalidad que exist\u00eda antes de la creaci\u00f3n de la Unidad de Glaciolog\u00eda es un claro retroceso\u00bb. Y el 13 de enero un total de 146 organizaciones ambientales <a href=\"https:\/\/www.biobiochile.cl\/especial\/aqui-tierra\/noticias\/2023\/01\/13\/otro-cobro-de-palabra-a-boric-146-organizaciones-piden-revertir-eliminacion-de-unidad-de-glaciologia.shtml\" target=\"_blank\" rel=\"noopener noreferrer\">solicitaron<\/a> al Presidente Gabriel Boric revertir la medida, requiriendo que este \u00e1mbito se mantenga en una entidad especializada y enfocada en estos esenciales sistemas ecol\u00f3gicos e h\u00eddricos.<\/p>\n<p dir=\"ltr\" style=\"text-align: justify;\">Incluso las cr\u00edticas llegaron desde dentro.\u00a0 A mediados de enero un grupo de ex funcionarios de la desaparecida unidad present\u00f3 un <a href=\"https:\/\/drive.google.com\/file\/d\/1UIce3nDyVTgkDagPSGotNmDSTVuSKY4T\/view\" target=\"_blank\" rel=\"noopener noreferrer\">recurso de reposici\u00f3n<\/a> ante el director de la DGA, Rodrigo Sanhueza Bravo, solicitando reconsiderar la medida. \u00a0 En esta acci\u00f3n fueron representados por el ex director de la UGN: Gino Casassa Rogazinski.<\/p>\n<p dir=\"ltr\" style=\"text-align: justify;\">Entre sus argumentos est\u00e1n que la medida habr\u00eda carecido de \u00absustento t\u00e9cnico\u00bb y su convencimiento de que \u00abdisminuir la jerarqu\u00eda y quitar la autonom\u00eda de la UGN. afectar\u00e1 negativamente sus labores operativas, tecnol\u00f3gicas y cient\u00edficas, no estando a la altura de lo que el pa\u00eds necesidad en temas glaciol\u00f3gicos\u00bb.<\/p>\n<p dir=\"ltr\" style=\"text-align: justify;\">Paradojas del destino, aunque Casassa fue el \u00faltimo jefe de la Unidad de Glaciolog\u00eda y Nieves y defendi\u00f3 la desechada institucionalidad, sus palabras no han ido siempre en b\u00fasqueda de la salvaguarda de estas relevantes fuentes de agua: \u00abHay una cita b\u00edblica que dice que Dios al crear el mundo dio el mandato al hombre de se\u00f1orear la tierra. Esto lo entiendo como un designio para el desarrollo sustentable, es decir, explotar la tierra sin destruirla. Si somos un pa\u00eds rico en recursos naturales, no puedo ser absolutista y decir que los glaciares son sagrados e intocables\u00bb <a href=\"http:\/\/www.lasegunda.com\/movil\/detallenoticia.aspx?idnoticia=932765\" target=\"_blank\" rel=\"noopener noreferrer\">dijo<\/a> en 2014.<\/p>\n<p dir=\"ltr\" style=\"text-align: justify;\">Si fuera un hecho aislado, esta decisi\u00f3n no ser\u00eda m\u00e1s que una an\u00e9cdota.\u00a0 Sin embargo, las \u00faltimas medidas del gobierno de Gabriel Boric en la materia apuntan a que los glaciares, a pesar de lo se\u00f1alado previamente por quienes hoy conducen el pa\u00eds desde el Ejecutivo, no ser\u00edan su prioridad.\u00a0 Un supuesto que el pr\u00f3ximo jueves 1 de junio, cuando se dirija al pa\u00eds en su segunda Cuenta P\u00fablica, el Presidente tendr\u00e1 la oportunidad de controvertir o confirmar.<\/p>\n<p dir=\"ltr\" style=\"text-align: justify;\">\u00bf\u00bbEl cobre vale m\u00e1s que el agua\u00bb?<\/p>\n<p dir=\"ltr\" style=\"text-align: justify;\">Seg\u00fan el informe \u00ab<a href=\"https:\/\/www.chilesustentable.net\/publicacion\/glaciares-de-chile-el-lobby-minero-y-el-tortuoso-camino-para-protegerlos\/\" target=\"_blank\" rel=\"noopener noreferrer\">Glaciares de Chile: El lobby minero y el tortuoso camino para protegerlos<\/a>\u00bb (Chile Sustentable, 2020) Los Bronces \u00abdestruy\u00f3 entre 1988 y 2005 casi un 1 kil\u00f3metro cuadrado de glaciares en la cuenca alta del r\u00edo San Francisco, que tambi\u00e9n desemboca en el Mapocho, provocando una p\u00e9rdida de entre 6 y 9 millones de metros c\u00fabicos de reservas de agua\u00bb, <a href=\"https:\/\/www.eldesconcierto.cl\/bienes-comunes\/2020\/10\/14\/mineras-insisten-en-su-libreto-legislacion-que-busca-proteger-los-glaciares-amenaza-a-chile.html\" target=\"_blank\" rel=\"noopener noreferrer\">rese\u00f1\u00e1bamos<\/a> en un art\u00edculo de octubre de 2020.<\/p>\n<p dir=\"ltr\" style=\"text-align: justify;\">La mina Los Bronces es operada actualmente por Anglo American Sur (AAS), sociedad an\u00f3nima controlada mayoritariamente por la transnacional brit\u00e1nica Anglo American.\u00a0 \u00a0 Est\u00e1 <a href=\"https:\/\/seia.sea.gob.cl\/mapa\/visualizacion\/PuntoRepresentativo\/index.php?idExpediente=2143785006\" target=\"_blank\" rel=\"noopener noreferrer\">ubicada<\/a> en la zona cordillerana de Santiago y Valpara\u00edso, aleda\u00f1a al glaciar La Paloma, los parques R\u00edo Olivares,\u00a0 el recientemente conformado Parque Nacional Glaciares de Santiago y el Santuario de la Naturaleza Yerba Loca.\u00a0 Colinda, adem\u00e1s, con las operaciones de Andina de Codelco.<\/p>\n<p dir=\"ltr\" style=\"text-align: justify;\">El distrito minero fue <a href=\"https:\/\/www.mch.cl\/2011\/10\/14\/anglo-american-sur-el-antes-y-el-despues-de-disputada-de-las-condes\/\" target=\"_blank\" rel=\"noopener noreferrer\">descubierto<\/a> en 1867, \u00e9poca en que comenz\u00f3 su explotaci\u00f3n.\u00a0 \u00abEn 1916 fue creada la compa\u00f1\u00eda Disputada de Las Condes, y en 1952 fue traspasada a Minera Metal\u00fargica Pe\u00f1arroya. En 1972 Disputada pas\u00f3 a formar parte de Enami, y en 1978 fue vendida a Exxon, ocasi\u00f3n en que la agencia estatal se reserv\u00f3 una cl\u00e1usula de recompra por hasta un 49%\u00bb <a href=\"https:\/\/www.mch.cl\/reportajes\/negocio-con-historia\/\" target=\"_blank\" rel=\"noopener noreferrer\">consigna<\/a> el portal Miner\u00eda Chilena.<\/p>\n<p dir=\"ltr\" style=\"text-align: justify;\">Cuando Exxon decidi\u00f3 enajenar sus activos, prioriz\u00f3 en la transacci\u00f3n a Anglo American, a lo cual se opuso Codelco por tener primera opci\u00f3n de compra. \u00a0 La controversia se zanj\u00f3 en 2012 cuando <a href=\"https:\/\/www.codelco.com\/codelco-se-reune-con-ejecutivos-de-la-japonesa-mitsui-para-revisar\" target=\"_blank\" rel=\"noopener noreferrer\">la estatal entr\u00f3<\/a>, junto a la japonesa Mitsui, a AAS con una participaci\u00f3n del 29,5 % (en este porcentaje total\u00a0 Codelco mantiene un 20%). \u00a0 La matriz Anglo American <a href=\"https:\/\/www.codelco.com\/memoria2021\/site\/docs\/20220225\/20220225142551\/participacion_de_codelco_filiales_y_coligadas.pdf\" target=\"_blank\" rel=\"noopener noreferrer\">retuvo<\/a> el 50 % mientras que Mitsubishi se qued\u00f3 con el 20,44 %.\u00a0 Un muy menor 0,00008 % es de la cupr\u00edfera brit\u00e1nica Clarent SARL.<\/p>\n<p dir=\"ltr\" style=\"text-align: justify;\">Los Bronces es del tipo rajo abierto y con el fin de ampliar su vida \u00fatil hasta 2036, la compa\u00f1\u00eda <a href=\"https:\/\/seia.sea.gob.cl\/expediente\/expedientesEvaluacion.php?modo=ficha&amp;id_expediente=2143785006\" target=\"_blank\" rel=\"noopener noreferrer\">present\u00f3<\/a> en julio de 2019 al Sistema de Evaluaci\u00f3n de Impacto Ambiental su proyecto Los Bronces Integrado.<\/p>\n<p dir=\"ltr\" style=\"text-align: justify;\">En estos 4 a\u00f1os de tramitaci\u00f3n, fue evaluado por m\u00faltiples servicios. Hasta que hace un a\u00f1o, el 2 de mayo de 2022, el Servicio de Evaluaci\u00f3n Ambiental (por ser una iniciativa interregional la decisi\u00f3n final no la tom\u00f3 una Comisi\u00f3n de Evaluaci\u00f3n Ambiental regional) lo rechaz\u00f3 por <a href=\"https:\/\/www.df.cl\/empresas\/mineria\/golpe-para-anglo-american-direccion-ejecutiva-del-sea-califica\" target=\"_blank\" rel=\"noopener noreferrer\">no poder descartar la empresa<\/a> \u00abla generaci\u00f3n de riesgo para la salud de la poblaci\u00f3n\u00bb, principalmente por no realizar \u00abuna evaluaci\u00f3n del impacto en los t\u00e9rminos de magnitud, extensi\u00f3n y duraci\u00f3n de los aportes de material particulado respirable sobre los receptores humanos durante la construcci\u00f3n y operaci\u00f3n del proyecto\u00bb.<\/p>\n<p dir=\"ltr\" style=\"text-align: justify;\">Ante esta decisi\u00f3n, el titular present\u00f3 un recurso de reclamaci\u00f3n ante el Comit\u00e9 de Ministros de Gabriel Boric.<\/p>\n<p dir=\"ltr\" style=\"text-align: justify;\">El 17 de abril el gobierno revirti\u00f3 la decisi\u00f3n del SEA y lo <a href=\"https:\/\/www.df.cl\/empresas\/mineria\/comite-de-ministros-revierte-decision-del-sea-y-aprueba-los-bronces\" target=\"_blank\" rel=\"noopener noreferrer\">aprob\u00f3<\/a>.\u00a0 Una decisi\u00f3n que fue aplaudida por el empresariado pero ampliamente <a href=\"https:\/\/www.paiscircular.cl\/agua\/los-bronces-integrado\/\" target=\"_blank\" rel=\"noopener noreferrer\">cuestionada<\/a> por los expertos y las organizaciones ambientales del pa\u00eds.<\/p>\n<p dir=\"ltr\" style=\"text-align: justify;\">\u00abEste proyecto tendr\u00e1 un alto impacto socioambiental, porque agravar\u00e1 la afectaci\u00f3n de la cri\u00f3sfera en la cordillera. Y lo digo no s\u00f3lo por el material de depositaci\u00f3n de material particulado producto de la explotaci\u00f3n de la mina, tronaduras y circulaci\u00f3n de veh\u00edculos\u00bb, explic\u00f3 el doctor en Geograf\u00eda Francisco Ferrando, quien es profesor en el Seminario Glaciares Rocosos, Recursos H\u00eddricos y Cambio Clim\u00e1tico de la Universidad de Chile.<\/p>\n<p dir=\"ltr\" style=\"text-align: justify;\">En <a href=\"https:\/\/radio.uchile.cl\/2023\/04\/18\/sara-larrain-por-aprobacion-de-los-bronces-el-gobierno-autodenominado-ecologista-esta-votando-en-contra-de-la-logica-ambiental\/\" target=\"_blank\" rel=\"noopener noreferrer\">opini\u00f3n<\/a> de Sara Larra\u00edn, directora de Chile Sustentable, \u00ablamentablemente el gobierno autodenominado ecologista est\u00e1 votando en contra de la l\u00f3gica ambiental que deber\u00eda llevar adelante el Comit\u00e9 de Ministros. No es un comit\u00e9 para las inversiones, es un comit\u00e9 del medio ambiente y la sustentabilidad, y que se debe preocupar de que el desarrollo nacional vaya acorde con la protecci\u00f3n ambiental, particularmente con la seguridad h\u00eddrica\u00bb.<\/p>\n<p dir=\"ltr\" style=\"text-align: justify;\">Han pasado ya m\u00e1s de dos meses desde aquella decisi\u00f3n y sus efectos persiguen al gobierno, con repercusiones internacionales.<\/p>\n<p dir=\"ltr\" style=\"text-align: justify;\">En su reciente visita al pa\u00eds, David R. Boyd, Relator Especial de las Naciones Unidas sobre Derechos Humanos y el Medio Ambiente de las Naciones Unidas, <a href=\"https:\/\/www.ohchr.org\/sites\/default\/files\/documents\/issues\/environment\/srenvironment\/eom-statement-Chile-12-May-2023-ES.pdf\" target=\"_blank\" rel=\"noopener noreferrer\">expres\u00f3<\/a> que \u00abel recientemente aprobado proyecto minero de Los Bronces podr\u00eda acelerar el derretimiento de los glaciares de la regi\u00f3n que abastece de agua potable a las regiones de Santiago y Valpara\u00edso\u00bb.<\/p>\n<p dir=\"ltr\" style=\"text-align: justify;\">En otro \u00e1mbito, el de la institucionalidad h\u00eddrica, tras la <a href=\"https:\/\/dga.mop.gob.cl\/noticias\/Paginas\/DetalledeNoticias.aspx?item=820#:~:text=El%20C%C3%B3digo%20de%20Aguas%20se,la%20excepci%C3%B3n%20de%2018%20art%C3%ADculos.\" target=\"_blank\" rel=\"noopener noreferrer\">aprobaci\u00f3n<\/a> del C\u00f3digo de Aguas, en enero de 2022, de un art\u00edculo que proh\u00edbe constituir derechos de agua sobre glaciares, las dos iniciativas que persisten en proteger estos ecosistemas fundamentales han tenido escaso avance.<\/p>\n<p dir=\"ltr\" style=\"text-align: justify;\">En marzo de ese a\u00f1o pas\u00f3 a la Comisi\u00f3n de Hacienda del Senado la moci\u00f3n <a href=\"https:\/\/www.camara.cl\/legislacion\/ProyectosDeLey\/tramitacion.aspx?prmID=12397&amp;prmBOLETIN=11876-12\" target=\"_blank\" rel=\"noopener noreferrer\">que busca su salvaguarda integral<\/a> sin que hasta la fecha el Ejecutivo le haya puesto urgencia.\u00a0 Dicha instancia no lo ha analizado, manteni\u00e9ndose <a href=\"https:\/\/www.eldesconcierto.cl\/bienes-comunes\/2022\/03\/21\/comision-de-hacienda-del-senado-definira-avance-o-estancamiento-de-ley-sobre-proteccion-de-glaciares.html\" target=\"_blank\" rel=\"noopener noreferrer\">estancado<\/a> en su primer tr\u00e1mite constitucional.<\/p>\n<p dir=\"ltr\" style=\"text-align: justify;\">Y desde septiembre de 2022 tambi\u00e9n est\u00e1 paralizada la <a href=\"https:\/\/www.camara.cl\/legislacion\/ProyectosDeLey\/tramitacion.aspx?prmID=12114&amp;prmBoletin=11597-12\" target=\"_blank\" rel=\"noopener noreferrer\">propuesta legal<\/a> cuyo objetivo original era prohibir la constituci\u00f3n de derechos de agua en glaciares pero que en su tramitaci\u00f3n fue avanzando hacia una protecci\u00f3n mayor.\u00a0 Ese mes fue aprobada por la C\u00e1mara de Diputados y pas\u00f3 al Senado, donde lo debe zanjar la Comisi\u00f3n de Medio Ambiente.\u00a0 En \u00e9sta no se ha revisado y la \u00fanica sesi\u00f3n donde <a href=\"https:\/\/www.senado.cl\/appsenado\/index.php?mo=comisiones&amp;ac=sesiones_celebradas&amp;idcomision=193&amp;tipo=3&amp;ano=2023&amp;idsesion=18920&amp;listado=2&amp;idsesion=18920\" target=\"_blank\" rel=\"noopener noreferrer\">se trat\u00f3 tangencialmente el tema<\/a> fue la del 9 de mayo, cuando la ministra de Medio Ambiente Maisa Rojas expuso sobre la aprobaci\u00f3n de Los Bronces.<\/p>\n<p dir=\"ltr\" style=\"text-align: justify;\">Ninguno de los proyectos ha tenido urgencias por parte del Ejecutivo en todo este per\u00edodo.<\/p>\n<p dir=\"ltr\" style=\"text-align: justify;\">Tal es el resultado m\u00e1s visible de la gesti\u00f3n de Gabriel Boric durante su gobierno en el \u00e1rea.\u00a0 En contraste con su programa para la segunda vuelta que compromet\u00eda, como uno de sus elementos diferenciadores de Jos\u00e9 Antonio Kast, la \u00ab<a href=\"https:\/\/www.glaciareschilenos.org\/notas\/segunda-vuelta-presidencial-chile-2021-propuestas-ambientales-de-los-candidatos\/\" target=\"_blank\" rel=\"noopener noreferrer\">protecci\u00f3n de glaciares<\/a>\u00ab.<\/p>\n<p dir=\"ltr\" style=\"text-align: justify;\">Una materia que incluso fue bandera de lucha del ex dirigente estudiantil quien en 2019, siendo diputado, fue uno de los fundadores de la -as\u00ed llamada- \u00ab<a href=\"https:\/\/twitter.com\/gabrielboric\/status\/1176891465718517760\" target=\"_blank\" rel=\"noopener noreferrer\">Bancada Glaciar<\/a>\u00ab.<\/p>\n<\/div><\/section><\/div><div  style='height:50px' class='hr hr-invisible   avia-builder-el-6  el_after_av_one_full  el_before_av_social_share '><span class='hr-inner ' ><span class='hr-inner-style'><\/span><\/span><\/div><\/p>\n<div  class='av-social-sharing-box  avia-builder-el-7  el_after_av_hr  el_before_av_hr  '><div class='av-share-box'><h5 class='av-share-link-description av-no-toc '>Compartir esta noticia<\/h5><ul class='av-share-box-list noLightbox'><li class='av-share-link av-social-link-facebook' ><a target=\"_blank\" aria-label=\"Compartir en Facebook\" href='https:\/\/www.facebook.com\/sharer.php?u=https:\/\/radiorevelacionfm.cl\/?p=31554&#038;t=Glaciares%20ad%20portas%20de%20Cuenta%20P%C3%BAblica%20Presidencial%3A%20Entre%20avances%20que%20se%20congelan%20y%20compromisos%20que%20se%20derriten' aria-hidden='false' data-av_icon='\ue8f3' data-av_iconfont='entypo-fontello' title='' data-avia-related-tooltip='Compartir en Facebook' rel=\"noopener\"><span class='avia_hidden_link_text'>Compartir en Facebook<\/span><\/a><\/li><li class='av-share-link av-social-link-twitter' ><a target=\"_blank\" aria-label=\"Compartir en Twitter\" href='https:\/\/twitter.com\/share?text=Glaciares%20ad%20portas%20de%20Cuenta%20P%C3%BAblica%20Presidencial%3A%20Entre%20avances%20que%20se%20congelan%20y%20compromisos%20que%20se%20derriten&#038;url=https:\/\/radiorevelacionfm.cl\/?p=31554' aria-hidden='false' data-av_icon='\ue8f1' data-av_iconfont='entypo-fontello' title='' data-avia-related-tooltip='Compartir en Twitter' rel=\"noopener\"><span class='avia_hidden_link_text'>Compartir en Twitter<\/span><\/a><\/li><li class='av-share-link av-social-link-whatsapp' ><a target=\"_blank\" aria-label=\"Compartir en Whatsapp\" href='https:\/\/api.whatsapp.com\/send?text=https:\/\/radiorevelacionfm.cl\/?p=31554' aria-hidden='false' data-av_icon='\uf232' data-av_iconfont='entypo-fontello' title='' data-avia-related-tooltip='Compartir en Whatsapp' rel=\"noopener\"><span class='avia_hidden_link_text'>Compartir en Whatsapp<\/span><\/a><\/li><li class='av-share-link av-social-link-linkedin' ><a target=\"_blank\" aria-label=\"Compartir en LinkedIn\" href='https:\/\/linkedin.com\/shareArticle?mini=true&#038;title=Glaciares%20ad%20portas%20de%20Cuenta%20P%C3%BAblica%20Presidencial%3A%20Entre%20avances%20que%20se%20congelan%20y%20compromisos%20que%20se%20derriten&#038;url=https:\/\/radiorevelacionfm.cl\/?p=31554' aria-hidden='false' data-av_icon='\ue8fc' data-av_iconfont='entypo-fontello' title='' data-avia-related-tooltip='Compartir en LinkedIn' rel=\"noopener\"><span class='avia_hidden_link_text'>Compartir en LinkedIn<\/span><\/a><\/li><li class='av-share-link av-social-link-mail' ><a  aria-label=\"Compartir por correo\" href='mailto:?subject=Glaciares%20ad%20portas%20de%20Cuenta%20P%C3%BAblica%20Presidencial%3A%20Entre%20avances%20que%20se%20congelan%20y%20compromisos%20que%20se%20derriten&#038;body=https:\/\/radiorevelacionfm.cl\/?p=31554' aria-hidden='false' data-av_icon='\ue805' data-av_iconfont='entypo-fontello' title='' data-avia-related-tooltip='Compartir por correo'><span class='avia_hidden_link_text'>Compartir por correo<\/span><\/a><\/li><\/ul><\/div><\/div>\n<div  style='height:50px' class='hr hr-invisible   avia-builder-el-8  el_after_av_social_share  el_before_av_comments_list '><span class='hr-inner ' ><span class='hr-inner-style'><\/span><\/span><\/div>\n<div  class='av-buildercomment  av-blog-meta-html-info-disabled av-blog-meta-tag-disabled  '><\/div>\n","protected":false},"excerpt":{"rendered":"","protected":false},"author":1,"featured_media":31555,"comment_status":"open","ping_status":"open","sticky":false,"template":"","format":"standard","meta":{"footnotes":""},"categories":[39],"tags":[],"class_list":["post-31554","post","type-post","status-publish","format-standard","has-post-thumbnail","hentry","category-medio-ambiente"],"jetpack_featured_media_url":"https:\/\/radiorevelacionfm.cl\/wp-content\/uploads\/2023\/05\/Gaciares2-1-1.jpg","_links":{"self":[{"href":"https:\/\/radiorevelacionfm.cl\/index.php?rest_route=\/wp\/v2\/posts\/31554","targetHints":{"allow":["GET"]}}],"collection":[{"href":"https:\/\/radiorevelacionfm.cl\/index.php?rest_route=\/wp\/v2\/posts"}],"about":[{"href":"https:\/\/radiorevelacionfm.cl\/index.php?rest_route=\/wp\/v2\/types\/post"}],"author":[{"embeddable":true,"href":"https:\/\/radiorevelacionfm.cl\/index.php?rest_route=\/wp\/v2\/users\/1"}],"replies":[{"embeddable":true,"href":"https:\/\/radiorevelacionfm.cl\/index.php?rest_route=%2Fwp%2Fv2%2Fcomments&post=31554"}],"version-history":[{"count":1,"href":"https:\/\/radiorevelacionfm.cl\/index.php?rest_route=\/wp\/v2\/posts\/31554\/revisions"}],"predecessor-version":[{"id":31556,"href":"https:\/\/radiorevelacionfm.cl\/index.php?rest_route=\/wp\/v2\/posts\/31554\/revisions\/31556"}],"wp:featuredmedia":[{"embeddable":true,"href":"https:\/\/radiorevelacionfm.cl\/index.php?rest_route=\/wp\/v2\/media\/31555"}],"wp:attachment":[{"href":"https:\/\/radiorevelacionfm.cl\/index.php?rest_route=%2Fwp%2Fv2%2Fmedia&parent=31554"}],"wp:term":[{"taxonomy":"category","embeddable":true,"href":"https:\/\/radiorevelacionfm.cl\/index.php?rest_route=%2Fwp%2Fv2%2Fcategories&post=31554"},{"taxonomy":"post_tag","embeddable":true,"href":"https:\/\/radiorevelacionfm.cl\/index.php?rest_route=%2Fwp%2Fv2%2Ftags&post=31554"}],"curies":[{"name":"wp","href":"https:\/\/api.w.org\/{rel}","templated":true}]}}