{"id":31552,"date":"2023-05-31T18:20:24","date_gmt":"2023-05-31T21:20:24","guid":{"rendered":"https:\/\/radiorevelacionfm.cl\/?p=31552"},"modified":"2023-06-06T22:38:46","modified_gmt":"2023-06-07T01:38:46","slug":"proyecto-de-alza-historica-del-sueldo-minimo-es-ley","status":"publish","type":"post","link":"https:\/\/radiorevelacionfm.cl\/?p=31552","title":{"rendered":"\u00a1Proyecto de alza hist\u00f3rica del sueldo m\u00ednimo es Ley!"},"content":{"rendered":"<div class=\"flex_column av_one_full  flex_column_div av-zero-column-padding first  avia-builder-el-0  el_before_av_one_full  avia-builder-el-first  \" style='border-radius:0px; '><div  class='avia-image-container  av-styling-    avia-builder-el-1  avia-builder-el-no-sibling  avia-align-center '  itemprop=\"image\" itemscope=\"itemscope\" itemtype=\"https:\/\/schema.org\/ImageObject\"  ><div class='avia-image-container-inner'><div class='avia-image-overlay-wrap'><img decoding=\"async\" class='wp-image-30215 avia-img-lazy-loading-not-30215 avia_image' src=\"https:\/\/radiorevelacionfm.cl\/wp-content\/uploads\/2023\/04\/Seremi-aumento-sueldo-minimo-1-1.jpeg\" alt='' title='Seremi aumento sueldo m\u00ednimo (1) (1)' height=\"600\" width=\"800\"  itemprop=\"thumbnailUrl\" srcset=\"https:\/\/radiorevelacionfm.cl\/wp-content\/uploads\/2023\/04\/Seremi-aumento-sueldo-minimo-1-1.jpeg 800w, https:\/\/radiorevelacionfm.cl\/wp-content\/uploads\/2023\/04\/Seremi-aumento-sueldo-minimo-1-1-300x225.jpeg 300w, https:\/\/radiorevelacionfm.cl\/wp-content\/uploads\/2023\/04\/Seremi-aumento-sueldo-minimo-1-1-768x576.jpeg 768w, https:\/\/radiorevelacionfm.cl\/wp-content\/uploads\/2023\/04\/Seremi-aumento-sueldo-minimo-1-1-705x529.jpeg 705w, https:\/\/radiorevelacionfm.cl\/wp-content\/uploads\/2023\/04\/Seremi-aumento-sueldo-minimo-1-1-450x338.jpeg 450w, https:\/\/radiorevelacionfm.cl\/wp-content\/uploads\/2023\/04\/Seremi-aumento-sueldo-minimo-1-1-600x450.jpeg 600w\" sizes=\"(max-width: 800px) 100vw, 800px\" \/><\/div><\/div><\/div><\/div><div class=\"flex_column av_one_full  flex_column_div av-zero-column-padding first  avia-builder-el-2  el_after_av_one_full  el_before_av_one_full  column-top-margin\" style='border-radius:0px; '><section class=\"av_textblock_section \"  itemscope=\"itemscope\" itemtype=\"https:\/\/schema.org\/BlogPosting\" itemprop=\"blogPost\" ><div class='avia_textblock  '   itemprop=\"text\" ><p style=\"text-align: center;\"><strong><span style=\"font-size: 18pt;\">\u00a1Proyecto de alza hist\u00f3rica del sueldo m\u00ednimo es Ley!<\/span><\/strong><\/p>\n<div id=\"gtx-trans\" style=\"position: absolute; left: -50px; top: 4.31534px;\">\n<div class=\"gtx-trans-icon\"><\/div>\n<\/div>\n<\/div><\/section><\/div><div class=\"flex_column av_one_full  flex_column_div av-zero-column-padding first  avia-builder-el-4  el_after_av_one_full  el_before_av_hr  column-top-margin\" style='border-radius:0px; '><section class=\"av_textblock_section \"  itemscope=\"itemscope\" itemtype=\"https:\/\/schema.org\/BlogPosting\" itemprop=\"blogPost\" ><div class='avia_textblock  '   itemprop=\"text\" ><p class=\"v1MsoNormal\" style=\"text-align: justify;\">La Vocera Regional de Gobierno valor\u00f3 la promulgaci\u00f3n de ley que aumenta el salario m\u00ednimo de manera gradual a los 500 mil pesos en 2024, que durante la tarde de este lunes fue aprobada por la c\u00e1mara de diputados y diputadas y publicada en el diario oficial este mi\u00e9rcoles 31.<\/p>\n<p class=\"v1MsoNormal\" style=\"text-align: justify;\">Para Tatiana Pl\u00e1 \u00c1lvarez, \u00abEl proyecto de ley logr\u00f3 recoger los distintos aportes que nacieron desde nuestros parlamentarios. Como gobierno del Presidente Gabriel Boric, estamos orgullosos de sacar adelante esta nueva ley que va en directo beneficio de miles de chilenos y chilenas, siendo responsables tambi\u00e9n con las MiPymes\u00bb.<\/p>\n<p class=\"v1MsoNormal\" style=\"text-align: justify;\"><b>Un alza hist\u00f3rica<\/b><\/p>\n<p class=\"v1MsoNormal\" style=\"text-align: justify;\">Durante la tarde de este lunes la c\u00e1mara baja aprob\u00f3 la propuesta del Gobierno que reajusta el sueldo m\u00ednimo a 500 mil pesos a partir de Julio de 2024, elev\u00e1ndolo gradualmente. En este contexto, el 1 de mayo de este a\u00f1o se produjo la primera subida del salario a $440 mil y se espera que el 1 de septiembre ascienda a $460 mil para que en invierno del pr\u00f3ximo a\u00f1o llegue hasta su monto total.<\/p>\n<p class=\"v1MsoNormal\" style=\"text-align: justify;\">La propuesta alcanz\u00f3 85 votos a favor con 55 votos en contra y dos abstenciones. La iniciativa adem\u00e1s contempla que en el caso de que el \u00cdndice de Precios al Consumidor acumule una variaci\u00f3n del 6% en un per\u00edodo de 12 meses hasta diciembre de 2023, el Ingreso M\u00ednimo Mensual (IMM) se elevar\u00e1 a 470 mil a partir del 1 de enero del 2024.<\/p>\n<p class=\"v1MsoNormal\" style=\"text-align: justify;\">De igual modo, la nueva ley tambi\u00e9n reajustar\u00e1 la Asignaci\u00f3n Familiar y Maternal, y el Subsidio Familiar, y genera apoyos temporales a las micros, peque\u00f1as y medianas empresas para que pueda cumplir con este aumento del sueldo para sus trabajadores y trabajadoras.<\/p>\n<p class=\"v1MsoNormal\" style=\"text-align: justify;\">\u00abEste proyecto ampli\u00f3 beneficios y cumpli\u00f3 los compromisos que hab\u00edamos adquiridos. Somos responsables con los chilenos y chilenas, con los empleados y empleadores. Esta nueva ley busca dar dignidad a nuestros trabajadores y seguiremos\u00a0 trabajando por un futuro mejor.\u00bb Finaliz\u00f3 la Pl\u00e1 \u00c1lvarez.<\/p>\n<\/div><\/section><\/div><div  style='height:50px' class='hr hr-invisible   avia-builder-el-6  el_after_av_one_full  el_before_av_social_share '><span class='hr-inner ' ><span class='hr-inner-style'><\/span><\/span><\/div><\/p>\n<div  class='av-social-sharing-box  avia-builder-el-7  el_after_av_hr  el_before_av_hr  '><div class='av-share-box'><h5 class='av-share-link-description av-no-toc '>Compartir esta noticia<\/h5><ul class='av-share-box-list noLightbox'><li class='av-share-link av-social-link-facebook' ><a target=\"_blank\" aria-label=\"Compartir en Facebook\" href='https:\/\/www.facebook.com\/sharer.php?u=https:\/\/radiorevelacionfm.cl\/?p=31552&#038;t=%C2%A1Proyecto%20de%20alza%20hist%C3%B3rica%20del%20sueldo%20m%C3%ADnimo%20es%20Ley%21' aria-hidden='false' data-av_icon='\ue8f3' data-av_iconfont='entypo-fontello' title='' data-avia-related-tooltip='Compartir en Facebook' rel=\"noopener\"><span class='avia_hidden_link_text'>Compartir en Facebook<\/span><\/a><\/li><li class='av-share-link av-social-link-twitter' ><a target=\"_blank\" aria-label=\"Compartir en Twitter\" href='https:\/\/twitter.com\/share?text=%C2%A1Proyecto%20de%20alza%20hist%C3%B3rica%20del%20sueldo%20m%C3%ADnimo%20es%20Ley%21&#038;url=https:\/\/radiorevelacionfm.cl\/?p=31552' aria-hidden='false' data-av_icon='\ue8f1' data-av_iconfont='entypo-fontello' title='' data-avia-related-tooltip='Compartir en Twitter' rel=\"noopener\"><span class='avia_hidden_link_text'>Compartir en Twitter<\/span><\/a><\/li><li class='av-share-link av-social-link-whatsapp' ><a target=\"_blank\" aria-label=\"Compartir en Whatsapp\" href='https:\/\/api.whatsapp.com\/send?text=https:\/\/radiorevelacionfm.cl\/?p=31552' aria-hidden='false' data-av_icon='\uf232' data-av_iconfont='entypo-fontello' title='' data-avia-related-tooltip='Compartir en Whatsapp' rel=\"noopener\"><span class='avia_hidden_link_text'>Compartir en Whatsapp<\/span><\/a><\/li><li class='av-share-link av-social-link-linkedin' ><a target=\"_blank\" aria-label=\"Compartir en LinkedIn\" href='https:\/\/linkedin.com\/shareArticle?mini=true&#038;title=%C2%A1Proyecto%20de%20alza%20hist%C3%B3rica%20del%20sueldo%20m%C3%ADnimo%20es%20Ley%21&#038;url=https:\/\/radiorevelacionfm.cl\/?p=31552' aria-hidden='false' data-av_icon='\ue8fc' data-av_iconfont='entypo-fontello' title='' data-avia-related-tooltip='Compartir en LinkedIn' rel=\"noopener\"><span class='avia_hidden_link_text'>Compartir en LinkedIn<\/span><\/a><\/li><li class='av-share-link av-social-link-mail' ><a  aria-label=\"Compartir por correo\" href='mailto:?subject=%C2%A1Proyecto%20de%20alza%20hist%C3%B3rica%20del%20sueldo%20m%C3%ADnimo%20es%20Ley%21&#038;body=https:\/\/radiorevelacionfm.cl\/?p=31552' aria-hidden='false' data-av_icon='\ue805' data-av_iconfont='entypo-fontello' title='' data-avia-related-tooltip='Compartir por correo'><span class='avia_hidden_link_text'>Compartir por correo<\/span><\/a><\/li><\/ul><\/div><\/div>\n<div  style='height:50px' class='hr hr-invisible   avia-builder-el-8  el_after_av_social_share  el_before_av_comments_list '><span class='hr-inner ' ><span class='hr-inner-style'><\/span><\/span><\/div>\n<div  class='av-buildercomment  av-blog-meta-html-info-disabled av-blog-meta-tag-disabled  '><\/div>\n","protected":false},"excerpt":{"rendered":"","protected":false},"author":1,"featured_media":30215,"comment_status":"open","ping_status":"open","sticky":false,"template":"","format":"standard","meta":{"footnotes":""},"categories":[56],"tags":[],"class_list":["post-31552","post","type-post","status-publish","format-standard","has-post-thumbnail","hentry","category-trabajo"],"jetpack_featured_media_url":"https:\/\/radiorevelacionfm.cl\/wp-content\/uploads\/2023\/04\/Seremi-aumento-sueldo-minimo-1-1.jpeg","_links":{"self":[{"href":"https:\/\/radiorevelacionfm.cl\/index.php?rest_route=\/wp\/v2\/posts\/31552","targetHints":{"allow":["GET"]}}],"collection":[{"href":"https:\/\/radiorevelacionfm.cl\/index.php?rest_route=\/wp\/v2\/posts"}],"about":[{"href":"https:\/\/radiorevelacionfm.cl\/index.php?rest_route=\/wp\/v2\/types\/post"}],"author":[{"embeddable":true,"href":"https:\/\/radiorevelacionfm.cl\/index.php?rest_route=\/wp\/v2\/users\/1"}],"replies":[{"embeddable":true,"href":"https:\/\/radiorevelacionfm.cl\/index.php?rest_route=%2Fwp%2Fv2%2Fcomments&post=31552"}],"version-history":[{"count":1,"href":"https:\/\/radiorevelacionfm.cl\/index.php?rest_route=\/wp\/v2\/posts\/31552\/revisions"}],"predecessor-version":[{"id":31553,"href":"https:\/\/radiorevelacionfm.cl\/index.php?rest_route=\/wp\/v2\/posts\/31552\/revisions\/31553"}],"wp:featuredmedia":[{"embeddable":true,"href":"https:\/\/radiorevelacionfm.cl\/index.php?rest_route=\/wp\/v2\/media\/30215"}],"wp:attachment":[{"href":"https:\/\/radiorevelacionfm.cl\/index.php?rest_route=%2Fwp%2Fv2%2Fmedia&parent=31552"}],"wp:term":[{"taxonomy":"category","embeddable":true,"href":"https:\/\/radiorevelacionfm.cl\/index.php?rest_route=%2Fwp%2Fv2%2Fcategories&post=31552"},{"taxonomy":"post_tag","embeddable":true,"href":"https:\/\/radiorevelacionfm.cl\/index.php?rest_route=%2Fwp%2Fv2%2Ftags&post=31552"}],"curies":[{"name":"wp","href":"https:\/\/api.w.org\/{rel}","templated":true}]}}