{"id":31549,"date":"2023-06-01T11:00:21","date_gmt":"2023-06-01T14:00:21","guid":{"rendered":"https:\/\/radiorevelacionfm.cl\/?p=31549"},"modified":"2023-06-01T11:00:21","modified_gmt":"2023-06-01T14:00:21","slug":"especialista-entrega-recomendaciones-por-enfermedades-respiratorias-asociadas-a-epoca-invernal","status":"publish","type":"post","link":"https:\/\/radiorevelacionfm.cl\/?p=31549","title":{"rendered":"Especialista entrega recomendaciones por enfermedades respiratorias asociadas a \u00e9poca invernal"},"content":{"rendered":"<div class=\"flex_column av_one_full  flex_column_div av-zero-column-padding first  avia-builder-el-0  el_before_av_one_full  avia-builder-el-first  \" style='border-radius:0px; '><div  class='avia-image-container  av-styling-    avia-builder-el-1  avia-builder-el-no-sibling  avia-align-center '  itemprop=\"image\" itemscope=\"itemscope\" itemtype=\"https:\/\/schema.org\/ImageObject\"  ><div class='avia-image-container-inner'><div class='avia-image-overlay-wrap'><img decoding=\"async\" class='wp-image-31550 avia-img-lazy-loading-not-31550 avia_image' src=\"https:\/\/radiorevelacionfm.cl\/wp-content\/uploads\/2023\/05\/VERDUGO-1-1.jpg\" alt='' title='VERDUGO 1 (1)' height=\"765\" width=\"960\"  itemprop=\"thumbnailUrl\" srcset=\"https:\/\/radiorevelacionfm.cl\/wp-content\/uploads\/2023\/05\/VERDUGO-1-1.jpg 960w, https:\/\/radiorevelacionfm.cl\/wp-content\/uploads\/2023\/05\/VERDUGO-1-1-300x239.jpg 300w, https:\/\/radiorevelacionfm.cl\/wp-content\/uploads\/2023\/05\/VERDUGO-1-1-768x612.jpg 768w, https:\/\/radiorevelacionfm.cl\/wp-content\/uploads\/2023\/05\/VERDUGO-1-1-705x562.jpg 705w, https:\/\/radiorevelacionfm.cl\/wp-content\/uploads\/2023\/05\/VERDUGO-1-1-450x359.jpg 450w, https:\/\/radiorevelacionfm.cl\/wp-content\/uploads\/2023\/05\/VERDUGO-1-1-600x478.jpg 600w\" sizes=\"(max-width: 960px) 100vw, 960px\" \/><\/div><\/div><\/div><\/div>\n<div class=\"flex_column av_one_full  flex_column_div av-zero-column-padding first  avia-builder-el-2  el_after_av_one_full  el_before_av_one_full  column-top-margin\" style='border-radius:0px; '><section class=\"av_textblock_section \"  itemscope=\"itemscope\" itemtype=\"https:\/\/schema.org\/BlogPosting\" itemprop=\"blogPost\" ><div class='avia_textblock  '   itemprop=\"text\" ><p style=\"text-align: center;\"><strong><span style=\"font-size: 18pt;\">Especialista entrega recomendaciones por enfermedades respiratorias asociadas a \u00e9poca invernal<\/span><\/strong><\/p>\n<div id=\"gtx-trans\" style=\"position: absolute; left: -50px; top: 4.31534px;\">\n<div class=\"gtx-trans-icon\"><\/div>\n<\/div>\n<\/div><\/section><\/div><div class=\"flex_column av_one_full  flex_column_div av-zero-column-padding first  avia-builder-el-4  el_after_av_one_full  el_before_av_hr  column-top-margin\" style='border-radius:0px; '><section class=\"av_textblock_section \"  itemscope=\"itemscope\" itemtype=\"https:\/\/schema.org\/BlogPosting\" itemprop=\"blogPost\" ><div class='avia_textblock  '   itemprop=\"text\" ><p style=\"font-weight: 400; text-align: justify;\">El Subdirector de Gesti\u00f3n Asistencial del Servicio de Salud Ays\u00e9n (SSA), doctor Rodrigo Verdugo, dio a conocer cinco consejos pr\u00e1cticos para enfrentar de mejor manera el invierno y las enfermedades respiratorias asociadas a esta \u00e9poca del a\u00f1o, entre ellas se encuentra el lavado frecuente de manos, que \u201ces la principal medida para protegernos nosotros mismos, a nuestros amigos y familiares y sobre todo a nuestros hijos\u201d, se\u00f1al\u00f3 Verdugo.<\/p>\n<p style=\"font-weight: 400; text-align: justify;\">Cabe recordar que la semana pasada se registraron 486 consultas de urgencias respiratorias en ni\u00f1os y ni\u00f1as y 268 en adultos, para un total de 87 hospitalizados respiratorios en el Hospital Regional Coyhaique.<\/p>\n<p style=\"font-weight: 400; text-align: justify;\">En segundo lugar, el doctor Verdugo advirti\u00f3 que se requiere una alimentaci\u00f3n balanceada, ventilar los hogares y abrigarse de buena manera. \u201cComo tercer elemento, vacunarse, las vacunas nos protegen, sobre todo la de Influenza y tambi\u00e9n para el virus COVID 19 que a\u00fan sigue circulando en nuestra comunidad\u201d.<\/p>\n<p style=\"font-weight: 400; text-align: justify;\">Otra de las recomendaciones del especialista para enfrentar el invierno es \u201cestar atentos a los s\u00edntomas de enfermedad o sintomatolog\u00eda que pueden tener hijos e hijas, por ejemplo, fiebre, tos que la podemos manejar en casa, sin embargo, cuando tenemos ruidos respiratorios en ni\u00f1os peque\u00f1os que respiran con mucho ruido con pititos o el pecho se les infla muy r\u00e1pido, respira demasiado r\u00e1pido debemos de acudir al lugar de atenci\u00f3n m\u00e1s temprano\u201d, puntualiz\u00f3 el Subdirector de Gesti\u00f3n Asistencial.<\/p>\n<p style=\"font-weight: 400; text-align: justify;\">Y como quinta sugerencia, Rodrigo Verdugo, quien ejerce tambi\u00e9n como Cirujano Pedi\u00e1trico en el principal centro asistencial de la regi\u00f3n, recomend\u00f3 acudir a los establecimientos m\u00e1s cercanos a su hogar, como posta de salud rural, consultorio, CESFAM y para los casos de gravedad, los hospitales, pero evitar atestar estos lugares.<\/p>\n<p style=\"font-weight: 400; text-align: justify;\">La informaci\u00f3n epidemiol\u00f3gica advierte adem\u00e1s que los principales virus circulantes en la regi\u00f3n de Ays\u00e9n son Sincicial, Influenza y Rinovirus.<\/p>\n<p style=\"font-weight: 400; text-align: justify;\">Los datos de vacunaci\u00f3n bordean el 65% para Influenza, y 30% para COVID-19. Si requiere m\u00e1s informaci\u00f3n puede consultar la p\u00e1gina\u00a0<a href=\"http:\/\/www.minsal.cl\/\" data-saferedirecturl=\"https:\/\/www.google.com\/url?q=http:\/\/www.minsal.cl&amp;source=gmail&amp;ust=1685652474324000&amp;usg=AOvVaw2C-XoJ2uTgeuzOnAHVVlFi\">www.minsal.cl<\/a>\u00a0o\u00a0<a href=\"http:\/\/www.saludaysen.cl\/\" data-saferedirecturl=\"https:\/\/www.google.com\/url?q=http:\/\/www.saludaysen.cl&amp;source=gmail&amp;ust=1685652474324000&amp;usg=AOvVaw1pbAqkxbTlyh3V4NPyDRu0\">www.saludaysen.cl<\/a><\/p>\n<\/div><\/section><\/div><\/p>\n<div  style='height:50px' class='hr hr-invisible   avia-builder-el-6  el_after_av_one_full  el_before_av_social_share '><span class='hr-inner ' ><span class='hr-inner-style'><\/span><\/span><\/div>\n<div  class='av-social-sharing-box  avia-builder-el-7  el_after_av_hr  el_before_av_hr  '><div class='av-share-box'><h5 class='av-share-link-description av-no-toc '>Compartir esta noticia<\/h5><ul class='av-share-box-list noLightbox'><li class='av-share-link av-social-link-facebook' ><a target=\"_blank\" aria-label=\"Compartir en Facebook\" href='https:\/\/www.facebook.com\/sharer.php?u=https:\/\/radiorevelacionfm.cl\/?p=31549&#038;t=Especialista%20entrega%20recomendaciones%20por%20enfermedades%20respiratorias%20asociadas%20a%20%C3%A9poca%20invernal' aria-hidden='false' data-av_icon='\ue8f3' data-av_iconfont='entypo-fontello' title='' data-avia-related-tooltip='Compartir en Facebook' rel=\"noopener\"><span class='avia_hidden_link_text'>Compartir en Facebook<\/span><\/a><\/li><li class='av-share-link av-social-link-twitter' ><a target=\"_blank\" aria-label=\"Compartir en Twitter\" href='https:\/\/twitter.com\/share?text=Especialista%20entrega%20recomendaciones%20por%20enfermedades%20respiratorias%20asociadas%20a%20%C3%A9poca%20invernal&#038;url=https:\/\/radiorevelacionfm.cl\/?p=31549' aria-hidden='false' data-av_icon='\ue8f1' data-av_iconfont='entypo-fontello' title='' data-avia-related-tooltip='Compartir en Twitter' rel=\"noopener\"><span class='avia_hidden_link_text'>Compartir en Twitter<\/span><\/a><\/li><li class='av-share-link av-social-link-whatsapp' ><a target=\"_blank\" aria-label=\"Compartir en Whatsapp\" href='https:\/\/api.whatsapp.com\/send?text=https:\/\/radiorevelacionfm.cl\/?p=31549' aria-hidden='false' data-av_icon='\uf232' data-av_iconfont='entypo-fontello' title='' data-avia-related-tooltip='Compartir en Whatsapp' rel=\"noopener\"><span class='avia_hidden_link_text'>Compartir en Whatsapp<\/span><\/a><\/li><li class='av-share-link av-social-link-linkedin' ><a target=\"_blank\" aria-label=\"Compartir en LinkedIn\" href='https:\/\/linkedin.com\/shareArticle?mini=true&#038;title=Especialista%20entrega%20recomendaciones%20por%20enfermedades%20respiratorias%20asociadas%20a%20%C3%A9poca%20invernal&#038;url=https:\/\/radiorevelacionfm.cl\/?p=31549' aria-hidden='false' data-av_icon='\ue8fc' data-av_iconfont='entypo-fontello' title='' data-avia-related-tooltip='Compartir en LinkedIn' rel=\"noopener\"><span class='avia_hidden_link_text'>Compartir en LinkedIn<\/span><\/a><\/li><li class='av-share-link av-social-link-mail' ><a  aria-label=\"Compartir por correo\" href='mailto:?subject=Especialista%20entrega%20recomendaciones%20por%20enfermedades%20respiratorias%20asociadas%20a%20%C3%A9poca%20invernal&#038;body=https:\/\/radiorevelacionfm.cl\/?p=31549' aria-hidden='false' data-av_icon='\ue805' data-av_iconfont='entypo-fontello' title='' data-avia-related-tooltip='Compartir por correo'><span class='avia_hidden_link_text'>Compartir por correo<\/span><\/a><\/li><\/ul><\/div><\/div>\n<div  style='height:50px' class='hr hr-invisible   avia-builder-el-8  el_after_av_social_share  el_before_av_comments_list '><span class='hr-inner ' ><span class='hr-inner-style'><\/span><\/span><\/div>\n<div  class='av-buildercomment  av-blog-meta-html-info-disabled av-blog-meta-tag-disabled  '><\/div>\n","protected":false},"excerpt":{"rendered":"","protected":false},"author":1,"featured_media":31550,"comment_status":"open","ping_status":"open","sticky":false,"template":"","format":"standard","meta":{"footnotes":""},"categories":[46],"tags":[],"class_list":["post-31549","post","type-post","status-publish","format-standard","has-post-thumbnail","hentry","category-salud"],"jetpack_featured_media_url":"https:\/\/radiorevelacionfm.cl\/wp-content\/uploads\/2023\/05\/VERDUGO-1-1.jpg","_links":{"self":[{"href":"https:\/\/radiorevelacionfm.cl\/index.php?rest_route=\/wp\/v2\/posts\/31549","targetHints":{"allow":["GET"]}}],"collection":[{"href":"https:\/\/radiorevelacionfm.cl\/index.php?rest_route=\/wp\/v2\/posts"}],"about":[{"href":"https:\/\/radiorevelacionfm.cl\/index.php?rest_route=\/wp\/v2\/types\/post"}],"author":[{"embeddable":true,"href":"https:\/\/radiorevelacionfm.cl\/index.php?rest_route=\/wp\/v2\/users\/1"}],"replies":[{"embeddable":true,"href":"https:\/\/radiorevelacionfm.cl\/index.php?rest_route=%2Fwp%2Fv2%2Fcomments&post=31549"}],"version-history":[{"count":2,"href":"https:\/\/radiorevelacionfm.cl\/index.php?rest_route=\/wp\/v2\/posts\/31549\/revisions"}],"predecessor-version":[{"id":31567,"href":"https:\/\/radiorevelacionfm.cl\/index.php?rest_route=\/wp\/v2\/posts\/31549\/revisions\/31567"}],"wp:featuredmedia":[{"embeddable":true,"href":"https:\/\/radiorevelacionfm.cl\/index.php?rest_route=\/wp\/v2\/media\/31550"}],"wp:attachment":[{"href":"https:\/\/radiorevelacionfm.cl\/index.php?rest_route=%2Fwp%2Fv2%2Fmedia&parent=31549"}],"wp:term":[{"taxonomy":"category","embeddable":true,"href":"https:\/\/radiorevelacionfm.cl\/index.php?rest_route=%2Fwp%2Fv2%2Fcategories&post=31549"},{"taxonomy":"post_tag","embeddable":true,"href":"https:\/\/radiorevelacionfm.cl\/index.php?rest_route=%2Fwp%2Fv2%2Ftags&post=31549"}],"curies":[{"name":"wp","href":"https:\/\/api.w.org\/{rel}","templated":true}]}}