{"id":31546,"date":"2023-05-31T18:52:13","date_gmt":"2023-05-31T21:52:13","guid":{"rendered":"https:\/\/radiorevelacionfm.cl\/?p=31546"},"modified":"2023-05-31T18:52:13","modified_gmt":"2023-05-31T21:52:13","slug":"calisto-oficia-a-contraloria-por-mala-gestion-problemas-de-infraestructura-y-falta-de-recursos-para-beneficios-en-universidad-de-aysen","status":"publish","type":"post","link":"https:\/\/radiorevelacionfm.cl\/?p=31546","title":{"rendered":"Calisto oficia a Contralor\u00eda por mala gesti\u00f3n, problemas de infraestructura y falta de recursos para beneficios en Universidad de Ays\u00e9n"},"content":{"rendered":"<div class=\"flex_column av_one_full  flex_column_div av-zero-column-padding first  avia-builder-el-0  el_before_av_one_full  avia-builder-el-first  \" style='border-radius:0px; '><div  class='avia-image-container  av-styling-    avia-builder-el-1  avia-builder-el-no-sibling  avia-align-center '  itemprop=\"image\" itemscope=\"itemscope\" itemtype=\"https:\/\/schema.org\/ImageObject\"  ><div class='avia-image-container-inner'><div class='avia-image-overlay-wrap'><img decoding=\"async\" class='wp-image-31547 avia-img-lazy-loading-not-31547 avia_image' src=\"https:\/\/radiorevelacionfm.cl\/wp-content\/uploads\/2023\/05\/CALSITO-REUNION-ESTUDIANTES-U-DE-AYSEN-2-1-1.jpg\" alt='' title='CALSITO REUNI\u00d3N ESTUDIANTES U DE AYSEN 2 (1) (1)' height=\"600\" width=\"822\"  itemprop=\"thumbnailUrl\" srcset=\"https:\/\/radiorevelacionfm.cl\/wp-content\/uploads\/2023\/05\/CALSITO-REUNION-ESTUDIANTES-U-DE-AYSEN-2-1-1.jpg 822w, https:\/\/radiorevelacionfm.cl\/wp-content\/uploads\/2023\/05\/CALSITO-REUNION-ESTUDIANTES-U-DE-AYSEN-2-1-1-300x219.jpg 300w, https:\/\/radiorevelacionfm.cl\/wp-content\/uploads\/2023\/05\/CALSITO-REUNION-ESTUDIANTES-U-DE-AYSEN-2-1-1-768x561.jpg 768w, https:\/\/radiorevelacionfm.cl\/wp-content\/uploads\/2023\/05\/CALSITO-REUNION-ESTUDIANTES-U-DE-AYSEN-2-1-1-705x515.jpg 705w, https:\/\/radiorevelacionfm.cl\/wp-content\/uploads\/2023\/05\/CALSITO-REUNION-ESTUDIANTES-U-DE-AYSEN-2-1-1-450x328.jpg 450w, https:\/\/radiorevelacionfm.cl\/wp-content\/uploads\/2023\/05\/CALSITO-REUNION-ESTUDIANTES-U-DE-AYSEN-2-1-1-600x438.jpg 600w\" sizes=\"(max-width: 822px) 100vw, 822px\" \/><\/div><\/div><\/div><\/div><div class=\"flex_column av_one_full  flex_column_div av-zero-column-padding first  avia-builder-el-2  el_after_av_one_full  el_before_av_one_full  column-top-margin\" style='border-radius:0px; '><section class=\"av_textblock_section \"  itemscope=\"itemscope\" itemtype=\"https:\/\/schema.org\/BlogPosting\" itemprop=\"blogPost\" ><div class='avia_textblock  '   itemprop=\"text\" ><p style=\"text-align: center;\"><strong><span style=\"font-size: 18pt;\">Calisto oficia a Contralor\u00eda por mala gesti\u00f3n, problemas de infraestructura y falta de recursos para beneficios en Universidad de Ays\u00e9n<\/span><\/strong><\/p>\n<div id=\"gtx-trans\" style=\"position: absolute; left: -50px; top: 4.31534px;\">\n<div class=\"gtx-trans-icon\"><\/div>\n<\/div>\n<\/div><\/section><\/div><div class=\"flex_column av_one_full  flex_column_div av-zero-column-padding first  avia-builder-el-4  el_after_av_one_full  el_before_av_hr  column-top-margin\" style='border-radius:0px; '><section class=\"av_textblock_section \"  itemscope=\"itemscope\" itemtype=\"https:\/\/schema.org\/BlogPosting\" itemprop=\"blogPost\" ><div class='avia_textblock  '   itemprop=\"text\" ><p style=\"font-weight: 400; text-align: justify;\">El diputado Miguel \u00c1ngel Calisto se reuni\u00f3 hace algunos d\u00edas con los estudiantes que mantienen tomadas las dependencias de la Universidad de Ays\u00e9n. En la instancia, le plantearon los serios problemas de infraestructura, mala gesti\u00f3n y recursos, por lo que decidi\u00f3 enviar un oficio de fiscalizaci\u00f3n a Contralor\u00eda para que se pronuncie por posibles irregularidades.<\/p>\n<p style=\"font-weight: 400; text-align: justify;\">Seg\u00fan el legislador, \u201chay muchos reclamos por parte de los estudiantes, como las deficiencias en infraestructura y la poca disposici\u00f3n de recursos para beneficios estudiantiles. En la reuni\u00f3n que sostuvimos, nos aseguraron que fueron comprometidos becas en alg\u00fan momento y no se est\u00e1n cumpliendo. Los estudiantes tambi\u00e9n han manifestado cuestionamientos por la atenci\u00f3n docente y la comunicaci\u00f3n directa de la instituci\u00f3n con el alumnado y los dirigentes\u201d.<\/p>\n<p style=\"font-weight: 400; text-align: justify;\">\u201cNadie entiende que toda la cantidad de plata que ha tenido la universidad para su instalaci\u00f3n, no se vea reflejado en las condiciones para los estudiantes, para que est\u00e9n c\u00f3modos estudiando y tengan los beneficios que se les comprometieron\u201d.<\/p>\n<p style=\"font-weight: 400; text-align: justify;\">Con respecto al oficio de fiscalizaci\u00f3n, el legislador afirm\u00f3 que \u201cesperamos que la Contralor\u00eda se pronuncie por el funcionamiento de la Universidad de Ays\u00e9n, y sobre todo para que se les den explicaciones a los estudiantes respecto de estas condiciones\u201d.<\/p>\n<p style=\"font-weight: 400; text-align: justify;\">\u201cA los estudiantes les cambiaron las reglas del juego. En un minuto les hablaron de un monto para la beca, y luego se lo cambiaron. Esperamos que la Contralor\u00eda pueda fiscalizar y sancionar si es necesario. Es fundamental corregir la forma en c\u00f3mo se est\u00e1 administrando la universidad. Hay un criterio extremadamente centralista y eso afecta en su funcionamiento\u201d, indic\u00f3.<\/p>\n<p style=\"font-weight: 400; text-align: justify;\"><strong>Cr\u00edticas a la gesti\u00f3n de la Rectora<\/strong><\/p>\n<p style=\"font-weight: 400; text-align: justify;\">Finalmente, el diputado Calisto se refiri\u00f3 al trabajo de la rectora de la Universidad, Natacha Pino, asegurando que \u201cno ha hecho una muy buena gesti\u00f3n, lo hemos visto por el uso de recursos que se le ha destinado a la instituci\u00f3n por parte del Estado para infraestructura. La universidad perdi\u00f3 cinco mil millones de pesos, porque no los usaron. Evidentemente, ac\u00e1 hay una situaci\u00f3n que no debe mantenerse.\u00a0 Nosotros esperamos que la Universidad entienda que debe hacer un buen uso de los recursos, que lleguen a todos los estudiantes y se mejore la infraestructura\u201d.<\/p>\n<\/div><\/section><\/div><div  style='height:50px' class='hr hr-invisible   avia-builder-el-6  el_after_av_one_full  el_before_av_social_share '><span class='hr-inner ' ><span class='hr-inner-style'><\/span><\/span><\/div><\/p>\n<div  class='av-social-sharing-box  avia-builder-el-7  el_after_av_hr  el_before_av_hr  '><div class='av-share-box'><h5 class='av-share-link-description av-no-toc '>Compartir esta noticia<\/h5><ul class='av-share-box-list noLightbox'><li class='av-share-link av-social-link-facebook' ><a target=\"_blank\" aria-label=\"Compartir en Facebook\" href='https:\/\/www.facebook.com\/sharer.php?u=https:\/\/radiorevelacionfm.cl\/?p=31546&#038;t=Calisto%20oficia%20a%20Contralor%C3%ADa%20por%20mala%20gesti%C3%B3n%2C%20problemas%20de%20infraestructura%20y%20falta%20de%20recursos%20para%20beneficios%20en%20Universidad%20de%20Ays%C3%A9n' aria-hidden='false' data-av_icon='\ue8f3' data-av_iconfont='entypo-fontello' title='' data-avia-related-tooltip='Compartir en Facebook' rel=\"noopener\"><span class='avia_hidden_link_text'>Compartir en Facebook<\/span><\/a><\/li><li class='av-share-link av-social-link-twitter' ><a target=\"_blank\" aria-label=\"Compartir en Twitter\" href='https:\/\/twitter.com\/share?text=Calisto%20oficia%20a%20Contralor%C3%ADa%20por%20mala%20gesti%C3%B3n%2C%20problemas%20de%20infraestructura%20y%20falta%20de%20recursos%20para%20beneficios%20en%20Universidad%20de%20Ays%C3%A9n&#038;url=https:\/\/radiorevelacionfm.cl\/?p=31546' aria-hidden='false' data-av_icon='\ue8f1' data-av_iconfont='entypo-fontello' title='' data-avia-related-tooltip='Compartir en Twitter' rel=\"noopener\"><span class='avia_hidden_link_text'>Compartir en Twitter<\/span><\/a><\/li><li class='av-share-link av-social-link-whatsapp' ><a target=\"_blank\" aria-label=\"Compartir en Whatsapp\" href='https:\/\/api.whatsapp.com\/send?text=https:\/\/radiorevelacionfm.cl\/?p=31546' aria-hidden='false' data-av_icon='\uf232' data-av_iconfont='entypo-fontello' title='' data-avia-related-tooltip='Compartir en Whatsapp' rel=\"noopener\"><span class='avia_hidden_link_text'>Compartir en Whatsapp<\/span><\/a><\/li><li class='av-share-link av-social-link-linkedin' ><a target=\"_blank\" aria-label=\"Compartir en LinkedIn\" href='https:\/\/linkedin.com\/shareArticle?mini=true&#038;title=Calisto%20oficia%20a%20Contralor%C3%ADa%20por%20mala%20gesti%C3%B3n%2C%20problemas%20de%20infraestructura%20y%20falta%20de%20recursos%20para%20beneficios%20en%20Universidad%20de%20Ays%C3%A9n&#038;url=https:\/\/radiorevelacionfm.cl\/?p=31546' aria-hidden='false' data-av_icon='\ue8fc' data-av_iconfont='entypo-fontello' title='' data-avia-related-tooltip='Compartir en LinkedIn' rel=\"noopener\"><span class='avia_hidden_link_text'>Compartir en LinkedIn<\/span><\/a><\/li><li class='av-share-link av-social-link-mail' ><a  aria-label=\"Compartir por correo\" href='mailto:?subject=Calisto%20oficia%20a%20Contralor%C3%ADa%20por%20mala%20gesti%C3%B3n%2C%20problemas%20de%20infraestructura%20y%20falta%20de%20recursos%20para%20beneficios%20en%20Universidad%20de%20Ays%C3%A9n&#038;body=https:\/\/radiorevelacionfm.cl\/?p=31546' aria-hidden='false' data-av_icon='\ue805' data-av_iconfont='entypo-fontello' title='' data-avia-related-tooltip='Compartir por correo'><span class='avia_hidden_link_text'>Compartir por correo<\/span><\/a><\/li><\/ul><\/div><\/div>\n<div  style='height:50px' class='hr hr-invisible   avia-builder-el-8  el_after_av_social_share  el_before_av_comments_list '><span class='hr-inner ' ><span class='hr-inner-style'><\/span><\/span><\/div>\n<div  class='av-buildercomment  av-blog-meta-html-info-disabled av-blog-meta-tag-disabled  '><\/div>\n","protected":false},"excerpt":{"rendered":"","protected":false},"author":1,"featured_media":31547,"comment_status":"open","ping_status":"open","sticky":false,"template":"","format":"standard","meta":{"footnotes":""},"categories":[35],"tags":[],"class_list":["post-31546","post","type-post","status-publish","format-standard","has-post-thumbnail","hentry","category-politica"],"jetpack_featured_media_url":"https:\/\/radiorevelacionfm.cl\/wp-content\/uploads\/2023\/05\/CALSITO-REUNION-ESTUDIANTES-U-DE-AYSEN-2-1-1.jpg","_links":{"self":[{"href":"https:\/\/radiorevelacionfm.cl\/index.php?rest_route=\/wp\/v2\/posts\/31546","targetHints":{"allow":["GET"]}}],"collection":[{"href":"https:\/\/radiorevelacionfm.cl\/index.php?rest_route=\/wp\/v2\/posts"}],"about":[{"href":"https:\/\/radiorevelacionfm.cl\/index.php?rest_route=\/wp\/v2\/types\/post"}],"author":[{"embeddable":true,"href":"https:\/\/radiorevelacionfm.cl\/index.php?rest_route=\/wp\/v2\/users\/1"}],"replies":[{"embeddable":true,"href":"https:\/\/radiorevelacionfm.cl\/index.php?rest_route=%2Fwp%2Fv2%2Fcomments&post=31546"}],"version-history":[{"count":1,"href":"https:\/\/radiorevelacionfm.cl\/index.php?rest_route=\/wp\/v2\/posts\/31546\/revisions"}],"predecessor-version":[{"id":31548,"href":"https:\/\/radiorevelacionfm.cl\/index.php?rest_route=\/wp\/v2\/posts\/31546\/revisions\/31548"}],"wp:featuredmedia":[{"embeddable":true,"href":"https:\/\/radiorevelacionfm.cl\/index.php?rest_route=\/wp\/v2\/media\/31547"}],"wp:attachment":[{"href":"https:\/\/radiorevelacionfm.cl\/index.php?rest_route=%2Fwp%2Fv2%2Fmedia&parent=31546"}],"wp:term":[{"taxonomy":"category","embeddable":true,"href":"https:\/\/radiorevelacionfm.cl\/index.php?rest_route=%2Fwp%2Fv2%2Fcategories&post=31546"},{"taxonomy":"post_tag","embeddable":true,"href":"https:\/\/radiorevelacionfm.cl\/index.php?rest_route=%2Fwp%2Fv2%2Ftags&post=31546"}],"curies":[{"name":"wp","href":"https:\/\/api.w.org\/{rel}","templated":true}]}}