{"id":31543,"date":"2023-05-31T18:12:41","date_gmt":"2023-05-31T21:12:41","guid":{"rendered":"https:\/\/radiorevelacionfm.cl\/?p=31543"},"modified":"2023-05-31T18:12:41","modified_gmt":"2023-05-31T21:12:41","slug":"avanza-construccion-de-nuevo-edificio-de-administracion-de-aduana-en-puerto-chacabuco","status":"publish","type":"post","link":"https:\/\/radiorevelacionfm.cl\/?p=31543","title":{"rendered":"Avanza construcci\u00f3n de nuevo edificio de administraci\u00f3n de Aduana en Puerto Chacabuco"},"content":{"rendered":"<div class=\"flex_column av_one_full  flex_column_div av-zero-column-padding first  avia-builder-el-0  el_before_av_one_full  avia-builder-el-first  \" style='border-radius:0px; '><div  class='avia-image-container  av-styling-    avia-builder-el-1  avia-builder-el-no-sibling  avia-align-center '  itemprop=\"image\" itemscope=\"itemscope\" itemtype=\"https:\/\/schema.org\/ImageObject\"  ><div class='avia-image-container-inner'><div class='avia-image-overlay-wrap'><img decoding=\"async\" class='wp-image-31544 avia-img-lazy-loading-not-31544 avia_image' src=\"https:\/\/radiorevelacionfm.cl\/wp-content\/uploads\/2023\/05\/img-20230523-wa0007-1-1-1_optimized-1.jpg\" alt='' title='img-20230523-wa0007-(1)-(1)-(1)_optimized (1)' height=\"600\" width=\"1299\"  itemprop=\"thumbnailUrl\" srcset=\"https:\/\/radiorevelacionfm.cl\/wp-content\/uploads\/2023\/05\/img-20230523-wa0007-1-1-1_optimized-1.jpg 1299w, https:\/\/radiorevelacionfm.cl\/wp-content\/uploads\/2023\/05\/img-20230523-wa0007-1-1-1_optimized-1-300x139.jpg 300w, https:\/\/radiorevelacionfm.cl\/wp-content\/uploads\/2023\/05\/img-20230523-wa0007-1-1-1_optimized-1-1030x476.jpg 1030w, https:\/\/radiorevelacionfm.cl\/wp-content\/uploads\/2023\/05\/img-20230523-wa0007-1-1-1_optimized-1-768x355.jpg 768w, https:\/\/radiorevelacionfm.cl\/wp-content\/uploads\/2023\/05\/img-20230523-wa0007-1-1-1_optimized-1-705x326.jpg 705w, https:\/\/radiorevelacionfm.cl\/wp-content\/uploads\/2023\/05\/img-20230523-wa0007-1-1-1_optimized-1-450x208.jpg 450w, https:\/\/radiorevelacionfm.cl\/wp-content\/uploads\/2023\/05\/img-20230523-wa0007-1-1-1_optimized-1-600x277.jpg 600w\" sizes=\"(max-width: 1299px) 100vw, 1299px\" \/><\/div><\/div><\/div><\/div><div class=\"flex_column av_one_full  flex_column_div av-zero-column-padding first  avia-builder-el-2  el_after_av_one_full  el_before_av_one_full  column-top-margin\" style='border-radius:0px; '><section class=\"av_textblock_section \"  itemscope=\"itemscope\" itemtype=\"https:\/\/schema.org\/BlogPosting\" itemprop=\"blogPost\" ><div class='avia_textblock  '   itemprop=\"text\" ><p style=\"text-align: center;\"><strong><span style=\"font-size: 18pt;\">Avanza construcci\u00f3n de nuevo edificio de administraci\u00f3n de Aduana en Puerto Chacabuco<\/span><\/strong><\/p>\n<div id=\"gtx-trans\" style=\"position: absolute; left: -50px; top: 4.31534px;\">\n<div class=\"gtx-trans-icon\"><\/div>\n<\/div>\n<\/div><\/section><\/div><div class=\"flex_column av_one_full  flex_column_div av-zero-column-padding first  avia-builder-el-4  el_after_av_one_full  el_before_av_hr  column-top-margin\" style='border-radius:0px; '><section class=\"av_textblock_section \"  itemscope=\"itemscope\" itemtype=\"https:\/\/schema.org\/BlogPosting\" itemprop=\"blogPost\" ><div class='avia_textblock  '   itemprop=\"text\" ><p style=\"text-align: justify;\">Hasta Puerto Chacabuco llegaron esta semana los equipos t\u00e9cnicos de la Direcci\u00f3n Regional de Arquitectura del Ministerio de Obras P\u00fablicas y de la Direcci\u00f3n Nacional y Regional de Aduanas para realizar una visita inspectiva a las obras de reposici\u00f3n del edificio de Aduanas de Ays\u00e9n, ubicado en la ciudad de Puerto Chacabuco, constatando a la fecha un 8% de avance en la ejecuci\u00f3n de las obras. As\u00ed lo inform\u00f3 hoy, el Secretario Regional Ministerial de Obras P\u00fablicas, Patricio Sanhueza Ulloa, en el marco de reuni\u00f3n de trabajo conjunto sostenida con la Directora Regional de Arquitectura del MOP, Paola Azocar Betancur.<\/p>\n<p style=\"text-align: justify;\">El SEREMI del MOP indic\u00f3 que \u201cesta obra se enmarca dentro de los lineamientos de apoyo a la Seguridad P\u00fablica que hoy impulsa nuestro gobierno, y que han sido reforzados por la Ministra Jessica L\u00f3pez en reciente encuentro de SEREMIS realizado en el contexto de la cuenta p\u00fablica nacional del MOP. Las obras, consideran una inversi\u00f3n de $3.976 millones de pesos, provenientes del Servicio de Aduanas y del Ministerio de Obras P\u00fablicas, a trav\u00e9s del Fondo de Infraestructura para el Desarrollo (FIDE), fondo que fue creado para aportar al proceso de recuperaci\u00f3n de la econom\u00eda nacional y generaci\u00f3n de empleo, mediante la inversi\u00f3n en obras de infraestructura p\u00fablica. La Unidad T\u00e9cnica es la Direcci\u00f3n Regional de Arquitectura de nuestro Ministerio de Obras P\u00fablicas, considera el empleo de 27 trabajadores promedio mensual, y su finalizaci\u00f3n se encuentra programada para el primer trimestre del a\u00f1o 2024\u201d.<\/p>\n<p style=\"text-align: justify;\">Al respecto, la Directora Regional de Arquitectura del Ministerio de Obras P\u00fablicas, Paola Azocar Betancur se\u00f1al\u00f3 \u201cestamos en plena ejecuci\u00f3n de la reposici\u00f3n completa del edificio de Aduanas, para mejorar las condiciones laborales que hoy enfrentan los funcionarios y funcionarias del Servicio y paralelamente, generar una mejor infraestructura p\u00fablica para el Servicio Aduanero como tal. Como Ministerio de Obras P\u00fablicas trabajamos en edificaci\u00f3n de seguridad p\u00fablica, con Carabineros de Chile y otros sectores como es el caso de esta obra, la que habilitar\u00e1 espacios adecuados para que este Servicio pueda hacer su trabajo y rol fiscalizador con confort, y acorde a sus funciones. Estas obras vienen a mejorar el entorno de las instalaciones del Puerto, que es un sector que funciona muy fuertemente con el tr\u00e1nsito de camiones y mercanc\u00eda, por lo tanto la nueva edificaci\u00f3n entregar\u00e1 mayor confort en su interior, as\u00ed como tambi\u00e9n generar\u00e1 mejores condiciones para la fiscalizaci\u00f3n, y tambi\u00e9n contempla una panor\u00e1mica de la Bah\u00eda de Puerto Chacabuco, la que posibilitar\u00e1 que tanto los y las funcionarias, como las personas usuarias puedan tener la experiencia de junto con disfrutar el paisaje, llevar a efecto sus tr\u00e1mites\u201d.<\/p>\n<p style=\"text-align: justify;\">La autoridad regional de Arquitectura del MOP, agreg\u00f3 que \u201ctenemos una importante cartera de proyectos en todo el territorio regional, y en la comuna de Ays\u00e9n, junto con esta obra tambi\u00e9n sumamos el compromiso de generar la Feria Hort\u00edcola y trabajar en la etapa I del Centro de Formaci\u00f3n T\u00e9cnica (CFT), as\u00ed que como Direcci\u00f3n Regional de Arquitectura del MOP reforzamos nuestro compromiso de continuar trabajando en Ays\u00e9n, como tambi\u00e9n en todas las comunas de la regi\u00f3n\u201d.<\/p>\n<p style=\"text-align: justify;\">El Director Regional de Aduanas V\u00edctor Valenzuela con relaci\u00f3n a la obra indic\u00f3 que \u201cestamos muy contentos como Servicio especialmente en esta regi\u00f3n, por cuanto es una gran obra, que ha costado un buen esfuerzo, pero cuyos resultados van a ser no solo para el Servicio, sino tambi\u00e9n para la comunidad completa. Va a estar enclavada frente al Puerto, en donde los turistas y el sistema tur\u00edstico que tenemos en la regi\u00f3n se van a ver favorecidos. Creemos que va a ser una obra que nos va a llenar de orgullo\u201d.<\/p>\n<p style=\"text-align: justify;\">Por su parte, Aldo Mesa Villa, Arquitecto y Jefe de Infraestructura Nacional de Aduanas, destac\u00f3 \u201cestamos muy felices, muy contentos de poder entregar un edificio que va a tener certificaci\u00f3n de edificio sustentable y que va a aportar no s\u00f3lo al funcionamiento operativo de nuestros funcionarios, sino tambi\u00e9n va a cooperar con la imagen de Puerto Chacabuco, entreg\u00e1ndole una nueva infraestructura que es lo que le interesa y el camino en que est\u00e1 nuestro gobierno del presidente Gabriel Boric\u201d.<\/p>\n<p style=\"text-align: justify;\"><strong><u>OBRAS<\/u><\/strong><\/p>\n<p style=\"text-align: justify;\">Las obras consideran la ejecuci\u00f3n de una edificaci\u00f3n en dos niveles con una superficie total de 998,33 m2, la que se emplaza en un terreno de 1.575,57 m2 ubicado en la comuna de Ays\u00e9n. La nueva edificaci\u00f3n considera construir oficinas administrativas, t\u00e9cnicas, caniles, sal\u00f3n de capacitaci\u00f3n, \u00e1rea jur\u00eddica, fiscalizadores, sala de reuniones y bodegas. La materialidad est\u00e1 compuesta por un sistema estructural en base a muros y elementos de hormig\u00f3n armado en un piso, donde se consulta losa entrepiso de hormig\u00f3n armado, mientras que la estructura del segundo piso y de techumbre ser\u00e1 dise\u00f1ada en cerchas met\u00e1licas. Las terminaciones ser\u00e1n de cubierta en plancha de acero, en primer nivel en muros revestidos en enchape de piedra y segundo nivel quadroline para sus fachadas; contempla tambi\u00e9n, las instalaciones de electricidad e iluminaci\u00f3n, agua potable, alcantarillado, eficiencia energ\u00e9tica, paisajismo y accesibilidad universal.<\/p>\n<\/div><\/section><\/div><div  style='height:50px' class='hr hr-invisible   avia-builder-el-6  el_after_av_one_full  el_before_av_social_share '><span class='hr-inner ' ><span class='hr-inner-style'><\/span><\/span><\/div><\/p>\n<div  class='av-social-sharing-box  avia-builder-el-7  el_after_av_hr  el_before_av_hr  '><div class='av-share-box'><h5 class='av-share-link-description av-no-toc '>Compartir esta noticia<\/h5><ul class='av-share-box-list noLightbox'><li class='av-share-link av-social-link-facebook' ><a target=\"_blank\" aria-label=\"Compartir en Facebook\" href='https:\/\/www.facebook.com\/sharer.php?u=https:\/\/radiorevelacionfm.cl\/?p=31543&#038;t=Avanza%20construcci%C3%B3n%20de%20nuevo%20edificio%20de%20administraci%C3%B3n%20de%20Aduana%20en%20Puerto%20Chacabuco' aria-hidden='false' data-av_icon='\ue8f3' data-av_iconfont='entypo-fontello' title='' data-avia-related-tooltip='Compartir en Facebook' rel=\"noopener\"><span class='avia_hidden_link_text'>Compartir en Facebook<\/span><\/a><\/li><li class='av-share-link av-social-link-twitter' ><a target=\"_blank\" aria-label=\"Compartir en Twitter\" href='https:\/\/twitter.com\/share?text=Avanza%20construcci%C3%B3n%20de%20nuevo%20edificio%20de%20administraci%C3%B3n%20de%20Aduana%20en%20Puerto%20Chacabuco&#038;url=https:\/\/radiorevelacionfm.cl\/?p=31543' aria-hidden='false' data-av_icon='\ue8f1' data-av_iconfont='entypo-fontello' title='' data-avia-related-tooltip='Compartir en Twitter' rel=\"noopener\"><span class='avia_hidden_link_text'>Compartir en Twitter<\/span><\/a><\/li><li class='av-share-link av-social-link-whatsapp' ><a target=\"_blank\" aria-label=\"Compartir en Whatsapp\" href='https:\/\/api.whatsapp.com\/send?text=https:\/\/radiorevelacionfm.cl\/?p=31543' aria-hidden='false' data-av_icon='\uf232' data-av_iconfont='entypo-fontello' title='' data-avia-related-tooltip='Compartir en Whatsapp' rel=\"noopener\"><span class='avia_hidden_link_text'>Compartir en Whatsapp<\/span><\/a><\/li><li class='av-share-link av-social-link-linkedin' ><a target=\"_blank\" aria-label=\"Compartir en LinkedIn\" href='https:\/\/linkedin.com\/shareArticle?mini=true&#038;title=Avanza%20construcci%C3%B3n%20de%20nuevo%20edificio%20de%20administraci%C3%B3n%20de%20Aduana%20en%20Puerto%20Chacabuco&#038;url=https:\/\/radiorevelacionfm.cl\/?p=31543' aria-hidden='false' data-av_icon='\ue8fc' data-av_iconfont='entypo-fontello' title='' data-avia-related-tooltip='Compartir en LinkedIn' rel=\"noopener\"><span class='avia_hidden_link_text'>Compartir en LinkedIn<\/span><\/a><\/li><li class='av-share-link av-social-link-mail' ><a  aria-label=\"Compartir por correo\" href='mailto:?subject=Avanza%20construcci%C3%B3n%20de%20nuevo%20edificio%20de%20administraci%C3%B3n%20de%20Aduana%20en%20Puerto%20Chacabuco&#038;body=https:\/\/radiorevelacionfm.cl\/?p=31543' aria-hidden='false' data-av_icon='\ue805' data-av_iconfont='entypo-fontello' title='' data-avia-related-tooltip='Compartir por correo'><span class='avia_hidden_link_text'>Compartir por correo<\/span><\/a><\/li><\/ul><\/div><\/div>\n<div  style='height:50px' class='hr hr-invisible   avia-builder-el-8  el_after_av_social_share  el_before_av_comments_list '><span class='hr-inner ' ><span class='hr-inner-style'><\/span><\/span><\/div>\n<div  class='av-buildercomment  av-blog-meta-html-info-disabled av-blog-meta-tag-disabled  '><\/div>\n","protected":false},"excerpt":{"rendered":"","protected":false},"author":1,"featured_media":31544,"comment_status":"open","ping_status":"open","sticky":false,"template":"","format":"standard","meta":{"footnotes":""},"categories":[38],"tags":[],"class_list":["post-31543","post","type-post","status-publish","format-standard","has-post-thumbnail","hentry","category-regional"],"jetpack_featured_media_url":"https:\/\/radiorevelacionfm.cl\/wp-content\/uploads\/2023\/05\/img-20230523-wa0007-1-1-1_optimized-1.jpg","_links":{"self":[{"href":"https:\/\/radiorevelacionfm.cl\/index.php?rest_route=\/wp\/v2\/posts\/31543","targetHints":{"allow":["GET"]}}],"collection":[{"href":"https:\/\/radiorevelacionfm.cl\/index.php?rest_route=\/wp\/v2\/posts"}],"about":[{"href":"https:\/\/radiorevelacionfm.cl\/index.php?rest_route=\/wp\/v2\/types\/post"}],"author":[{"embeddable":true,"href":"https:\/\/radiorevelacionfm.cl\/index.php?rest_route=\/wp\/v2\/users\/1"}],"replies":[{"embeddable":true,"href":"https:\/\/radiorevelacionfm.cl\/index.php?rest_route=%2Fwp%2Fv2%2Fcomments&post=31543"}],"version-history":[{"count":1,"href":"https:\/\/radiorevelacionfm.cl\/index.php?rest_route=\/wp\/v2\/posts\/31543\/revisions"}],"predecessor-version":[{"id":31545,"href":"https:\/\/radiorevelacionfm.cl\/index.php?rest_route=\/wp\/v2\/posts\/31543\/revisions\/31545"}],"wp:featuredmedia":[{"embeddable":true,"href":"https:\/\/radiorevelacionfm.cl\/index.php?rest_route=\/wp\/v2\/media\/31544"}],"wp:attachment":[{"href":"https:\/\/radiorevelacionfm.cl\/index.php?rest_route=%2Fwp%2Fv2%2Fmedia&parent=31543"}],"wp:term":[{"taxonomy":"category","embeddable":true,"href":"https:\/\/radiorevelacionfm.cl\/index.php?rest_route=%2Fwp%2Fv2%2Fcategories&post=31543"},{"taxonomy":"post_tag","embeddable":true,"href":"https:\/\/radiorevelacionfm.cl\/index.php?rest_route=%2Fwp%2Fv2%2Ftags&post=31543"}],"curies":[{"name":"wp","href":"https:\/\/api.w.org\/{rel}","templated":true}]}}