{"id":31540,"date":"2023-05-31T19:34:15","date_gmt":"2023-05-31T22:34:15","guid":{"rendered":"https:\/\/radiorevelacionfm.cl\/?p=31540"},"modified":"2023-05-31T19:34:15","modified_gmt":"2023-05-31T22:34:15","slug":"realizan-conversatorio-sobre-proxima-entrada-en-vigencia-de-la-ley-de-monitoreo-telematico-en-la-region","status":"publish","type":"post","link":"https:\/\/radiorevelacionfm.cl\/?p=31540","title":{"rendered":"Realizan conversatorio sobre pr\u00f3xima entrada en vigencia de la Ley de Monitoreo Telem\u00e1tico en la regi\u00f3n"},"content":{"rendered":"<div class=\"flex_column av_one_full  flex_column_div av-zero-column-padding first  avia-builder-el-0  el_before_av_one_full  avia-builder-el-first  \" style='border-radius:0px; '><div  class='avia-image-container  av-styling-    avia-builder-el-1  avia-builder-el-no-sibling  avia-align-center '  itemprop=\"image\" itemscope=\"itemscope\" itemtype=\"https:\/\/schema.org\/ImageObject\"  ><div class='avia-image-container-inner'><div class='avia-image-overlay-wrap'><img decoding=\"async\" class='wp-image-31541 avia-img-lazy-loading-not-31541 avia_image' src=\"https:\/\/radiorevelacionfm.cl\/wp-content\/uploads\/2023\/05\/foto-1-conversatorio-1_optimized-1_optimized-1.jpg\" alt='' title='foto-1-conversatorio-(1)_optimized-(1)_optimized (1)' height=\"600\" width=\"1069\"  itemprop=\"thumbnailUrl\" srcset=\"https:\/\/radiorevelacionfm.cl\/wp-content\/uploads\/2023\/05\/foto-1-conversatorio-1_optimized-1_optimized-1.jpg 1069w, https:\/\/radiorevelacionfm.cl\/wp-content\/uploads\/2023\/05\/foto-1-conversatorio-1_optimized-1_optimized-1-300x168.jpg 300w, https:\/\/radiorevelacionfm.cl\/wp-content\/uploads\/2023\/05\/foto-1-conversatorio-1_optimized-1_optimized-1-1030x578.jpg 1030w, https:\/\/radiorevelacionfm.cl\/wp-content\/uploads\/2023\/05\/foto-1-conversatorio-1_optimized-1_optimized-1-768x431.jpg 768w, https:\/\/radiorevelacionfm.cl\/wp-content\/uploads\/2023\/05\/foto-1-conversatorio-1_optimized-1_optimized-1-705x396.jpg 705w, https:\/\/radiorevelacionfm.cl\/wp-content\/uploads\/2023\/05\/foto-1-conversatorio-1_optimized-1_optimized-1-450x253.jpg 450w, https:\/\/radiorevelacionfm.cl\/wp-content\/uploads\/2023\/05\/foto-1-conversatorio-1_optimized-1_optimized-1-600x337.jpg 600w\" sizes=\"(max-width: 1069px) 100vw, 1069px\" \/><\/div><\/div><\/div><\/div><div class=\"flex_column av_one_full  flex_column_div av-zero-column-padding first  avia-builder-el-2  el_after_av_one_full  el_before_av_one_full  column-top-margin\" style='border-radius:0px; '><section class=\"av_textblock_section \"  itemscope=\"itemscope\" itemtype=\"https:\/\/schema.org\/BlogPosting\" itemprop=\"blogPost\" ><div class='avia_textblock  '   itemprop=\"text\" ><p style=\"text-align: center;\"><strong><span style=\"font-size: 18pt;\">Realizan conversatorio sobre pr\u00f3xima entrada en vigencia de la Ley de Monitoreo Telem\u00e1tico en la regi\u00f3n<\/span><\/strong><\/p>\n<div id=\"gtx-trans\" style=\"position: absolute; left: -50px; top: 4.31534px;\">\n<div class=\"gtx-trans-icon\"><\/div>\n<\/div>\n<\/div><\/section><\/div><div class=\"flex_column av_one_full  flex_column_div av-zero-column-padding first  avia-builder-el-4  el_after_av_one_full  el_before_av_hr  column-top-margin\" style='border-radius:0px; '><section class=\"av_textblock_section \"  itemscope=\"itemscope\" itemtype=\"https:\/\/schema.org\/BlogPosting\" itemprop=\"blogPost\" ><div class='avia_textblock  '   itemprop=\"text\" ><p class=\"v1MsoNormal\" style=\"text-align: justify;\">El pr\u00f3ximo 4 de junio comenzar\u00e1 a regir en la regi\u00f3n de Ays\u00e9n la segunda etapa de la entrada en vigencia de la Ley 21.378 de Monitoreo Telem\u00e1tico, en las leyes 20.066 de violencia intrafamiliar y la Ley 19.968, que crea los tribunales de familia. Instancia para la cual el Comit\u00e9 de G\u00e9nero y No Discriminaci\u00f3n de la jurisdicci\u00f3n Coyhaique organiz\u00f3 un conversatorio con los actores relacionados.<\/p>\n<p class=\"v1MsoNormal\" style=\"text-align: justify;\">La instancia fue encabezada por el presidente de la Corte de Apelaciones de Coyhaique, ministro Jos\u00e9 Ignacio Mora Tujillo, y la ministra Natalia Rencoret Oliva, encargada de asuntos de Familia; as\u00ed tambi\u00e9n estuvieron presentes el fiscal regional Carlos Palma Guerra, el defensor regional Jorge Moraga Torres; la seremi de la Mujer y Equidad de G\u00e9nero, Andrea M\u00e9ndez y la directora regional del Servicio de la Mujer, Marta Godoy. Adem\u00e1s de la participaci\u00f3n de autoridades policiales, de gendarmer\u00eda y\u00a0 jueces, secretarios y administradores.<\/p>\n<p class=\"v1MsoNormal\" style=\"text-align: justify;\">Las exposiciones estuvieron a cargo de la magistrada del Juzgado de Letras de Coyhaique, Florentina Rezuc Hern\u00e1ndez y de la abogada jefa del Departamento de Monitoreo Telem\u00e1tico de la Direcci\u00f3n Nacional de Gendarmer\u00eda de Chile, Andrea Sifri Espoz.<\/p>\n<p class=\"v1MsoNormal\" style=\"text-align: justify;\">\u00abValoramos esta instancia, dado que nos permiti\u00f3 conocer en detalle la implementaci\u00f3n de esta ley, sus principales nudos cr\u00edticos y por cierto su operatividad normativa y t\u00e9cnica. Esperamos que esta herramienta sirva para identificar y ubicar a la personas sujetas a control y por cierto de las v\u00edctimas para que en el caso de una situaci\u00f3n complicada las polic\u00edas puedan ser informadas y tomen los resguardos al respecto, y as\u00ed hacer efectivo el derecho de acceso a la justicia de personas en situaci\u00f3n de riesgo\u00bb, sostuvo el ministro Jos\u00e9 Ignacio Mora.<\/p>\n<p class=\"v1MsoNormal\" style=\"text-align: justify;\">A\u00f1adi\u00f3 que: \u00abagradecemos las presentaciones de la magistrada Florentina Rezuc y de la abogada jefa de la Direcci\u00f3n Nacional de Gendarmer\u00eda, Andrea Sifri, que han permitido que todos los que formamos parte del sistema de justicia en Ays\u00e9n estemos informados sobre esta ley, que recordemos inicia en nuestra jurisdicci\u00f3n el pr\u00f3ximo domingo 4 de junio\u00bb.<\/p>\n<p class=\"v1MsoNormal\" style=\"text-align: justify;\">Recordar que inicialmente esta normativa entr\u00f3 en vigencia en una primera etapa en las\u00a0 regiones de Coquimbo, Valpara\u00edso y Metropolitana, y desde el pr\u00f3ximo domingo ser\u00e1 aplicada en las regiones de Arica y Parinacota, Tarapac\u00e1, Antofagasta, Atacama, del Libertador General Bernardo O&#8217;Higgins, del Maule, \u00d1uble, Biob\u00edo, La Araucan\u00eda, Los R\u00edos, Los Lagos, Ays\u00e9n del General Carlos Ib\u00e1\u00f1ez del Campo, y de Magallanes y la Ant\u00e1rtica Chilena.<\/p>\n<\/div><\/section><\/div><div  style='height:50px' class='hr hr-invisible   avia-builder-el-6  el_after_av_one_full  el_before_av_social_share '><span class='hr-inner ' ><span class='hr-inner-style'><\/span><\/span><\/div><\/p>\n<div  class='av-social-sharing-box  avia-builder-el-7  el_after_av_hr  el_before_av_hr  '><div class='av-share-box'><h5 class='av-share-link-description av-no-toc '>Compartir esta noticia<\/h5><ul class='av-share-box-list noLightbox'><li class='av-share-link av-social-link-facebook' ><a target=\"_blank\" aria-label=\"Compartir en Facebook\" href='https:\/\/www.facebook.com\/sharer.php?u=https:\/\/radiorevelacionfm.cl\/?p=31540&#038;t=Realizan%20conversatorio%20sobre%20pr%C3%B3xima%20entrada%20en%20vigencia%20de%20la%20Ley%20de%20Monitoreo%20Telem%C3%A1tico%20en%20la%20regi%C3%B3n' aria-hidden='false' data-av_icon='\ue8f3' data-av_iconfont='entypo-fontello' title='' data-avia-related-tooltip='Compartir en Facebook' rel=\"noopener\"><span class='avia_hidden_link_text'>Compartir en Facebook<\/span><\/a><\/li><li class='av-share-link av-social-link-twitter' ><a target=\"_blank\" aria-label=\"Compartir en Twitter\" href='https:\/\/twitter.com\/share?text=Realizan%20conversatorio%20sobre%20pr%C3%B3xima%20entrada%20en%20vigencia%20de%20la%20Ley%20de%20Monitoreo%20Telem%C3%A1tico%20en%20la%20regi%C3%B3n&#038;url=https:\/\/radiorevelacionfm.cl\/?p=31540' aria-hidden='false' data-av_icon='\ue8f1' data-av_iconfont='entypo-fontello' title='' data-avia-related-tooltip='Compartir en Twitter' rel=\"noopener\"><span class='avia_hidden_link_text'>Compartir en Twitter<\/span><\/a><\/li><li class='av-share-link av-social-link-whatsapp' ><a target=\"_blank\" aria-label=\"Compartir en Whatsapp\" href='https:\/\/api.whatsapp.com\/send?text=https:\/\/radiorevelacionfm.cl\/?p=31540' aria-hidden='false' data-av_icon='\uf232' data-av_iconfont='entypo-fontello' title='' data-avia-related-tooltip='Compartir en Whatsapp' rel=\"noopener\"><span class='avia_hidden_link_text'>Compartir en Whatsapp<\/span><\/a><\/li><li class='av-share-link av-social-link-linkedin' ><a target=\"_blank\" aria-label=\"Compartir en LinkedIn\" href='https:\/\/linkedin.com\/shareArticle?mini=true&#038;title=Realizan%20conversatorio%20sobre%20pr%C3%B3xima%20entrada%20en%20vigencia%20de%20la%20Ley%20de%20Monitoreo%20Telem%C3%A1tico%20en%20la%20regi%C3%B3n&#038;url=https:\/\/radiorevelacionfm.cl\/?p=31540' aria-hidden='false' data-av_icon='\ue8fc' data-av_iconfont='entypo-fontello' title='' data-avia-related-tooltip='Compartir en LinkedIn' rel=\"noopener\"><span class='avia_hidden_link_text'>Compartir en LinkedIn<\/span><\/a><\/li><li class='av-share-link av-social-link-mail' ><a  aria-label=\"Compartir por correo\" href='mailto:?subject=Realizan%20conversatorio%20sobre%20pr%C3%B3xima%20entrada%20en%20vigencia%20de%20la%20Ley%20de%20Monitoreo%20Telem%C3%A1tico%20en%20la%20regi%C3%B3n&#038;body=https:\/\/radiorevelacionfm.cl\/?p=31540' aria-hidden='false' data-av_icon='\ue805' data-av_iconfont='entypo-fontello' title='' data-avia-related-tooltip='Compartir por correo'><span class='avia_hidden_link_text'>Compartir por correo<\/span><\/a><\/li><\/ul><\/div><\/div>\n<div  style='height:50px' class='hr hr-invisible   avia-builder-el-8  el_after_av_social_share  el_before_av_comments_list '><span class='hr-inner ' ><span class='hr-inner-style'><\/span><\/span><\/div>\n<div  class='av-buildercomment  av-blog-meta-html-info-disabled av-blog-meta-tag-disabled  '><\/div>\n","protected":false},"excerpt":{"rendered":"","protected":false},"author":1,"featured_media":31541,"comment_status":"open","ping_status":"open","sticky":false,"template":"","format":"standard","meta":{"footnotes":""},"categories":[55],"tags":[],"class_list":["post-31540","post","type-post","status-publish","format-standard","has-post-thumbnail","hentry","category-justicia"],"jetpack_featured_media_url":"https:\/\/radiorevelacionfm.cl\/wp-content\/uploads\/2023\/05\/foto-1-conversatorio-1_optimized-1_optimized-1.jpg","_links":{"self":[{"href":"https:\/\/radiorevelacionfm.cl\/index.php?rest_route=\/wp\/v2\/posts\/31540","targetHints":{"allow":["GET"]}}],"collection":[{"href":"https:\/\/radiorevelacionfm.cl\/index.php?rest_route=\/wp\/v2\/posts"}],"about":[{"href":"https:\/\/radiorevelacionfm.cl\/index.php?rest_route=\/wp\/v2\/types\/post"}],"author":[{"embeddable":true,"href":"https:\/\/radiorevelacionfm.cl\/index.php?rest_route=\/wp\/v2\/users\/1"}],"replies":[{"embeddable":true,"href":"https:\/\/radiorevelacionfm.cl\/index.php?rest_route=%2Fwp%2Fv2%2Fcomments&post=31540"}],"version-history":[{"count":1,"href":"https:\/\/radiorevelacionfm.cl\/index.php?rest_route=\/wp\/v2\/posts\/31540\/revisions"}],"predecessor-version":[{"id":31542,"href":"https:\/\/radiorevelacionfm.cl\/index.php?rest_route=\/wp\/v2\/posts\/31540\/revisions\/31542"}],"wp:featuredmedia":[{"embeddable":true,"href":"https:\/\/radiorevelacionfm.cl\/index.php?rest_route=\/wp\/v2\/media\/31541"}],"wp:attachment":[{"href":"https:\/\/radiorevelacionfm.cl\/index.php?rest_route=%2Fwp%2Fv2%2Fmedia&parent=31540"}],"wp:term":[{"taxonomy":"category","embeddable":true,"href":"https:\/\/radiorevelacionfm.cl\/index.php?rest_route=%2Fwp%2Fv2%2Fcategories&post=31540"},{"taxonomy":"post_tag","embeddable":true,"href":"https:\/\/radiorevelacionfm.cl\/index.php?rest_route=%2Fwp%2Fv2%2Ftags&post=31540"}],"curies":[{"name":"wp","href":"https:\/\/api.w.org\/{rel}","templated":true}]}}