{"id":31537,"date":"2023-06-01T22:41:52","date_gmt":"2023-06-02T01:41:52","guid":{"rendered":"https:\/\/radiorevelacionfm.cl\/?p=31537"},"modified":"2023-06-01T22:41:52","modified_gmt":"2023-06-02T01:41:52","slug":"sandoval-llama-a-impulsar-la-electromovilidad-en-chile-a-traves-de-planes-acciones-y-programas-de-fomento","status":"publish","type":"post","link":"https:\/\/radiorevelacionfm.cl\/?p=31537","title":{"rendered":"Sandoval llama a impulsar la electromovilidad en Chile, a trav\u00e9s de planes, acciones y programas de fomento"},"content":{"rendered":"<div class=\"flex_column av_one_full  flex_column_div av-zero-column-padding first  avia-builder-el-0  el_before_av_one_full  avia-builder-el-first  \" style='border-radius:0px; '><div  class='avia-image-container  av-styling-    avia-builder-el-1  avia-builder-el-no-sibling  avia-align-center '  itemprop=\"image\" itemscope=\"itemscope\" itemtype=\"https:\/\/schema.org\/ImageObject\"  ><div class='avia-image-container-inner'><div class='avia-image-overlay-wrap'><img decoding=\"async\" class='wp-image-31538 avia-img-lazy-loading-not-31538 avia_image' src=\"https:\/\/radiorevelacionfm.cl\/wp-content\/uploads\/2023\/05\/senador-sandoval-3a-1_optimized.jpg\" alt='' title='senador-sandoval-(3)a-(1)_optimized' height=\"600\" width=\"928\"  itemprop=\"thumbnailUrl\" srcset=\"https:\/\/radiorevelacionfm.cl\/wp-content\/uploads\/2023\/05\/senador-sandoval-3a-1_optimized.jpg 928w, https:\/\/radiorevelacionfm.cl\/wp-content\/uploads\/2023\/05\/senador-sandoval-3a-1_optimized-300x194.jpg 300w, https:\/\/radiorevelacionfm.cl\/wp-content\/uploads\/2023\/05\/senador-sandoval-3a-1_optimized-768x497.jpg 768w, https:\/\/radiorevelacionfm.cl\/wp-content\/uploads\/2023\/05\/senador-sandoval-3a-1_optimized-705x456.jpg 705w, https:\/\/radiorevelacionfm.cl\/wp-content\/uploads\/2023\/05\/senador-sandoval-3a-1_optimized-450x291.jpg 450w, https:\/\/radiorevelacionfm.cl\/wp-content\/uploads\/2023\/05\/senador-sandoval-3a-1_optimized-600x388.jpg 600w\" sizes=\"(max-width: 928px) 100vw, 928px\" \/><\/div><\/div><\/div><\/div><div class=\"flex_column av_one_full  flex_column_div av-zero-column-padding first  avia-builder-el-2  el_after_av_one_full  el_before_av_one_full  column-top-margin\" style='border-radius:0px; '><section class=\"av_textblock_section \"  itemscope=\"itemscope\" itemtype=\"https:\/\/schema.org\/BlogPosting\" itemprop=\"blogPost\" ><div class='avia_textblock  '   itemprop=\"text\" ><p style=\"text-align: center;\"><span style=\"font-size: 18pt;\"><strong>Sandoval llama a impulsar la electromovilidad en Chile, a trav\u00e9s de planes, acciones y programas de fomento <\/strong><\/span><\/p>\n<div id=\"gtx-trans\" style=\"position: absolute; left: -50px; top: 4.31534px;\">\n<div class=\"gtx-trans-icon\"><\/div>\n<\/div>\n<\/div><\/section><\/div><div class=\"flex_column av_one_full  flex_column_div av-zero-column-padding first  avia-builder-el-4  el_after_av_one_full  el_before_av_hr  column-top-margin\" style='border-radius:0px; '><section class=\"av_textblock_section \"  itemscope=\"itemscope\" itemtype=\"https:\/\/schema.org\/BlogPosting\" itemprop=\"blogPost\" ><div class='avia_textblock  '   itemprop=\"text\" ><p style=\"text-align: justify;\">Un llamado a impulsar la electromovilidad en Chile, a trav\u00e9s de planes, acciones y programas en materia de fomento, es el objeto principal de un proyecto de Acuerdo presentado recientemente por el senador David Sandoval.<\/p>\n<p style=\"text-align: justify;\">El parlamentario explic\u00f3 que la idea es poner especial \u00e9nfasis en el establecimiento de medidas que impulsen su utilizaci\u00f3n por parte de las personas a trav\u00e9s de incentivos tributarios permanentes y, tambi\u00e9n, a trav\u00e9s de una revisi\u00f3n de la Ley N\u00b021.305 sobre Eficiencia Energ\u00e9tica, y as\u00ed modernizar el concepto a los desaf\u00edos que en tal sentido tiene el pa\u00eds de cara a las pr\u00f3ximas d\u00e9cadas.<\/p>\n<p style=\"text-align: justify;\">Al respecto, Sandoval fundament\u00f3 su propuesta, la que fue apoyada transversalmente en la C\u00e1mara Alta, se\u00f1alando que la electromovilidad \u201cse enmarca en un gran cambio de paradigma en relaci\u00f3n con la forma en c\u00f3mo las personas se trasladan a trav\u00e9s de la ciudad\u201d, cambio que tambi\u00e9n da cuenta de aspectos centrales en materia de cuidado y promoci\u00f3n del medio ambiente, as\u00ed como alcanzar el objetivo de hacer m\u00e1s eficiente la energ\u00eda que usamos para estos fines.<\/p>\n<p style=\"text-align: justify;\">Esta es, precisamente, la noci\u00f3n de desarrollo sustentable, abrazado por Chile en los diversos tratados e instrumentos internacionales ratificados por el Estado en materia medioambiental, los que han ido moldeando la legislaci\u00f3n interna a partir de la creaci\u00f3n de una institucionalidad acorde a los lineamientos adoptados por nuestro pa\u00eds.<\/p>\n<p style=\"text-align: justify;\">Y esto, pues si bien la Ley N\u00b021.305 sobre Eficiencia Energ\u00e9tica, por primera vez incorpora elementos de electromovilidad, el legislador considera que tales aspectos parecen insuficientes dada la relevancia y extensi\u00f3n de este concepto. \u201cDe acuerdo con lo indicado por el Ministerio de Energ\u00eda en el marco de esta Ley, se incluir\u00e1 una regulaci\u00f3n para promover el transporte eficiente, con \u00e9nfasis en la electromovilidad, adem\u00e1s de disponer regulaciones para la estandarizaci\u00f3n de componentes que favorezcan un desarrollo seguro de la electromovilidad, investigaci\u00f3n, difusi\u00f3n, entre otros aspectos\u201d, indic\u00f3.<\/p>\n<p style=\"text-align: justify;\">Sin perjuicio de lo anterior, recalc\u00f3 el senador Sandoval, \u201ccreemos que una pol\u00edtica p\u00fablica debe consagrar acciones que tengan por objeto el impulso a una determinada industria y en algunos aspectos, esta situaci\u00f3n no es lo suficientemente tomada en consideraci\u00f3n\u201d.<\/p>\n<p style=\"text-align: justify;\">Por lo mismo, se\u00f1al\u00f3 finalmente, lo que se promueve con este proyecto, es otorgar mayores y mejores beneficios a quienes optan por la electromovilidad, cuyas externalidades repercuten directamente en aspectos como: menor contaminaci\u00f3n, a partir de la emisi\u00f3n cero de combusti\u00f3n, medibles a trav\u00e9s de la huella de carbono personal; menor contaminaci\u00f3n sonora a partir del bajo ruido producido en sus\u00a0 desplazamientos; m\u00e1s competitiva al abaratar los insumos a partir de la competencia del mercado y de la energ\u00eda producida en nuestra pa\u00eds.<\/p>\n<\/div><\/section><\/div><div  style='height:50px' class='hr hr-invisible   avia-builder-el-6  el_after_av_one_full  el_before_av_social_share '><span class='hr-inner ' ><span class='hr-inner-style'><\/span><\/span><\/div><\/p>\n<div  class='av-social-sharing-box  avia-builder-el-7  el_after_av_hr  el_before_av_hr  '><div class='av-share-box'><h5 class='av-share-link-description av-no-toc '>Compartir esta noticia<\/h5><ul class='av-share-box-list noLightbox'><li class='av-share-link av-social-link-facebook' ><a target=\"_blank\" aria-label=\"Compartir en Facebook\" href='https:\/\/www.facebook.com\/sharer.php?u=https:\/\/radiorevelacionfm.cl\/?p=31537&#038;t=Sandoval%20llama%20a%20impulsar%20la%20electromovilidad%20en%20Chile%2C%20a%20trav%C3%A9s%20de%20planes%2C%20acciones%20y%20programas%20de%20fomento' aria-hidden='false' data-av_icon='\ue8f3' data-av_iconfont='entypo-fontello' title='' data-avia-related-tooltip='Compartir en Facebook' rel=\"noopener\"><span class='avia_hidden_link_text'>Compartir en Facebook<\/span><\/a><\/li><li class='av-share-link av-social-link-twitter' ><a target=\"_blank\" aria-label=\"Compartir en Twitter\" href='https:\/\/twitter.com\/share?text=Sandoval%20llama%20a%20impulsar%20la%20electromovilidad%20en%20Chile%2C%20a%20trav%C3%A9s%20de%20planes%2C%20acciones%20y%20programas%20de%20fomento&#038;url=https:\/\/radiorevelacionfm.cl\/?p=31537' aria-hidden='false' data-av_icon='\ue8f1' data-av_iconfont='entypo-fontello' title='' data-avia-related-tooltip='Compartir en Twitter' rel=\"noopener\"><span class='avia_hidden_link_text'>Compartir en Twitter<\/span><\/a><\/li><li class='av-share-link av-social-link-whatsapp' ><a target=\"_blank\" aria-label=\"Compartir en Whatsapp\" href='https:\/\/api.whatsapp.com\/send?text=https:\/\/radiorevelacionfm.cl\/?p=31537' aria-hidden='false' data-av_icon='\uf232' data-av_iconfont='entypo-fontello' title='' data-avia-related-tooltip='Compartir en Whatsapp' rel=\"noopener\"><span class='avia_hidden_link_text'>Compartir en Whatsapp<\/span><\/a><\/li><li class='av-share-link av-social-link-linkedin' ><a target=\"_blank\" aria-label=\"Compartir en LinkedIn\" href='https:\/\/linkedin.com\/shareArticle?mini=true&#038;title=Sandoval%20llama%20a%20impulsar%20la%20electromovilidad%20en%20Chile%2C%20a%20trav%C3%A9s%20de%20planes%2C%20acciones%20y%20programas%20de%20fomento&#038;url=https:\/\/radiorevelacionfm.cl\/?p=31537' aria-hidden='false' data-av_icon='\ue8fc' data-av_iconfont='entypo-fontello' title='' data-avia-related-tooltip='Compartir en LinkedIn' rel=\"noopener\"><span class='avia_hidden_link_text'>Compartir en LinkedIn<\/span><\/a><\/li><li class='av-share-link av-social-link-mail' ><a  aria-label=\"Compartir por correo\" href='mailto:?subject=Sandoval%20llama%20a%20impulsar%20la%20electromovilidad%20en%20Chile%2C%20a%20trav%C3%A9s%20de%20planes%2C%20acciones%20y%20programas%20de%20fomento&#038;body=https:\/\/radiorevelacionfm.cl\/?p=31537' aria-hidden='false' data-av_icon='\ue805' data-av_iconfont='entypo-fontello' title='' data-avia-related-tooltip='Compartir por correo'><span class='avia_hidden_link_text'>Compartir por correo<\/span><\/a><\/li><\/ul><\/div><\/div>\n<div  style='height:50px' class='hr hr-invisible   avia-builder-el-8  el_after_av_social_share  el_before_av_comments_list '><span class='hr-inner ' ><span class='hr-inner-style'><\/span><\/span><\/div>\n<div  class='av-buildercomment  av-blog-meta-html-info-disabled av-blog-meta-tag-disabled  '><\/div>\n","protected":false},"excerpt":{"rendered":"","protected":false},"author":1,"featured_media":31538,"comment_status":"open","ping_status":"open","sticky":false,"template":"","format":"standard","meta":{"footnotes":""},"categories":[35],"tags":[],"class_list":["post-31537","post","type-post","status-publish","format-standard","has-post-thumbnail","hentry","category-politica"],"jetpack_featured_media_url":"https:\/\/radiorevelacionfm.cl\/wp-content\/uploads\/2023\/05\/senador-sandoval-3a-1_optimized.jpg","_links":{"self":[{"href":"https:\/\/radiorevelacionfm.cl\/index.php?rest_route=\/wp\/v2\/posts\/31537","targetHints":{"allow":["GET"]}}],"collection":[{"href":"https:\/\/radiorevelacionfm.cl\/index.php?rest_route=\/wp\/v2\/posts"}],"about":[{"href":"https:\/\/radiorevelacionfm.cl\/index.php?rest_route=\/wp\/v2\/types\/post"}],"author":[{"embeddable":true,"href":"https:\/\/radiorevelacionfm.cl\/index.php?rest_route=\/wp\/v2\/users\/1"}],"replies":[{"embeddable":true,"href":"https:\/\/radiorevelacionfm.cl\/index.php?rest_route=%2Fwp%2Fv2%2Fcomments&post=31537"}],"version-history":[{"count":1,"href":"https:\/\/radiorevelacionfm.cl\/index.php?rest_route=\/wp\/v2\/posts\/31537\/revisions"}],"predecessor-version":[{"id":31539,"href":"https:\/\/radiorevelacionfm.cl\/index.php?rest_route=\/wp\/v2\/posts\/31537\/revisions\/31539"}],"wp:featuredmedia":[{"embeddable":true,"href":"https:\/\/radiorevelacionfm.cl\/index.php?rest_route=\/wp\/v2\/media\/31538"}],"wp:attachment":[{"href":"https:\/\/radiorevelacionfm.cl\/index.php?rest_route=%2Fwp%2Fv2%2Fmedia&parent=31537"}],"wp:term":[{"taxonomy":"category","embeddable":true,"href":"https:\/\/radiorevelacionfm.cl\/index.php?rest_route=%2Fwp%2Fv2%2Fcategories&post=31537"},{"taxonomy":"post_tag","embeddable":true,"href":"https:\/\/radiorevelacionfm.cl\/index.php?rest_route=%2Fwp%2Fv2%2Ftags&post=31537"}],"curies":[{"name":"wp","href":"https:\/\/api.w.org\/{rel}","templated":true}]}}