{"id":31522,"date":"2023-05-31T14:26:13","date_gmt":"2023-05-31T17:26:13","guid":{"rendered":"https:\/\/radiorevelacionfm.cl\/?p=31522"},"modified":"2023-05-31T14:26:13","modified_gmt":"2023-05-31T17:26:13","slug":"resaltan-inversion-publica-que-favorecera-el-desarrollo-productivo-y-turistico-en-sector-el-claro","status":"publish","type":"post","link":"https:\/\/radiorevelacionfm.cl\/?p=31522","title":{"rendered":"Resaltan inversi\u00f3n p\u00fablica que favorecer\u00e1 el desarrollo productivo y tur\u00edstico en sector El Claro"},"content":{"rendered":"<div class=\"flex_column av_one_full  flex_column_div av-zero-column-padding first  avia-builder-el-0  el_before_av_one_full  avia-builder-el-first  \" style='border-radius:0px; '><div  class='avia-image-container  av-styling-    avia-builder-el-1  avia-builder-el-no-sibling  avia-align-center '  itemprop=\"image\" itemscope=\"itemscope\" itemtype=\"https:\/\/schema.org\/ImageObject\"  ><div class='avia-image-container-inner'><div class='avia-image-overlay-wrap'><img decoding=\"async\" class='wp-image-31524 avia-img-lazy-loading-not-31524 avia_image' src=\"https:\/\/radiorevelacionfm.cl\/wp-content\/uploads\/2023\/05\/img_7451-1_optimized.jpg\" alt='' title='img_7451-(1)_optimized' height=\"600\" width=\"1000\"  itemprop=\"thumbnailUrl\" srcset=\"https:\/\/radiorevelacionfm.cl\/wp-content\/uploads\/2023\/05\/img_7451-1_optimized.jpg 1000w, https:\/\/radiorevelacionfm.cl\/wp-content\/uploads\/2023\/05\/img_7451-1_optimized-300x180.jpg 300w, https:\/\/radiorevelacionfm.cl\/wp-content\/uploads\/2023\/05\/img_7451-1_optimized-768x461.jpg 768w, https:\/\/radiorevelacionfm.cl\/wp-content\/uploads\/2023\/05\/img_7451-1_optimized-705x423.jpg 705w, https:\/\/radiorevelacionfm.cl\/wp-content\/uploads\/2023\/05\/img_7451-1_optimized-450x270.jpg 450w, https:\/\/radiorevelacionfm.cl\/wp-content\/uploads\/2023\/05\/img_7451-1_optimized-600x360.jpg 600w\" sizes=\"(max-width: 1000px) 100vw, 1000px\" \/><\/div><\/div><\/div><\/div><div class=\"flex_column av_one_full  flex_column_div av-zero-column-padding first  avia-builder-el-2  el_after_av_one_full  el_before_av_one_full  column-top-margin\" style='border-radius:0px; '><section class=\"av_textblock_section \"  itemscope=\"itemscope\" itemtype=\"https:\/\/schema.org\/BlogPosting\" itemprop=\"blogPost\" ><div class='avia_textblock  '   itemprop=\"text\" ><p style=\"text-align: center;\"><strong><span style=\"font-size: 18pt;\">Resaltan inversi\u00f3n p\u00fablica que favorecer\u00e1 el desarrollo productivo y tur\u00edstico en sector El Claro<\/span><\/strong><\/p>\n<div id=\"gtx-trans\" style=\"position: absolute; left: -50px; top: 4.31534px;\">\n<div class=\"gtx-trans-icon\"><\/div>\n<\/div>\n<\/div><\/section><\/div><div class=\"flex_column av_one_full  flex_column_div av-zero-column-padding first  avia-builder-el-4  el_after_av_one_full  el_before_av_hr  column-top-margin\" style='border-radius:0px; '><section class=\"av_textblock_section \"  itemscope=\"itemscope\" itemtype=\"https:\/\/schema.org\/BlogPosting\" itemprop=\"blogPost\" ><div class='avia_textblock  '   itemprop=\"text\" ><p style=\"font-weight: 400; text-align: justify;\">En una asamblea con m\u00e1s de 60 integrantes de la junta vecinal del sector El Claro, el Delegado Presidencial Regional, Rodrigo Araya, acompa\u00f1ado por el director regional de Vialidad, Renzo Sanders, abord\u00f3 el conjunto de inversiones p\u00fablicas focalizadas en ese sector tradicional y en expansi\u00f3n poblacional de la comuna de Coyhaique.<\/p>\n<p style=\"font-weight: 400; text-align: justify;\">Se trata de iniciativas orientadas a mejorar las condiciones de vida, favorecer el desarrollo productivo y tur\u00edstico en un circuito con historia y proyecci\u00f3n de crecimiento, junto con promover la generaci\u00f3n de empleo a nivel local.<\/p>\n<p style=\"font-weight: 400; text-align: justify;\">Entre ellas, la pavimentaci\u00f3n de diez kil\u00f3metros desde el sector Claro hacia Lago Atravesado y tres kil\u00f3metros desde el puente Oses hacia la Reserva Huemules, ambas obras ya licitadas, mientras el segundo semestre se licitar\u00e1 la pavimentaci\u00f3n de tres kil\u00f3metros m\u00e1s, desde el puente Oses hacia pasarela Pinuer.<\/p>\n<p style=\"font-weight: 400; text-align: justify;\">A ello se suma el actual proceso de participaci\u00f3n ciudadana para el dise\u00f1o del puente Pinuer, el an\u00e1lisis de carga vehicular del puente Piedra del Indio y la ampliaci\u00f3n del sistema sanitario rural que, hasta ahora abastece a 350 familias del sector.<\/p>\n<p style=\"font-weight: 400; text-align: justify;\">\u201cAbordamos el tema de la pavimentaci\u00f3n hacia Lago Atravesado, con la tercera licitaci\u00f3n realizada el 25 de mayo; tambi\u00e9n hablamos del puente Piedra del Indio, donde se ha comprometido la Municipalidad, Vialidad y Gobierno Regional, para evaluar ese puente y determinar si soporta o no carga vehicular; se suma la pavimentaci\u00f3n desde el Puente Oses hacia la Reserva Huemules, con tres kil\u00f3metros; ya inici\u00f3 la participaci\u00f3n ciudadana en el dise\u00f1o del puente Pinuer y la licitaci\u00f3n \u2013a fines del semestre que viene- de los otros tres kil\u00f3metros desde el puente Oses hacia la pasarela Pinuer. Estamos viendo que hay una gran inversi\u00f3n que se est\u00e1 haciendo para mejorar la calidad de vida de los habitantes\u201d, se\u00f1al\u00f3.<\/p>\n<p style=\"font-weight: 400; text-align: justify;\">Tras la asamblea, el presidente de la junta vecinal n\u00famero 19 El Claro, Hern\u00e1n Mera, valor\u00f3 la relevancia de las obras, de relevancia para la comunidad del sector como tambi\u00e9n para visitantes.<\/p>\n<p style=\"font-weight: 400; text-align: justify;\">\u201cTuvimos la oportunidad, como comunidad, de conocer de sus propias palabras el avance de significativos proyectos y anhelos de nuestra comunidad puentes, pavimentos y otras situaciones m\u00e1s que la comunidad espera conocer de las palabras de nuestras autoridades. Fue una muy buena reuni\u00f3n, los vecinos consultaron muchas otras situaciones relacionadas con estas grandes inversiones que tenemos en El Claro y hoy estamos muy esperanzados en que lleguen a concluir, en algunas estamos a pocos pasos, en otras m\u00e1s lejos, por lo tanto, estamos absolutamente conformes con lo que se logr\u00f3 hoy d\u00eda aqu\u00ed con el Delegado, los compromisos y la informaci\u00f3n que nos entreg\u00f3\u201d, coment\u00f3 el dirigente.<\/p>\n<p style=\"font-weight: 400; text-align: justify;\">Por su parte, Iv\u00e1n Ferrada, presidente del Servicio Sanitario Rural R\u00edo Claro coincidi\u00f3 en valorar la informaci\u00f3n entregada en la instancia.<\/p>\n<p style=\"font-weight: 400; text-align: justify;\">\u201cTodos sabemos que este sector de R\u00edo Claro tiene un crecimiento exponencial, ha llegado mucha gente, somos muchos habitantes, por lo tanto, esto tiene un crecimiento enorme, as\u00ed es que estamos muy agradecidos de ello y de la franqueza con que nos han explicado sobre los puentes y todos los temas\u201d, concluy\u00f3.<\/p>\n<p style=\"font-weight: 400; text-align: justify;\">Solo en el caso de la pavimentaci\u00f3n desde el Puente Oses hacia la Reserva Huemules, la inversi\u00f3n supera los 2.500 millones de pesos, con plazo de ejecuci\u00f3n de 540 d\u00edas.<\/p>\n<\/div><\/section><\/div><div  style='height:50px' class='hr hr-invisible   avia-builder-el-6  el_after_av_one_full  el_before_av_social_share '><span class='hr-inner ' ><span class='hr-inner-style'><\/span><\/span><\/div><\/p>\n<div  class='av-social-sharing-box  avia-builder-el-7  el_after_av_hr  el_before_av_hr  '><div class='av-share-box'><h5 class='av-share-link-description av-no-toc '>Compartir esta noticia<\/h5><ul class='av-share-box-list noLightbox'><li class='av-share-link av-social-link-facebook' ><a target=\"_blank\" aria-label=\"Compartir en Facebook\" href='https:\/\/www.facebook.com\/sharer.php?u=https:\/\/radiorevelacionfm.cl\/?p=31522&#038;t=Resaltan%20inversi%C3%B3n%20p%C3%BAblica%20que%20favorecer%C3%A1%20el%20desarrollo%20productivo%20y%20tur%C3%ADstico%20en%20sector%20El%20Claro' aria-hidden='false' data-av_icon='\ue8f3' data-av_iconfont='entypo-fontello' title='' data-avia-related-tooltip='Compartir en Facebook' rel=\"noopener\"><span class='avia_hidden_link_text'>Compartir en Facebook<\/span><\/a><\/li><li class='av-share-link av-social-link-twitter' ><a target=\"_blank\" aria-label=\"Compartir en Twitter\" href='https:\/\/twitter.com\/share?text=Resaltan%20inversi%C3%B3n%20p%C3%BAblica%20que%20favorecer%C3%A1%20el%20desarrollo%20productivo%20y%20tur%C3%ADstico%20en%20sector%20El%20Claro&#038;url=https:\/\/radiorevelacionfm.cl\/?p=31522' aria-hidden='false' data-av_icon='\ue8f1' data-av_iconfont='entypo-fontello' title='' data-avia-related-tooltip='Compartir en Twitter' rel=\"noopener\"><span class='avia_hidden_link_text'>Compartir en Twitter<\/span><\/a><\/li><li class='av-share-link av-social-link-whatsapp' ><a target=\"_blank\" aria-label=\"Compartir en Whatsapp\" href='https:\/\/api.whatsapp.com\/send?text=https:\/\/radiorevelacionfm.cl\/?p=31522' aria-hidden='false' data-av_icon='\uf232' data-av_iconfont='entypo-fontello' title='' data-avia-related-tooltip='Compartir en Whatsapp' rel=\"noopener\"><span class='avia_hidden_link_text'>Compartir en Whatsapp<\/span><\/a><\/li><li class='av-share-link av-social-link-linkedin' ><a target=\"_blank\" aria-label=\"Compartir en LinkedIn\" href='https:\/\/linkedin.com\/shareArticle?mini=true&#038;title=Resaltan%20inversi%C3%B3n%20p%C3%BAblica%20que%20favorecer%C3%A1%20el%20desarrollo%20productivo%20y%20tur%C3%ADstico%20en%20sector%20El%20Claro&#038;url=https:\/\/radiorevelacionfm.cl\/?p=31522' aria-hidden='false' data-av_icon='\ue8fc' data-av_iconfont='entypo-fontello' title='' data-avia-related-tooltip='Compartir en LinkedIn' rel=\"noopener\"><span class='avia_hidden_link_text'>Compartir en LinkedIn<\/span><\/a><\/li><li class='av-share-link av-social-link-mail' ><a  aria-label=\"Compartir por correo\" href='mailto:?subject=Resaltan%20inversi%C3%B3n%20p%C3%BAblica%20que%20favorecer%C3%A1%20el%20desarrollo%20productivo%20y%20tur%C3%ADstico%20en%20sector%20El%20Claro&#038;body=https:\/\/radiorevelacionfm.cl\/?p=31522' aria-hidden='false' data-av_icon='\ue805' data-av_iconfont='entypo-fontello' title='' data-avia-related-tooltip='Compartir por correo'><span class='avia_hidden_link_text'>Compartir por correo<\/span><\/a><\/li><\/ul><\/div><\/div>\n<div  style='height:50px' class='hr hr-invisible   avia-builder-el-8  el_after_av_social_share  el_before_av_comments_list '><span class='hr-inner ' ><span class='hr-inner-style'><\/span><\/span><\/div>\n<div  class='av-buildercomment  av-blog-meta-html-info-disabled av-blog-meta-tag-disabled  '><\/div>\n","protected":false},"excerpt":{"rendered":"","protected":false},"author":1,"featured_media":31524,"comment_status":"open","ping_status":"open","sticky":false,"template":"","format":"standard","meta":{"footnotes":""},"categories":[38],"tags":[],"class_list":["post-31522","post","type-post","status-publish","format-standard","has-post-thumbnail","hentry","category-regional"],"jetpack_featured_media_url":"https:\/\/radiorevelacionfm.cl\/wp-content\/uploads\/2023\/05\/img_7451-1_optimized.jpg","_links":{"self":[{"href":"https:\/\/radiorevelacionfm.cl\/index.php?rest_route=\/wp\/v2\/posts\/31522","targetHints":{"allow":["GET"]}}],"collection":[{"href":"https:\/\/radiorevelacionfm.cl\/index.php?rest_route=\/wp\/v2\/posts"}],"about":[{"href":"https:\/\/radiorevelacionfm.cl\/index.php?rest_route=\/wp\/v2\/types\/post"}],"author":[{"embeddable":true,"href":"https:\/\/radiorevelacionfm.cl\/index.php?rest_route=\/wp\/v2\/users\/1"}],"replies":[{"embeddable":true,"href":"https:\/\/radiorevelacionfm.cl\/index.php?rest_route=%2Fwp%2Fv2%2Fcomments&post=31522"}],"version-history":[{"count":1,"href":"https:\/\/radiorevelacionfm.cl\/index.php?rest_route=\/wp\/v2\/posts\/31522\/revisions"}],"predecessor-version":[{"id":31525,"href":"https:\/\/radiorevelacionfm.cl\/index.php?rest_route=\/wp\/v2\/posts\/31522\/revisions\/31525"}],"wp:featuredmedia":[{"embeddable":true,"href":"https:\/\/radiorevelacionfm.cl\/index.php?rest_route=\/wp\/v2\/media\/31524"}],"wp:attachment":[{"href":"https:\/\/radiorevelacionfm.cl\/index.php?rest_route=%2Fwp%2Fv2%2Fmedia&parent=31522"}],"wp:term":[{"taxonomy":"category","embeddable":true,"href":"https:\/\/radiorevelacionfm.cl\/index.php?rest_route=%2Fwp%2Fv2%2Fcategories&post=31522"},{"taxonomy":"post_tag","embeddable":true,"href":"https:\/\/radiorevelacionfm.cl\/index.php?rest_route=%2Fwp%2Fv2%2Ftags&post=31522"}],"curies":[{"name":"wp","href":"https:\/\/api.w.org\/{rel}","templated":true}]}}