{"id":31518,"date":"2023-05-31T11:57:28","date_gmt":"2023-05-31T14:57:28","guid":{"rendered":"https:\/\/radiorevelacionfm.cl\/?p=31518"},"modified":"2023-05-31T11:57:28","modified_gmt":"2023-05-31T14:57:28","slug":"sernatur-expone-barometro-con-temporada-turistica-2023-y-proyecta-recuperacion-de-forma-gradual","status":"publish","type":"post","link":"https:\/\/radiorevelacionfm.cl\/?p=31518","title":{"rendered":"Sernatur expone bar\u00f3metro con temporada tur\u00edstica 2023 y proyecta recuperaci\u00f3n de forma gradual"},"content":{"rendered":"<div class=\"flex_column av_one_full  flex_column_div av-zero-column-padding first  avia-builder-el-0  el_before_av_one_full  avia-builder-el-first  \" style='border-radius:0px; '><div  class='avia-image-container  av-styling-    avia-builder-el-1  avia-builder-el-no-sibling  avia-align-center '  itemprop=\"image\" itemscope=\"itemscope\" itemtype=\"https:\/\/schema.org\/ImageObject\"  ><div class='avia-image-container-inner'><div class='avia-image-overlay-wrap'><img decoding=\"async\" class='wp-image-31519 avia-img-lazy-loading-not-31519 avia_image' src=\"https:\/\/radiorevelacionfm.cl\/wp-content\/uploads\/2023\/05\/barometro4-1_optimized.jpeg\" alt='' title='barometro4-(1)_optimized' height=\"600\" width=\"961\"  itemprop=\"thumbnailUrl\" srcset=\"https:\/\/radiorevelacionfm.cl\/wp-content\/uploads\/2023\/05\/barometro4-1_optimized.jpeg 961w, https:\/\/radiorevelacionfm.cl\/wp-content\/uploads\/2023\/05\/barometro4-1_optimized-300x187.jpeg 300w, https:\/\/radiorevelacionfm.cl\/wp-content\/uploads\/2023\/05\/barometro4-1_optimized-768x480.jpeg 768w, https:\/\/radiorevelacionfm.cl\/wp-content\/uploads\/2023\/05\/barometro4-1_optimized-705x440.jpeg 705w, https:\/\/radiorevelacionfm.cl\/wp-content\/uploads\/2023\/05\/barometro4-1_optimized-450x281.jpeg 450w, https:\/\/radiorevelacionfm.cl\/wp-content\/uploads\/2023\/05\/barometro4-1_optimized-600x375.jpeg 600w\" sizes=\"(max-width: 961px) 100vw, 961px\" \/><\/div><\/div><\/div><\/div><div class=\"flex_column av_one_full  flex_column_div av-zero-column-padding first  avia-builder-el-2  el_after_av_one_full  el_before_av_one_full  column-top-margin\" style='border-radius:0px; '><section class=\"av_textblock_section \"  itemscope=\"itemscope\" itemtype=\"https:\/\/schema.org\/BlogPosting\" itemprop=\"blogPost\" ><div class='avia_textblock  '   itemprop=\"text\" ><p style=\"text-align: center;\"><span style=\"font-size: 18pt;\"><strong>Sernatur expone bar\u00f3metro con temporada tur\u00edstica 2023 y proyecta recuperaci\u00f3n de forma gradual<\/strong><\/span><\/p>\n<div id=\"gtx-trans\" style=\"position: absolute; left: -50px; top: 4.31534px;\">\n<div class=\"gtx-trans-icon\"><\/div>\n<\/div>\n<\/div><\/section><\/div><div class=\"flex_column av_one_full  flex_column_div av-zero-column-padding first  avia-builder-el-4  el_after_av_one_full  el_before_av_hr  column-top-margin\" style='border-radius:0px; '><section class=\"av_textblock_section \"  itemscope=\"itemscope\" itemtype=\"https:\/\/schema.org\/BlogPosting\" itemprop=\"blogPost\" ><div class='avia_textblock  '   itemprop=\"text\" ><p style=\"text-align: justify;\">\u201cBar\u00f3metro de temporada tur\u00edstica 2023\u201d es el que\u00a0\u00a0 dio a conocer el equipo de Gesti\u00f3n del Destino Ays\u00e9n Patagonia de Sernatur acompa\u00f1ados del Seremi de Econom\u00eda, Fomento y Turismo Felipe Rojas a los distintos gremios del turismo de la regi\u00f3n, quienes participaron de forma presencial y online. Entre los objetivos, se logr\u00f3 dar cumplimiento a uno de los requerimientos del sector, para que permita analizar cuantitativamente los comportamientos de los turistas nacionales y extranjeros y de esa forma trabajar en las distintas estrategias que aporten en un aumento de visitantes a la regi\u00f3n.<\/p>\n<p style=\"text-align: justify;\">Al respecto Sandra Navarro directora (S) de Sernatur coment\u00f3 sobre la importancia de esta herramienta \u201cEste bar\u00f3metro, que ya est\u00e1 disponible en nuestra web es muy potente ya que ayuda a comprender los flujos y comportamientos de pasajeros en torno al turismo y plantearnos los desaf\u00edos futuros. En esta reuni\u00f3n los gremios del turismo manifestaron sus aprehensiones y tambi\u00e9n propuestas para seguir fortaleciendo al sector que es muy relevante en el desarrollo regional\u201d.<\/p>\n<p style=\"text-align: justify;\"><strong>Tras cifras: \u201cobservamos un panorama alentador\u201d<\/strong><\/p>\n<p style=\"text-align: justify;\">Es as\u00ed que tras meses de recopilaci\u00f3n de datos, se evidenci\u00f3 que la temporada alta 2023 que se inici\u00f3 en diciembre 2022 a febrero pasado, tuvo un ingreso de 93.529\u00a0 pasajeros por el Aer\u00f3dromo Balmaceda lo que se traduce en un 12,7% por debajo a la temporada alta del a\u00f1o anterior. Esta disminuci\u00f3n de llegadas por v\u00eda a\u00e9rea, se estima que la disminuci\u00f3n de vuelos pudo ser uno de los principales factores que afectaron los flujos de pasajeros.<\/p>\n<p style=\"text-align: justify;\">Hay que se\u00f1alar que entre los factores que incidieron positivamente fueron las rutas de acceso terrestres\/bimodales y la apertura los Pasos Fronterizos Terrestres. Tambi\u00e9n se considera la llegada de pasajeros a establecimientos de alojamientos tur\u00edsticos, que seg\u00fan la medici\u00f3n realizada por la Encuesta Mensual de Alojamiento Tur\u00edstico -EMAT elaborada por el INE-\u00a0 indica que los pasajeros superaron las 73 mil llegadas, superando en 7,9% la temporada alta anterior, aunque esta cifra se encuentra a\u00fan 29% por debajo de las cifras pre-pandemia.<\/p>\n<p style=\"text-align: justify;\">Sobre este punto, Sandra Navarro agreg\u00f3 que \u201cVemos como Sernatur Ays\u00e9n un panorama alentador ya que el proceso de recuperaci\u00f3n de flujos de turistas va en paulatino aumento desde la perspectiva regional y nacional, pero definitivamente requerir\u00e1 al menos una temporada alta de turismo extra para la esperada estabilizaci\u00f3n, por lo que es muy relevante continuar con el trabajo que llevamos programando en cuanto a ferias, eventos, potenciar el destino Ays\u00e9n Patagonia, fortalecer con talleres al sector turismo e insistir en la relevancia de formalizar los servicios de prestaci\u00f3n tur\u00edstica en alojamientos y turismo aventura\u201d.<\/p>\n<p style=\"text-align: justify;\">El bar\u00f3metro tambi\u00e9n observ\u00f3 el comportamiento del turista nacional en relaci\u00f3n al destino Ays\u00e9n Patagonia, en donde hubo preferencia por destinos internacionales. De todas maneras, la apertura de fronteras facilit\u00f3 la llegada de turistas extranjeros (turismo receptivo), aparentemente equilibr\u00f3 la disminuci\u00f3n de flujos tur\u00edsticos nacionales para esta temporada. En relaci\u00f3n al origen de los extranjeros, se mantiene Argentina y Brasil como mercado relevantes de Sudam\u00e9rica; Estados Unidos desde Norteam\u00e9rica y; desde los Pa\u00edses Europeos\u00a0 destacaron: Francia, Alemania, Pa\u00edses Bajos, B\u00e9lgica, Suiza, Espa\u00f1a, Italia, entre otros.<\/p>\n<p style=\"text-align: justify;\">Las cifras expuestas en esta publicaci\u00f3n se pueden revisar en detalle en <a href=\"https:\/\/aysenpatagonia.cl\/estadisticas\">https:\/\/aysenpatagonia.cl\/estadisticas<\/a> y fueron recopiladas con datos disponibles en los sitios web de la Subsecretaria de Turismo, Junta Aeron\u00e1utica Civil, \u00a0INE y a trav\u00e9s de la Direcci\u00f3n Regional de Conaf se obtuvo los datos de registros de visitas a \u00c1reas Silvestres Protegidas del Estado (ASPE).<\/p>\n<\/div><\/section><\/div><div  style='height:50px' class='hr hr-invisible   avia-builder-el-6  el_after_av_one_full  el_before_av_social_share '><span class='hr-inner ' ><span class='hr-inner-style'><\/span><\/span><\/div><\/p>\n<div  class='av-social-sharing-box  avia-builder-el-7  el_after_av_hr  el_before_av_hr  '><div class='av-share-box'><h5 class='av-share-link-description av-no-toc '>Compartir esta noticia<\/h5><ul class='av-share-box-list noLightbox'><li class='av-share-link av-social-link-facebook' ><a target=\"_blank\" aria-label=\"Compartir en Facebook\" href='https:\/\/www.facebook.com\/sharer.php?u=https:\/\/radiorevelacionfm.cl\/?p=31518&#038;t=Sernatur%20expone%20bar%C3%B3metro%20con%20temporada%20tur%C3%ADstica%202023%20y%20proyecta%20recuperaci%C3%B3n%20de%20forma%20gradual' aria-hidden='false' data-av_icon='\ue8f3' data-av_iconfont='entypo-fontello' title='' data-avia-related-tooltip='Compartir en Facebook' rel=\"noopener\"><span class='avia_hidden_link_text'>Compartir en Facebook<\/span><\/a><\/li><li class='av-share-link av-social-link-twitter' ><a target=\"_blank\" aria-label=\"Compartir en Twitter\" href='https:\/\/twitter.com\/share?text=Sernatur%20expone%20bar%C3%B3metro%20con%20temporada%20tur%C3%ADstica%202023%20y%20proyecta%20recuperaci%C3%B3n%20de%20forma%20gradual&#038;url=https:\/\/radiorevelacionfm.cl\/?p=31518' aria-hidden='false' data-av_icon='\ue8f1' data-av_iconfont='entypo-fontello' title='' data-avia-related-tooltip='Compartir en Twitter' rel=\"noopener\"><span class='avia_hidden_link_text'>Compartir en Twitter<\/span><\/a><\/li><li class='av-share-link av-social-link-whatsapp' ><a target=\"_blank\" aria-label=\"Compartir en Whatsapp\" href='https:\/\/api.whatsapp.com\/send?text=https:\/\/radiorevelacionfm.cl\/?p=31518' aria-hidden='false' data-av_icon='\uf232' data-av_iconfont='entypo-fontello' title='' data-avia-related-tooltip='Compartir en Whatsapp' rel=\"noopener\"><span class='avia_hidden_link_text'>Compartir en Whatsapp<\/span><\/a><\/li><li class='av-share-link av-social-link-linkedin' ><a target=\"_blank\" aria-label=\"Compartir en LinkedIn\" href='https:\/\/linkedin.com\/shareArticle?mini=true&#038;title=Sernatur%20expone%20bar%C3%B3metro%20con%20temporada%20tur%C3%ADstica%202023%20y%20proyecta%20recuperaci%C3%B3n%20de%20forma%20gradual&#038;url=https:\/\/radiorevelacionfm.cl\/?p=31518' aria-hidden='false' data-av_icon='\ue8fc' data-av_iconfont='entypo-fontello' title='' data-avia-related-tooltip='Compartir en LinkedIn' rel=\"noopener\"><span class='avia_hidden_link_text'>Compartir en LinkedIn<\/span><\/a><\/li><li class='av-share-link av-social-link-mail' ><a  aria-label=\"Compartir por correo\" href='mailto:?subject=Sernatur%20expone%20bar%C3%B3metro%20con%20temporada%20tur%C3%ADstica%202023%20y%20proyecta%20recuperaci%C3%B3n%20de%20forma%20gradual&#038;body=https:\/\/radiorevelacionfm.cl\/?p=31518' aria-hidden='false' data-av_icon='\ue805' data-av_iconfont='entypo-fontello' title='' data-avia-related-tooltip='Compartir por correo'><span class='avia_hidden_link_text'>Compartir por correo<\/span><\/a><\/li><\/ul><\/div><\/div>\n<div  style='height:50px' class='hr hr-invisible   avia-builder-el-8  el_after_av_social_share  el_before_av_comments_list '><span class='hr-inner ' ><span class='hr-inner-style'><\/span><\/span><\/div>\n<div  class='av-buildercomment  av-blog-meta-html-info-disabled av-blog-meta-tag-disabled  '><\/div>\n","protected":false},"excerpt":{"rendered":"","protected":false},"author":1,"featured_media":31519,"comment_status":"open","ping_status":"open","sticky":false,"template":"","format":"standard","meta":{"footnotes":""},"categories":[54],"tags":[],"class_list":["post-31518","post","type-post","status-publish","format-standard","has-post-thumbnail","hentry","category-turismo"],"jetpack_featured_media_url":"https:\/\/radiorevelacionfm.cl\/wp-content\/uploads\/2023\/05\/barometro4-1_optimized.jpeg","_links":{"self":[{"href":"https:\/\/radiorevelacionfm.cl\/index.php?rest_route=\/wp\/v2\/posts\/31518","targetHints":{"allow":["GET"]}}],"collection":[{"href":"https:\/\/radiorevelacionfm.cl\/index.php?rest_route=\/wp\/v2\/posts"}],"about":[{"href":"https:\/\/radiorevelacionfm.cl\/index.php?rest_route=\/wp\/v2\/types\/post"}],"author":[{"embeddable":true,"href":"https:\/\/radiorevelacionfm.cl\/index.php?rest_route=\/wp\/v2\/users\/1"}],"replies":[{"embeddable":true,"href":"https:\/\/radiorevelacionfm.cl\/index.php?rest_route=%2Fwp%2Fv2%2Fcomments&post=31518"}],"version-history":[{"count":1,"href":"https:\/\/radiorevelacionfm.cl\/index.php?rest_route=\/wp\/v2\/posts\/31518\/revisions"}],"predecessor-version":[{"id":31520,"href":"https:\/\/radiorevelacionfm.cl\/index.php?rest_route=\/wp\/v2\/posts\/31518\/revisions\/31520"}],"wp:featuredmedia":[{"embeddable":true,"href":"https:\/\/radiorevelacionfm.cl\/index.php?rest_route=\/wp\/v2\/media\/31519"}],"wp:attachment":[{"href":"https:\/\/radiorevelacionfm.cl\/index.php?rest_route=%2Fwp%2Fv2%2Fmedia&parent=31518"}],"wp:term":[{"taxonomy":"category","embeddable":true,"href":"https:\/\/radiorevelacionfm.cl\/index.php?rest_route=%2Fwp%2Fv2%2Fcategories&post=31518"},{"taxonomy":"post_tag","embeddable":true,"href":"https:\/\/radiorevelacionfm.cl\/index.php?rest_route=%2Fwp%2Fv2%2Ftags&post=31518"}],"curies":[{"name":"wp","href":"https:\/\/api.w.org\/{rel}","templated":true}]}}