{"id":31513,"date":"2023-05-31T11:32:45","date_gmt":"2023-05-31T14:32:45","guid":{"rendered":"https:\/\/radiorevelacionfm.cl\/?p=31513"},"modified":"2023-05-31T11:32:45","modified_gmt":"2023-05-31T14:32:45","slug":"concejo-aprueba-transferencia-de-9-millones-para-planta-electrica-de-melinka","status":"publish","type":"post","link":"https:\/\/radiorevelacionfm.cl\/?p=31513","title":{"rendered":"Concejo aprueba transferencia de 9 millones para planta el\u00e9ctrica de Melinka"},"content":{"rendered":"<div class=\"flex_column av_one_full  flex_column_div av-zero-column-padding first  avia-builder-el-0  el_before_av_one_full  avia-builder-el-first  \" style='border-radius:0px; '><div  class='avia-image-container  av-styling-    avia-builder-el-1  avia-builder-el-no-sibling  avia-align-center '  itemprop=\"image\" itemscope=\"itemscope\" itemtype=\"https:\/\/schema.org\/ImageObject\"  ><div class='avia-image-container-inner'><div class='avia-image-overlay-wrap'><img decoding=\"async\" class='wp-image-31514 avia-img-lazy-loading-not-31514 avia_image' src=\"https:\/\/radiorevelacionfm.cl\/wp-content\/uploads\/2023\/05\/PLANTA-MELINKA-1-1.jpg\" alt='' title='PLANTA MELINKA (1) (1)' height=\"600\" width=\"800\"  itemprop=\"thumbnailUrl\" srcset=\"https:\/\/radiorevelacionfm.cl\/wp-content\/uploads\/2023\/05\/PLANTA-MELINKA-1-1.jpg 800w, https:\/\/radiorevelacionfm.cl\/wp-content\/uploads\/2023\/05\/PLANTA-MELINKA-1-1-300x225.jpg 300w, https:\/\/radiorevelacionfm.cl\/wp-content\/uploads\/2023\/05\/PLANTA-MELINKA-1-1-768x576.jpg 768w, https:\/\/radiorevelacionfm.cl\/wp-content\/uploads\/2023\/05\/PLANTA-MELINKA-1-1-705x529.jpg 705w, https:\/\/radiorevelacionfm.cl\/wp-content\/uploads\/2023\/05\/PLANTA-MELINKA-1-1-450x338.jpg 450w, https:\/\/radiorevelacionfm.cl\/wp-content\/uploads\/2023\/05\/PLANTA-MELINKA-1-1-600x450.jpg 600w\" sizes=\"(max-width: 800px) 100vw, 800px\" \/><\/div><\/div><\/div><\/div>\n<div class=\"flex_column av_one_full  flex_column_div av-zero-column-padding first  avia-builder-el-2  el_after_av_one_full  el_before_av_one_full  column-top-margin\" style='border-radius:0px; '><section class=\"av_textblock_section \"  itemscope=\"itemscope\" itemtype=\"https:\/\/schema.org\/BlogPosting\" itemprop=\"blogPost\" ><div class='avia_textblock  '   itemprop=\"text\" ><p style=\"text-align: center;\"><strong><span style=\"font-size: 18pt;\">Concejo aprueba transferencia de 9 millones para planta el\u00e9ctrica de Melinka<\/span><\/strong><\/p>\n<div id=\"gtx-trans\" style=\"position: absolute; left: -50px; top: 4.31534px;\">\n<div class=\"gtx-trans-icon\"><\/div>\n<\/div>\n<\/div><\/section><\/div><div class=\"flex_column av_one_full  flex_column_div av-zero-column-padding first  avia-builder-el-4  el_after_av_one_full  el_before_av_hr  column-top-margin\" style='border-radius:0px; '><section class=\"av_textblock_section \"  itemscope=\"itemscope\" itemtype=\"https:\/\/schema.org\/BlogPosting\" itemprop=\"blogPost\" ><div class='avia_textblock  '   itemprop=\"text\" ><p style=\"text-align: justify;\">El Concejo Municipal de Guaitecas aprob\u00f3 transferir 9 millones de pesos a la planta el\u00e9ctrica de Melinka e inyectar algo de liquidez al sistema, mientras se sigue a la espera de pr\u00e1cticamente la mitad del subsidio el\u00e9ctrico 2023 de la comuna.<\/p>\n<p style=\"text-align: justify;\">El aporte municipal permitir\u00e1 mantener el sistema funcionando por algunos d\u00edas, sin que ello signifique que los cortes programados en el suministro suspendan, por lo que se seguir\u00e1n haciendo efectivos desde las 1:30 a la 6:30 de la madrugada.<\/p>\n<p style=\"text-align: justify;\">Rub\u00e9n Mart\u00edn, administrador de la Municipalidad de Guaitecas, dijo que estos recursos servir\u00e1n mientras se sigue tramitando y gestionando acelerar el pago de m\u00e1s de 300 millones de pesos que debe arribar a la comuna como remesa del subsidio el\u00e9ctrico 2023, que permitir\u00e1 adquirir combustible y prestar nuevamente un servicio continuo a la comunidad.<\/p>\n<p style=\"text-align: justify;\">En relaci\u00f3n a la transferencia aprobada por el Concejo Municipal de Guaitecas, Rub\u00e9n Martin a\u00f1adi\u00f3 que el alcalde Marcos Silva propuso disponer recursos mientras se resuelve el pago de remanente del subsidio.<\/p>\n<p style=\"text-align: justify;\">\u201cHemos tenido unidad en el Concejo Municipal y ellos est\u00e1n preocupados por esta situaci\u00f3n y hoy d\u00eda, por unanimidad, se aprob\u00f3 el traspaso de recursos a la planta, que son 9 millones de pesos, que no es tanto, pero que para la municipalidad es significativo y que se van a transferir a la planta para poder mantener esta subsistencia esperando poder recibir el subsidio lo antes posible\u201d.<\/p>\n<p style=\"text-align: justify;\">Por otro lado, el administrador municipal de Guaitecas se\u00f1al\u00f3 que el alcalde Marcos Silva est\u00e1 desarrollando gestiones a diversos niveles para acelerar el pago del subsidio, que, si bien lo aporta el Gobierno Regional, debe ser visado por el Ministerio de Energ\u00eda.<\/p>\n<p style=\"text-align: justify;\">\u201cTambi\u00e9n a nivel, central, el alcalde Macos Silva ha gestionado con el Ministerio de Energ\u00eda que sus profesionales, una vez que reciban la documentaci\u00f3n desde el Gobierno Regional, puedan en un muy corto plazo pronunciarse y resolver esto para que los recursos sean transferidos a la planta el\u00e9ctrica, pues mientras no tengamos estos recursos debemos mantener la decisi\u00f3n de los cortes que ha tomado la planta el\u00e9ctrica, que nos gustar\u00eda que fuese distinto, pero estamos haciendo todas las gestiones para poder resolver esto lo antes posibles\u201d, indic\u00f3.<\/p>\n<p style=\"text-align: justify;\">El traspaso de los 9 millones de pesos desde el municipio a la planta el\u00e9ctrica de Guaitecas se aprob\u00f3 en una sesi\u00f3n extraordinaria de Concejo Municipal realizada este martes en Melinka.<\/p>\n<\/div><\/section><\/div><\/p>\n<div  style='height:50px' class='hr hr-invisible   avia-builder-el-6  el_after_av_one_full  el_before_av_social_share '><span class='hr-inner ' ><span class='hr-inner-style'><\/span><\/span><\/div>\n<div  class='av-social-sharing-box  avia-builder-el-7  el_after_av_hr  el_before_av_hr  '><div class='av-share-box'><h5 class='av-share-link-description av-no-toc '>Compartir esta noticia<\/h5><ul class='av-share-box-list noLightbox'><li class='av-share-link av-social-link-facebook' ><a target=\"_blank\" aria-label=\"Compartir en Facebook\" href='https:\/\/www.facebook.com\/sharer.php?u=https:\/\/radiorevelacionfm.cl\/?p=31513&#038;t=Concejo%20aprueba%20transferencia%20de%209%20millones%20para%20planta%20el%C3%A9ctrica%20de%20Melinka' aria-hidden='false' data-av_icon='\ue8f3' data-av_iconfont='entypo-fontello' title='' data-avia-related-tooltip='Compartir en Facebook' rel=\"noopener\"><span class='avia_hidden_link_text'>Compartir en Facebook<\/span><\/a><\/li><li class='av-share-link av-social-link-twitter' ><a target=\"_blank\" aria-label=\"Compartir en Twitter\" href='https:\/\/twitter.com\/share?text=Concejo%20aprueba%20transferencia%20de%209%20millones%20para%20planta%20el%C3%A9ctrica%20de%20Melinka&#038;url=https:\/\/radiorevelacionfm.cl\/?p=31513' aria-hidden='false' data-av_icon='\ue8f1' data-av_iconfont='entypo-fontello' title='' data-avia-related-tooltip='Compartir en Twitter' rel=\"noopener\"><span class='avia_hidden_link_text'>Compartir en Twitter<\/span><\/a><\/li><li class='av-share-link av-social-link-whatsapp' ><a target=\"_blank\" aria-label=\"Compartir en Whatsapp\" href='https:\/\/api.whatsapp.com\/send?text=https:\/\/radiorevelacionfm.cl\/?p=31513' aria-hidden='false' data-av_icon='\uf232' data-av_iconfont='entypo-fontello' title='' data-avia-related-tooltip='Compartir en Whatsapp' rel=\"noopener\"><span class='avia_hidden_link_text'>Compartir en Whatsapp<\/span><\/a><\/li><li class='av-share-link av-social-link-linkedin' ><a target=\"_blank\" aria-label=\"Compartir en LinkedIn\" href='https:\/\/linkedin.com\/shareArticle?mini=true&#038;title=Concejo%20aprueba%20transferencia%20de%209%20millones%20para%20planta%20el%C3%A9ctrica%20de%20Melinka&#038;url=https:\/\/radiorevelacionfm.cl\/?p=31513' aria-hidden='false' data-av_icon='\ue8fc' data-av_iconfont='entypo-fontello' title='' data-avia-related-tooltip='Compartir en LinkedIn' rel=\"noopener\"><span class='avia_hidden_link_text'>Compartir en LinkedIn<\/span><\/a><\/li><li class='av-share-link av-social-link-mail' ><a  aria-label=\"Compartir por correo\" href='mailto:?subject=Concejo%20aprueba%20transferencia%20de%209%20millones%20para%20planta%20el%C3%A9ctrica%20de%20Melinka&#038;body=https:\/\/radiorevelacionfm.cl\/?p=31513' aria-hidden='false' data-av_icon='\ue805' data-av_iconfont='entypo-fontello' title='' data-avia-related-tooltip='Compartir por correo'><span class='avia_hidden_link_text'>Compartir por correo<\/span><\/a><\/li><\/ul><\/div><\/div>\n<div  style='height:50px' class='hr hr-invisible   avia-builder-el-8  el_after_av_social_share  el_before_av_comments_list '><span class='hr-inner ' ><span class='hr-inner-style'><\/span><\/span><\/div>\n<div  class='av-buildercomment  av-blog-meta-html-info-disabled av-blog-meta-tag-disabled  '><\/div>\n","protected":false},"excerpt":{"rendered":"","protected":false},"author":1,"featured_media":31514,"comment_status":"open","ping_status":"open","sticky":false,"template":"","format":"standard","meta":{"footnotes":""},"categories":[38],"tags":[],"class_list":["post-31513","post","type-post","status-publish","format-standard","has-post-thumbnail","hentry","category-regional"],"jetpack_featured_media_url":"https:\/\/radiorevelacionfm.cl\/wp-content\/uploads\/2023\/05\/PLANTA-MELINKA-1-1.jpg","_links":{"self":[{"href":"https:\/\/radiorevelacionfm.cl\/index.php?rest_route=\/wp\/v2\/posts\/31513","targetHints":{"allow":["GET"]}}],"collection":[{"href":"https:\/\/radiorevelacionfm.cl\/index.php?rest_route=\/wp\/v2\/posts"}],"about":[{"href":"https:\/\/radiorevelacionfm.cl\/index.php?rest_route=\/wp\/v2\/types\/post"}],"author":[{"embeddable":true,"href":"https:\/\/radiorevelacionfm.cl\/index.php?rest_route=\/wp\/v2\/users\/1"}],"replies":[{"embeddable":true,"href":"https:\/\/radiorevelacionfm.cl\/index.php?rest_route=%2Fwp%2Fv2%2Fcomments&post=31513"}],"version-history":[{"count":2,"href":"https:\/\/radiorevelacionfm.cl\/index.php?rest_route=\/wp\/v2\/posts\/31513\/revisions"}],"predecessor-version":[{"id":31521,"href":"https:\/\/radiorevelacionfm.cl\/index.php?rest_route=\/wp\/v2\/posts\/31513\/revisions\/31521"}],"wp:featuredmedia":[{"embeddable":true,"href":"https:\/\/radiorevelacionfm.cl\/index.php?rest_route=\/wp\/v2\/media\/31514"}],"wp:attachment":[{"href":"https:\/\/radiorevelacionfm.cl\/index.php?rest_route=%2Fwp%2Fv2%2Fmedia&parent=31513"}],"wp:term":[{"taxonomy":"category","embeddable":true,"href":"https:\/\/radiorevelacionfm.cl\/index.php?rest_route=%2Fwp%2Fv2%2Fcategories&post=31513"},{"taxonomy":"post_tag","embeddable":true,"href":"https:\/\/radiorevelacionfm.cl\/index.php?rest_route=%2Fwp%2Fv2%2Ftags&post=31513"}],"curies":[{"name":"wp","href":"https:\/\/api.w.org\/{rel}","templated":true}]}}