{"id":31502,"date":"2023-05-31T10:55:32","date_gmt":"2023-05-31T13:55:32","guid":{"rendered":"https:\/\/radiorevelacionfm.cl\/?p=31502"},"modified":"2023-05-31T10:55:32","modified_gmt":"2023-05-31T13:55:32","slug":"mas-de-60-consejeros-as-regionales-de-todo-el-pais-celebran-encuentro-en-aysen","status":"publish","type":"post","link":"https:\/\/radiorevelacionfm.cl\/?p=31502","title":{"rendered":"M\u00e1s de 60 Consejeros\/as Regionales de todo el pa\u00eds celebran encuentro en Ays\u00e9n"},"content":{"rendered":"<div class=\"flex_column av_one_full  flex_column_div av-zero-column-padding first  avia-builder-el-0  el_before_av_one_full  avia-builder-el-first  \" style='border-radius:0px; '><div  class='avia-image-container  av-styling-    avia-builder-el-1  avia-builder-el-no-sibling  avia-align-center '  itemprop=\"image\" itemscope=\"itemscope\" itemtype=\"https:\/\/schema.org\/ImageObject\"  ><div class='avia-image-container-inner'><div class='avia-image-overlay-wrap'><img decoding=\"async\" class='wp-image-31503 avia-img-lazy-loading-not-31503 avia_image' src=\"https:\/\/radiorevelacionfm.cl\/wp-content\/uploads\/2023\/05\/ancore-1-1_optimized.jpeg\" alt='' title='ancore-1-(1)_optimized' height=\"600\" width=\"1069\"  itemprop=\"thumbnailUrl\" srcset=\"https:\/\/radiorevelacionfm.cl\/wp-content\/uploads\/2023\/05\/ancore-1-1_optimized.jpeg 1069w, https:\/\/radiorevelacionfm.cl\/wp-content\/uploads\/2023\/05\/ancore-1-1_optimized-300x168.jpeg 300w, https:\/\/radiorevelacionfm.cl\/wp-content\/uploads\/2023\/05\/ancore-1-1_optimized-1030x578.jpeg 1030w, https:\/\/radiorevelacionfm.cl\/wp-content\/uploads\/2023\/05\/ancore-1-1_optimized-768x431.jpeg 768w, https:\/\/radiorevelacionfm.cl\/wp-content\/uploads\/2023\/05\/ancore-1-1_optimized-705x396.jpeg 705w, https:\/\/radiorevelacionfm.cl\/wp-content\/uploads\/2023\/05\/ancore-1-1_optimized-450x253.jpeg 450w, https:\/\/radiorevelacionfm.cl\/wp-content\/uploads\/2023\/05\/ancore-1-1_optimized-600x337.jpeg 600w\" sizes=\"(max-width: 1069px) 100vw, 1069px\" \/><\/div><\/div><\/div><\/div><div class=\"flex_column av_one_full  flex_column_div av-zero-column-padding first  avia-builder-el-2  el_after_av_one_full  el_before_av_one_full  column-top-margin\" style='border-radius:0px; '><section class=\"av_textblock_section \"  itemscope=\"itemscope\" itemtype=\"https:\/\/schema.org\/BlogPosting\" itemprop=\"blogPost\" ><div class='avia_textblock  '   itemprop=\"text\" ><p style=\"text-align: center;\"><strong><span style=\"font-size: 18pt;\">M\u00e1s de 60 Consejeros\/as Regionales de todo el pa\u00eds celebran encuentro en Ays\u00e9n<\/span><\/strong><\/p>\n<div id=\"gtx-trans\" style=\"position: absolute; left: -50px; top: 4.31534px;\">\n<div class=\"gtx-trans-icon\"><\/div>\n<\/div>\n<\/div><\/section><\/div><div class=\"flex_column av_one_full  flex_column_div av-zero-column-padding first  avia-builder-el-4  el_after_av_one_full  el_before_av_hr  column-top-margin\" style='border-radius:0px; '><section class=\"av_textblock_section \"  itemscope=\"itemscope\" itemtype=\"https:\/\/schema.org\/BlogPosting\" itemprop=\"blogPost\" ><div class='avia_textblock  '   itemprop=\"text\" ><p dir=\"ltr\" style=\"text-align: justify;\">Durante este lunes y martes se llev\u00f3 a cabo, en el edificio del Gobierno Regional de Ays\u00e9n, el Encuentro de la Asociaci\u00f3n Nacional de Consejeros y Consejeras Regionales (Ancore) de este a\u00f1o, en una reuni\u00f3n donde se dieron cita m\u00e1s de 60 representantes de 13 regiones del pa\u00eds, quienes pudieron comparar experiencias y acciones para continuar avanzando hacia la meta de un pa\u00eds con mayor descentralizaci\u00f3n.<\/p>\n<p dir=\"ltr\" style=\"text-align: justify;\">Al respecto, la Gobernadora y presidenta del Consejo Regional de Ays\u00e9n, Andrea Mac\u00edas Palma, precis\u00f3 que se trata de \u00abun trabajo que busca un di\u00e1logo permanente, donde se puedan instalar temas que hoy d\u00eda est\u00e1n en la palestra y que tienen que ver directamente con el rol que cumplen los Consejos Regionales de todo el pa\u00eds (&#8230;) contamos adem\u00e1s en esta oportunidad con profesionales de la Biblioteca del Congreso Nacional, para poder abordar aquellas materias m\u00e1s contingentes que tienen que ver con el \u00e1mbito legislativo. Entendemos que desde ah\u00ed hay muchos desaf\u00edos para este proceso de descentralizaci\u00f3n de los Gobiernos Regionales\u00bb.<\/p>\n<p dir=\"ltr\" style=\"text-align: justify;\">En la instancia, se abordaron diversas materias de gran relevancia para los territorios, como el proyecto de ley que establece un nuevo marco de financiamiento y que introduce mejoras al transporte p\u00fablico remunerado de pasajeros; o como el acuerdo anunciado por el Presidente de la Rep\u00fablica para otorgarle m\u00e1s atribuciones a los Gobiernos Regionales en materia de Seguridad P\u00fablica.<\/p>\n<p dir=\"ltr\" style=\"text-align: justify;\">\u00abHa sido un di\u00e1logo muy fraterno, muy enriquecedor tambi\u00e9n, porque nos permite compartir miradas de las distintas regiones del territorio nacional, y junto con eso tambi\u00e9n definir criterios comunes, de c\u00f3mo los Consejos Regionales en los territorios enfrentan al Estado nacional. Y junto con ello tambi\u00e9n, que es lo que buscamos y siempre mencionamos, construimos un trabajo colaborativo con los Gobernadores Regionales\u00bb, se\u00f1al\u00f3 el Consejero Regional de Ays\u00e9n y presidente de la Comisi\u00f3n de Seguridad P\u00fablica y Emergencias, Ra\u00fal Rudolphi.<\/p>\n<p dir=\"ltr\" style=\"text-align: justify;\">Por su parte, el Consejero Regional de La Araucan\u00eda y presidente de la Ancore, Marcelo Carrasco, destac\u00f3 \u00abel trabajo que hacen las Consejeras y Consejeros Regionales de la Regi\u00f3n de Ays\u00e9n, una regi\u00f3n hermosa que tiene un tremendo potencial. Ac\u00e1 hay un trabajo serio, muy responsable, de cada uno de los integrantes de nuestro cuerpo colegiado, que nos ha permitido hoy tener una sesi\u00f3n de car\u00e1cter nacional. Darle las gracias tambi\u00e9n a la Secretar\u00eda Ejecutiva, a la Gobernadora, y a cada uno de los Consejeros y Consejeras Regionales, que se dieron cita para abordar temas de alta relevancia\u00bb.<\/p>\n<p dir=\"ltr\" style=\"text-align: justify;\">Durante la \u00faltima jornada de este martes, se discutieron temas como la Ley de Rentas Regionales y los nudos cr\u00edticos de los presupuestos, materia que se discute actualmente en el Congreso en el proyecto de ley \u00abRegiones M\u00e1s Fuertes\u00bb. Adem\u00e1s, se presentaron ejemplos de proyectos de reciclaje y compostaje, y tambi\u00e9n iniciativas para evitar el ausentismo y la deserci\u00f3n escolar.<\/p>\n<p dir=\"ltr\" style=\"text-align: justify;\">\u00abNosotros esperamos que la descentralizaci\u00f3n cada d\u00eda sea m\u00e1s efectiva y que no sea s\u00f3lo parte de un discurso, y que los recursos se puedan distribuir en las regiones con las necesidades que vemos las autoridades locales, que no sea un presupuesto que venga designado desde el nivel central. Ac\u00e1 la asociaci\u00f3n nos presenta los proyectos, nos motiva a seguir trabajando en terreno y, por supuesto, incluir en cada decisi\u00f3n a la ciudadan\u00eda\u00bb, concluy\u00f3 la Consejera Regional de Coquimbo, Paola Cort\u00e9s.<\/p>\n<\/div><\/section><\/div><div  style='height:50px' class='hr hr-invisible   avia-builder-el-6  el_after_av_one_full  el_before_av_social_share '><span class='hr-inner ' ><span class='hr-inner-style'><\/span><\/span><\/div><\/p>\n<div  class='av-social-sharing-box  avia-builder-el-7  el_after_av_hr  el_before_av_hr  '><div class='av-share-box'><h5 class='av-share-link-description av-no-toc '>Compartir esta noticia<\/h5><ul class='av-share-box-list noLightbox'><li class='av-share-link av-social-link-facebook' ><a target=\"_blank\" aria-label=\"Compartir en Facebook\" href='https:\/\/www.facebook.com\/sharer.php?u=https:\/\/radiorevelacionfm.cl\/?p=31502&#038;t=M%C3%A1s%20de%2060%20Consejeros%2Fas%20Regionales%20de%20todo%20el%20pa%C3%ADs%20celebran%20encuentro%20en%20Ays%C3%A9n' aria-hidden='false' data-av_icon='\ue8f3' data-av_iconfont='entypo-fontello' title='' data-avia-related-tooltip='Compartir en Facebook' rel=\"noopener\"><span class='avia_hidden_link_text'>Compartir en Facebook<\/span><\/a><\/li><li class='av-share-link av-social-link-twitter' ><a target=\"_blank\" aria-label=\"Compartir en Twitter\" href='https:\/\/twitter.com\/share?text=M%C3%A1s%20de%2060%20Consejeros%2Fas%20Regionales%20de%20todo%20el%20pa%C3%ADs%20celebran%20encuentro%20en%20Ays%C3%A9n&#038;url=https:\/\/radiorevelacionfm.cl\/?p=31502' aria-hidden='false' data-av_icon='\ue8f1' data-av_iconfont='entypo-fontello' title='' data-avia-related-tooltip='Compartir en Twitter' rel=\"noopener\"><span class='avia_hidden_link_text'>Compartir en Twitter<\/span><\/a><\/li><li class='av-share-link av-social-link-whatsapp' ><a target=\"_blank\" aria-label=\"Compartir en Whatsapp\" href='https:\/\/api.whatsapp.com\/send?text=https:\/\/radiorevelacionfm.cl\/?p=31502' aria-hidden='false' data-av_icon='\uf232' data-av_iconfont='entypo-fontello' title='' data-avia-related-tooltip='Compartir en Whatsapp' rel=\"noopener\"><span class='avia_hidden_link_text'>Compartir en Whatsapp<\/span><\/a><\/li><li class='av-share-link av-social-link-linkedin' ><a target=\"_blank\" aria-label=\"Compartir en LinkedIn\" href='https:\/\/linkedin.com\/shareArticle?mini=true&#038;title=M%C3%A1s%20de%2060%20Consejeros%2Fas%20Regionales%20de%20todo%20el%20pa%C3%ADs%20celebran%20encuentro%20en%20Ays%C3%A9n&#038;url=https:\/\/radiorevelacionfm.cl\/?p=31502' aria-hidden='false' data-av_icon='\ue8fc' data-av_iconfont='entypo-fontello' title='' data-avia-related-tooltip='Compartir en LinkedIn' rel=\"noopener\"><span class='avia_hidden_link_text'>Compartir en LinkedIn<\/span><\/a><\/li><li class='av-share-link av-social-link-mail' ><a  aria-label=\"Compartir por correo\" href='mailto:?subject=M%C3%A1s%20de%2060%20Consejeros%2Fas%20Regionales%20de%20todo%20el%20pa%C3%ADs%20celebran%20encuentro%20en%20Ays%C3%A9n&#038;body=https:\/\/radiorevelacionfm.cl\/?p=31502' aria-hidden='false' data-av_icon='\ue805' data-av_iconfont='entypo-fontello' title='' data-avia-related-tooltip='Compartir por correo'><span class='avia_hidden_link_text'>Compartir por correo<\/span><\/a><\/li><\/ul><\/div><\/div>\n<div  style='height:50px' class='hr hr-invisible   avia-builder-el-8  el_after_av_social_share  el_before_av_comments_list '><span class='hr-inner ' ><span class='hr-inner-style'><\/span><\/span><\/div>\n<div  class='av-buildercomment  av-blog-meta-html-info-disabled av-blog-meta-tag-disabled  '><\/div>\n","protected":false},"excerpt":{"rendered":"","protected":false},"author":1,"featured_media":31503,"comment_status":"open","ping_status":"open","sticky":false,"template":"","format":"standard","meta":{"footnotes":""},"categories":[38],"tags":[],"class_list":["post-31502","post","type-post","status-publish","format-standard","has-post-thumbnail","hentry","category-regional"],"jetpack_featured_media_url":"https:\/\/radiorevelacionfm.cl\/wp-content\/uploads\/2023\/05\/ancore-1-1_optimized.jpeg","_links":{"self":[{"href":"https:\/\/radiorevelacionfm.cl\/index.php?rest_route=\/wp\/v2\/posts\/31502","targetHints":{"allow":["GET"]}}],"collection":[{"href":"https:\/\/radiorevelacionfm.cl\/index.php?rest_route=\/wp\/v2\/posts"}],"about":[{"href":"https:\/\/radiorevelacionfm.cl\/index.php?rest_route=\/wp\/v2\/types\/post"}],"author":[{"embeddable":true,"href":"https:\/\/radiorevelacionfm.cl\/index.php?rest_route=\/wp\/v2\/users\/1"}],"replies":[{"embeddable":true,"href":"https:\/\/radiorevelacionfm.cl\/index.php?rest_route=%2Fwp%2Fv2%2Fcomments&post=31502"}],"version-history":[{"count":1,"href":"https:\/\/radiorevelacionfm.cl\/index.php?rest_route=\/wp\/v2\/posts\/31502\/revisions"}],"predecessor-version":[{"id":31504,"href":"https:\/\/radiorevelacionfm.cl\/index.php?rest_route=\/wp\/v2\/posts\/31502\/revisions\/31504"}],"wp:featuredmedia":[{"embeddable":true,"href":"https:\/\/radiorevelacionfm.cl\/index.php?rest_route=\/wp\/v2\/media\/31503"}],"wp:attachment":[{"href":"https:\/\/radiorevelacionfm.cl\/index.php?rest_route=%2Fwp%2Fv2%2Fmedia&parent=31502"}],"wp:term":[{"taxonomy":"category","embeddable":true,"href":"https:\/\/radiorevelacionfm.cl\/index.php?rest_route=%2Fwp%2Fv2%2Fcategories&post=31502"},{"taxonomy":"post_tag","embeddable":true,"href":"https:\/\/radiorevelacionfm.cl\/index.php?rest_route=%2Fwp%2Fv2%2Ftags&post=31502"}],"curies":[{"name":"wp","href":"https:\/\/api.w.org\/{rel}","templated":true}]}}