{"id":31499,"date":"2023-05-30T20:42:34","date_gmt":"2023-05-30T23:42:34","guid":{"rendered":"https:\/\/radiorevelacionfm.cl\/?p=31499"},"modified":"2023-05-30T20:42:34","modified_gmt":"2023-05-30T23:42:34","slug":"autoridades-regionales-se-reunen-con-pescadores-por-votacion-de-proyecto-que-permite-ingreso-de-flotas-a-depredar-recursos-de-aysen","status":"publish","type":"post","link":"https:\/\/radiorevelacionfm.cl\/?p=31499","title":{"rendered":"Autoridades regionales se re\u00fanen con pescadores por votaci\u00f3n de proyecto que permite ingreso de flotas a depredar recursos de Ays\u00e9n"},"content":{"rendered":"<div class=\"flex_column av_one_full  flex_column_div av-zero-column-padding first  avia-builder-el-0  el_before_av_one_full  avia-builder-el-first  \" style='border-radius:0px; '><div  class='avia-image-container  av-styling-    avia-builder-el-1  avia-builder-el-no-sibling  avia-align-center '  itemprop=\"image\" itemscope=\"itemscope\" itemtype=\"https:\/\/schema.org\/ImageObject\"  ><div class='avia-image-container-inner'><div class='avia-image-overlay-wrap'><img decoding=\"async\" class='wp-image-31500 avia-img-lazy-loading-not-31500 avia_image' src=\"https:\/\/radiorevelacionfm.cl\/wp-content\/uploads\/2023\/05\/Foto-Reunion-AUTORIDADES-REGIONALES-1-1.jpg\" alt='' title='Foto Reuni\u00f3n AUTORIDADES REGIONALES (1) (1)' height=\"600\" width=\"800\"  itemprop=\"thumbnailUrl\" srcset=\"https:\/\/radiorevelacionfm.cl\/wp-content\/uploads\/2023\/05\/Foto-Reunion-AUTORIDADES-REGIONALES-1-1.jpg 800w, https:\/\/radiorevelacionfm.cl\/wp-content\/uploads\/2023\/05\/Foto-Reunion-AUTORIDADES-REGIONALES-1-1-300x225.jpg 300w, https:\/\/radiorevelacionfm.cl\/wp-content\/uploads\/2023\/05\/Foto-Reunion-AUTORIDADES-REGIONALES-1-1-768x576.jpg 768w, https:\/\/radiorevelacionfm.cl\/wp-content\/uploads\/2023\/05\/Foto-Reunion-AUTORIDADES-REGIONALES-1-1-705x529.jpg 705w, https:\/\/radiorevelacionfm.cl\/wp-content\/uploads\/2023\/05\/Foto-Reunion-AUTORIDADES-REGIONALES-1-1-450x338.jpg 450w, https:\/\/radiorevelacionfm.cl\/wp-content\/uploads\/2023\/05\/Foto-Reunion-AUTORIDADES-REGIONALES-1-1-600x450.jpg 600w\" sizes=\"(max-width: 800px) 100vw, 800px\" \/><\/div><\/div><\/div><\/div><div class=\"flex_column av_one_full  flex_column_div av-zero-column-padding first  avia-builder-el-2  el_after_av_one_full  el_before_av_one_full  column-top-margin\" style='border-radius:0px; '><section class=\"av_textblock_section \"  itemscope=\"itemscope\" itemtype=\"https:\/\/schema.org\/BlogPosting\" itemprop=\"blogPost\" ><div class='avia_textblock  '   itemprop=\"text\" ><p style=\"text-align: center;\"><strong><span style=\"font-size: 18pt;\">Autoridades regionales se re\u00fanen con pescadores por votaci\u00f3n de proyecto que permite ingreso de flotas a depredar recursos de Ays\u00e9n<\/span><\/strong><\/p>\n<div id=\"gtx-trans\" style=\"position: absolute; left: -50px; top: 4.31534px;\">\n<div class=\"gtx-trans-icon\"><\/div>\n<\/div>\n<\/div><\/section><\/div><div class=\"flex_column av_one_full  flex_column_div av-zero-column-padding first  avia-builder-el-4  el_after_av_one_full  el_before_av_hr  column-top-margin\" style='border-radius:0px; '><section class=\"av_textblock_section \"  itemscope=\"itemscope\" itemtype=\"https:\/\/schema.org\/BlogPosting\" itemprop=\"blogPost\" ><div class='avia_textblock  '   itemprop=\"text\" ><p style=\"font-weight: 400; text-align: justify;\">Frente a la preocupaci\u00f3n que existe por la inminente votaci\u00f3n en la C\u00e1mara de Diputados del proyecto que regula la extracci\u00f3n de recursos bent\u00f3nicos, que incluye un art\u00edculo que permite el ingreso de flotas de otras regiones a depredar los recursos de Ays\u00e9n, un grupo de parlamentarios y la Gobernadora Regional se reunieron en el Congreso con dirigentes de la pesca artesanal.<\/p>\n<p style=\"font-weight: 400; text-align: justify;\">En la reuni\u00f3n participaron los diputados Ren\u00e9 Alinco, Marcia Raphael, Miguel \u00c1ngel Calisto y el Senador David Sandoval, adem\u00e1s de la Gobernadora Regional Andrea Mac\u00edas y el Consejero Regional Omar Mu\u00f1oz. Tambi\u00e9n participaron legisladores y pescadores representantes de la regi\u00f3n de la Araucan\u00eda y de Magallanes, territorios que tambi\u00e9n se ven afectados por el pol\u00e9mico art\u00edculo 50 de este proyecto de ley.<\/p>\n<p style=\"font-weight: 400; text-align: justify;\">Seg\u00fan la Gobernadora Regional \u201cse ha generado algo que es muy importante que es la uni\u00f3n de todas las autoridades regionales en relaci\u00f3n a un tema que nos debe convocar, porque tiene directa relaci\u00f3n con el desarrollo de nuestra regi\u00f3n. Quiero relevar el trabajo conjunto, mancomunado. Se ha vuelto a levantar un frente regionalista por la regionalizaci\u00f3n de los recursos pesqueros como una forma de administraci\u00f3n que pueda proteger y salvaguardar la conservaci\u00f3n de nuestros recursos y un manejo adecuado, no en contra de los sistemas productivos, sino que una producci\u00f3n que sea regulada y que sea amigable con el medio ambiente, con pr\u00e1cticas sustentables\u201d.<\/p>\n<p style=\"font-weight: 400; text-align: justify;\">Sobre el particular, el Senador David Sandoval indic\u00f3 que \u201ccuando una regi\u00f3n distinta quiere ir a un sector diferente a extraer recursos, es porque en aquella zona de origen han extra\u00eddo sus recursos de manera irracional, y, por lo tanto, se encuentran sin su masa para mantener sus actividades. \u00bfY c\u00f3mo lo resuelve el Estado?, cuya indicaci\u00f3n viene del propio Gobierno, es abriendo las fronteras de todas las regiones para quienes han depredado sus recursos y terminen haciendo lo mismo en otras zonas\u201d.<\/p>\n<p style=\"font-weight: 400; text-align: justify;\">Por su parte, el diputado Miguel \u00c1ngel Calisto se\u00f1al\u00f3 que \u201cestamos enfrentando juntos estos tremendos desaf\u00edos en materia pesquera. Muchas zonas del pa\u00eds est\u00e1n buscando ingresar a las aguas de Ays\u00e9n a extraer nuestros recursos, particularmente de la d\u00e9cima y octava regi\u00f3n. Esto no lo vamos a permitir, por lo que estamos haciendo las gestiones con distintas bancadas pol\u00edticas para asegurar que se rechace esta propuesta que viene principalmente de parlamentarios de Los Lagos\u201d.<\/p>\n<p style=\"font-weight: 400; text-align: justify;\">La diputada Marcia Raphael afirm\u00f3 que \u201cLas zonas contiguas representan una amenazada para la pesca y los recursos bent\u00f3nicos de nuestra regi\u00f3n. La unidad de las distintas autoridades de nuestra regi\u00f3n es fundamental para impedir esto y rechazar el art\u00edculo 50 de este proyecto, que permite la extracci\u00f3n de tres recursos por parte de pescadores de los lagos, no lo vamos a permitir\u201d.<\/p>\n<p style=\"font-weight: 400; text-align: justify;\">Finalmente, Renato Flores, dirigente de la pesca de Ays\u00e9n, se\u00f1al\u00f3 que \u201cestamos con mucha esperanza y fe\u00a0que vamos a sacar los intereses de nuestra regi\u00f3n adelante. Nosotros no somos representadas por las grandes confederaciones, \u00a0por eso debemos mantener esta alianza pesquera sur austral para defendernos. Vamos a sumar a todas las regiones que quieran sumarse a luchar por la regionalizaci\u00f3n de los recursos pesqueros\u201d.<\/p>\n<\/div><\/section><\/div><div  style='height:50px' class='hr hr-invisible   avia-builder-el-6  el_after_av_one_full  el_before_av_social_share '><span class='hr-inner ' ><span class='hr-inner-style'><\/span><\/span><\/div><\/p>\n<div  class='av-social-sharing-box  avia-builder-el-7  el_after_av_hr  el_before_av_hr  '><div class='av-share-box'><h5 class='av-share-link-description av-no-toc '>Compartir esta noticia<\/h5><ul class='av-share-box-list noLightbox'><li class='av-share-link av-social-link-facebook' ><a target=\"_blank\" aria-label=\"Compartir en Facebook\" href='https:\/\/www.facebook.com\/sharer.php?u=https:\/\/radiorevelacionfm.cl\/?p=31499&#038;t=Autoridades%20regionales%20se%20re%C3%BAnen%20con%20pescadores%20por%20votaci%C3%B3n%20de%20proyecto%20que%20permite%20ingreso%20de%20flotas%20a%20depredar%20recursos%20de%20Ays%C3%A9n' aria-hidden='false' data-av_icon='\ue8f3' data-av_iconfont='entypo-fontello' title='' data-avia-related-tooltip='Compartir en Facebook' rel=\"noopener\"><span class='avia_hidden_link_text'>Compartir en Facebook<\/span><\/a><\/li><li class='av-share-link av-social-link-twitter' ><a target=\"_blank\" aria-label=\"Compartir en Twitter\" href='https:\/\/twitter.com\/share?text=Autoridades%20regionales%20se%20re%C3%BAnen%20con%20pescadores%20por%20votaci%C3%B3n%20de%20proyecto%20que%20permite%20ingreso%20de%20flotas%20a%20depredar%20recursos%20de%20Ays%C3%A9n&#038;url=https:\/\/radiorevelacionfm.cl\/?p=31499' aria-hidden='false' data-av_icon='\ue8f1' data-av_iconfont='entypo-fontello' title='' data-avia-related-tooltip='Compartir en Twitter' rel=\"noopener\"><span class='avia_hidden_link_text'>Compartir en Twitter<\/span><\/a><\/li><li class='av-share-link av-social-link-whatsapp' ><a target=\"_blank\" aria-label=\"Compartir en Whatsapp\" href='https:\/\/api.whatsapp.com\/send?text=https:\/\/radiorevelacionfm.cl\/?p=31499' aria-hidden='false' data-av_icon='\uf232' data-av_iconfont='entypo-fontello' title='' data-avia-related-tooltip='Compartir en Whatsapp' rel=\"noopener\"><span class='avia_hidden_link_text'>Compartir en Whatsapp<\/span><\/a><\/li><li class='av-share-link av-social-link-linkedin' ><a target=\"_blank\" aria-label=\"Compartir en LinkedIn\" href='https:\/\/linkedin.com\/shareArticle?mini=true&#038;title=Autoridades%20regionales%20se%20re%C3%BAnen%20con%20pescadores%20por%20votaci%C3%B3n%20de%20proyecto%20que%20permite%20ingreso%20de%20flotas%20a%20depredar%20recursos%20de%20Ays%C3%A9n&#038;url=https:\/\/radiorevelacionfm.cl\/?p=31499' aria-hidden='false' data-av_icon='\ue8fc' data-av_iconfont='entypo-fontello' title='' data-avia-related-tooltip='Compartir en LinkedIn' rel=\"noopener\"><span class='avia_hidden_link_text'>Compartir en LinkedIn<\/span><\/a><\/li><li class='av-share-link av-social-link-mail' ><a  aria-label=\"Compartir por correo\" href='mailto:?subject=Autoridades%20regionales%20se%20re%C3%BAnen%20con%20pescadores%20por%20votaci%C3%B3n%20de%20proyecto%20que%20permite%20ingreso%20de%20flotas%20a%20depredar%20recursos%20de%20Ays%C3%A9n&#038;body=https:\/\/radiorevelacionfm.cl\/?p=31499' aria-hidden='false' data-av_icon='\ue805' data-av_iconfont='entypo-fontello' title='' data-avia-related-tooltip='Compartir por correo'><span class='avia_hidden_link_text'>Compartir por correo<\/span><\/a><\/li><\/ul><\/div><\/div>\n<div  style='height:50px' class='hr hr-invisible   avia-builder-el-8  el_after_av_social_share  el_before_av_comments_list '><span class='hr-inner ' ><span class='hr-inner-style'><\/span><\/span><\/div>\n<div  class='av-buildercomment  av-blog-meta-html-info-disabled av-blog-meta-tag-disabled  '><\/div>\n","protected":false},"excerpt":{"rendered":"","protected":false},"author":1,"featured_media":31500,"comment_status":"open","ping_status":"open","sticky":false,"template":"","format":"standard","meta":{"footnotes":""},"categories":[60],"tags":[],"class_list":["post-31499","post","type-post","status-publish","format-standard","has-post-thumbnail","hentry","category-pesca"],"jetpack_featured_media_url":"https:\/\/radiorevelacionfm.cl\/wp-content\/uploads\/2023\/05\/Foto-Reunion-AUTORIDADES-REGIONALES-1-1.jpg","_links":{"self":[{"href":"https:\/\/radiorevelacionfm.cl\/index.php?rest_route=\/wp\/v2\/posts\/31499","targetHints":{"allow":["GET"]}}],"collection":[{"href":"https:\/\/radiorevelacionfm.cl\/index.php?rest_route=\/wp\/v2\/posts"}],"about":[{"href":"https:\/\/radiorevelacionfm.cl\/index.php?rest_route=\/wp\/v2\/types\/post"}],"author":[{"embeddable":true,"href":"https:\/\/radiorevelacionfm.cl\/index.php?rest_route=\/wp\/v2\/users\/1"}],"replies":[{"embeddable":true,"href":"https:\/\/radiorevelacionfm.cl\/index.php?rest_route=%2Fwp%2Fv2%2Fcomments&post=31499"}],"version-history":[{"count":1,"href":"https:\/\/radiorevelacionfm.cl\/index.php?rest_route=\/wp\/v2\/posts\/31499\/revisions"}],"predecessor-version":[{"id":31501,"href":"https:\/\/radiorevelacionfm.cl\/index.php?rest_route=\/wp\/v2\/posts\/31499\/revisions\/31501"}],"wp:featuredmedia":[{"embeddable":true,"href":"https:\/\/radiorevelacionfm.cl\/index.php?rest_route=\/wp\/v2\/media\/31500"}],"wp:attachment":[{"href":"https:\/\/radiorevelacionfm.cl\/index.php?rest_route=%2Fwp%2Fv2%2Fmedia&parent=31499"}],"wp:term":[{"taxonomy":"category","embeddable":true,"href":"https:\/\/radiorevelacionfm.cl\/index.php?rest_route=%2Fwp%2Fv2%2Fcategories&post=31499"},{"taxonomy":"post_tag","embeddable":true,"href":"https:\/\/radiorevelacionfm.cl\/index.php?rest_route=%2Fwp%2Fv2%2Ftags&post=31499"}],"curies":[{"name":"wp","href":"https:\/\/api.w.org\/{rel}","templated":true}]}}