{"id":3149,"date":"2021-04-15T16:21:53","date_gmt":"2021-04-15T19:21:53","guid":{"rendered":"https:\/\/radiorevelacionfm.cl\/?p=3149"},"modified":"2021-04-15T19:54:18","modified_gmt":"2021-04-15T22:54:18","slug":"colo-colo-ficha-a-matias-rojas-joven-promesa-del-futbol-regional","status":"publish","type":"post","link":"https:\/\/radiorevelacionfm.cl\/?p=3149","title":{"rendered":"Colo-Colo ficha a Mat\u00edas Rojas joven promesa del f\u00fatbol regional"},"content":{"rendered":"<div class=\"flex_column av_one_full  flex_column_div av-zero-column-padding first  avia-builder-el-0  el_before_av_one_full  avia-builder-el-first  \" style='border-radius:0px; '><div  class='avia-image-container  av-styling-    avia-builder-el-1  avia-builder-el-no-sibling  avia-align-center '  itemprop=\"image\" itemscope=\"itemscope\" itemtype=\"https:\/\/schema.org\/ImageObject\"  ><div class='avia-image-container-inner'><div class='avia-image-overlay-wrap'><img decoding=\"async\" class='wp-image-0 avia-img-lazy-loading-not-0 avia_image' src=\"https:\/\/radiorevelacionfm.cl\/wp-content\/uploads\/2021\/04\/2-5_2.jpeg\" alt='' title=''   itemprop=\"thumbnailUrl\"  \/><\/div><\/div><\/div><\/div>\n<div class=\"flex_column av_one_full  flex_column_div av-zero-column-padding first  avia-builder-el-2  el_after_av_one_full  el_before_av_one_full  column-top-margin\" style='border-radius:0px; '><section class=\"av_textblock_section \"  itemscope=\"itemscope\" itemtype=\"https:\/\/schema.org\/BlogPosting\" itemprop=\"blogPost\" ><div class='avia_textblock  '   itemprop=\"text\" ><p style=\"text-align: center;\"><span style=\"font-size: 18pt;\"><strong>Colo-Colo ficha a Mat\u00edas Rojas joven promesa del f\u00fatbol regional<\/strong><\/span><\/p>\n<div id=\"gtx-trans\" style=\"position: absolute; left: -50px; top: 4.31534px;\">\n<div class=\"gtx-trans-icon\"><\/div>\n<\/div>\n<\/div><\/section><\/div>\n<div class=\"flex_column av_one_full  flex_column_div av-zero-column-padding first  avia-builder-el-4  el_after_av_one_full  el_before_av_hr  column-top-margin\" style='border-radius:0px; '><section class=\"av_textblock_section \"  itemscope=\"itemscope\" itemtype=\"https:\/\/schema.org\/BlogPosting\" itemprop=\"blogPost\" ><div class='avia_textblock  '   itemprop=\"text\" ><p style=\"text-align: justify;\">El deportista coyhaiquino se integr\u00f3 a los entrenamientos del club albo en el mes de marzo.<\/p>\n<p style=\"text-align: justify;\">En el mes de diciembre del a\u00f1o pasado, los padres de Mat\u00edas recibieron las primeras noticias del inter\u00e9s \u00a0del club\u00a0 Colo-Colo por el deportista a quien hab\u00edan visto jugar a trav\u00e9s de videos. Posteriormente, en el mes de enero les confirmaron que quer\u00edan que Mat\u00edas se integrara al club los primeros d\u00edas de marzo para oficializar su fichaje.<\/p>\n<p style=\"text-align: justify;\">Junto a su familia, Mat\u00edas de 14 a\u00f1os se traslad\u00f3 \u00a0hasta Santiago, donde el club ya le consigui\u00f3 un colegio para que contin\u00fae con sus estudios de manera remota y se integr\u00f3 a los entrenamientos con otros j\u00f3venes de las sub 15, sub 16 y 18 a\u00f1os respectivamente.<\/p>\n<p style=\"text-align: justify;\">En este sentido, el Seremi del Deporte Rodrigo Cubilla Retamal se\u00f1al\u00f3 \u00abes un orgullo para nuestra regi\u00f3n que un joven talento deportivo comience a brillar en un club tan importante y como Ministerio del Deporte y junto al Instituto Nacional de Deportes hemos estado apoyando a Mat\u00edas facilitando durante la pandemia las instalaciones del Estadio Regional para que continuara sus entrenamientos, cumpliendo con todas las medidas y protocolos exigidos por la autoridad\u00a0 de salud y tanto \u00e9l como su familia saben que continuaremos apoy\u00e1ndolo en lo que requiera ya que es un gran referente para ni\u00f1as y ni\u00f1os que sue\u00f1an con una carrera deportiva en el alto rendimiento\u00bb.<\/p>\n<p style=\"text-align: justify;\">Asimismo, Alexis Rojas padre del jugador precis\u00f3 \u00abllegamos un d\u00eda 2 de marzo a Santiago y luego de ver jugar a Mat\u00edas los t\u00e9cnicos y profesores ratificaron la calidad deportiva de mi hijo y el primer d\u00eda de entrenamiento lo felicitaron, d\u00e1ndole la confianza que necesita ya \u00a0que adem\u00e1s est\u00e1 jugando con ni\u00f1os m\u00e1s grandes y eso es una gran exigencia para \u00e9l, por lo que como familia estamos muy contentos y aprovecho esta oportunidad de agradecer la ayuda que el Mindep e Ind nos brindaron al facilitar la cancha del estadio, ya que de esta forma Mat\u00edas se mantuvo activo antes de comenzar los entrenamientos en el club\u00bb.<\/p>\n<p style=\"text-align: justify;\"><em>\u00a0<\/em><\/p>\n<\/div><\/section><\/div><div  style='height:50px' class='hr hr-invisible   avia-builder-el-6  el_after_av_one_full  el_before_av_social_share '><span class='hr-inner ' ><span class='hr-inner-style'><\/span><\/span><\/div><\/p>\n<div  class='av-social-sharing-box  avia-builder-el-7  el_after_av_hr  el_before_av_hr  '><div class='av-share-box'><h5 class='av-share-link-description av-no-toc '>Compartir esta noticia<\/h5><ul class='av-share-box-list noLightbox'><li class='av-share-link av-social-link-facebook' ><a target=\"_blank\" aria-label=\"Compartir en Facebook\" href='https:\/\/www.facebook.com\/sharer.php?u=https:\/\/radiorevelacionfm.cl\/?p=3149&#038;t=Colo-Colo%20ficha%20a%20Mat%C3%ADas%20Rojas%20joven%20promesa%20del%20f%C3%BAtbol%20regional' aria-hidden='false' data-av_icon='\ue8f3' data-av_iconfont='entypo-fontello' title='' data-avia-related-tooltip='Compartir en Facebook' rel=\"noopener\"><span class='avia_hidden_link_text'>Compartir en Facebook<\/span><\/a><\/li><li class='av-share-link av-social-link-twitter' ><a target=\"_blank\" aria-label=\"Compartir en Twitter\" href='https:\/\/twitter.com\/share?text=Colo-Colo%20ficha%20a%20Mat%C3%ADas%20Rojas%20joven%20promesa%20del%20f%C3%BAtbol%20regional&#038;url=https:\/\/radiorevelacionfm.cl\/?p=3149' aria-hidden='false' data-av_icon='\ue8f1' data-av_iconfont='entypo-fontello' title='' data-avia-related-tooltip='Compartir en Twitter' rel=\"noopener\"><span class='avia_hidden_link_text'>Compartir en Twitter<\/span><\/a><\/li><li class='av-share-link av-social-link-whatsapp' ><a target=\"_blank\" aria-label=\"Compartir en Whatsapp\" href='https:\/\/api.whatsapp.com\/send?text=https:\/\/radiorevelacionfm.cl\/?p=3149' aria-hidden='false' data-av_icon='\uf232' data-av_iconfont='entypo-fontello' title='' data-avia-related-tooltip='Compartir en Whatsapp' rel=\"noopener\"><span class='avia_hidden_link_text'>Compartir en Whatsapp<\/span><\/a><\/li><li class='av-share-link av-social-link-linkedin' ><a target=\"_blank\" aria-label=\"Compartir en LinkedIn\" href='https:\/\/linkedin.com\/shareArticle?mini=true&#038;title=Colo-Colo%20ficha%20a%20Mat%C3%ADas%20Rojas%20joven%20promesa%20del%20f%C3%BAtbol%20regional&#038;url=https:\/\/radiorevelacionfm.cl\/?p=3149' aria-hidden='false' data-av_icon='\ue8fc' data-av_iconfont='entypo-fontello' title='' data-avia-related-tooltip='Compartir en LinkedIn' rel=\"noopener\"><span class='avia_hidden_link_text'>Compartir en LinkedIn<\/span><\/a><\/li><li class='av-share-link av-social-link-mail' ><a  aria-label=\"Compartir por correo\" href='mailto:?subject=Colo-Colo%20ficha%20a%20Mat%C3%ADas%20Rojas%20joven%20promesa%20del%20f%C3%BAtbol%20regional&#038;body=https:\/\/radiorevelacionfm.cl\/?p=3149' aria-hidden='false' data-av_icon='\ue805' data-av_iconfont='entypo-fontello' title='' data-avia-related-tooltip='Compartir por correo'><span class='avia_hidden_link_text'>Compartir por correo<\/span><\/a><\/li><\/ul><\/div><\/div>\n<div  style='height:50px' class='hr hr-invisible   avia-builder-el-8  el_after_av_social_share  el_before_av_comments_list '><span class='hr-inner ' ><span class='hr-inner-style'><\/span><\/span><\/div>\n<div  class='av-buildercomment  av-blog-meta-html-info-disabled av-blog-meta-tag-disabled  '><\/div>\n","protected":false},"excerpt":{"rendered":"","protected":false},"author":1,"featured_media":0,"comment_status":"open","ping_status":"open","sticky":false,"template":"","format":"standard","meta":{"footnotes":""},"categories":[40],"tags":[],"class_list":["post-3149","post","type-post","status-publish","format-standard","hentry","category-deportes"],"jetpack_featured_media_url":"","_links":{"self":[{"href":"https:\/\/radiorevelacionfm.cl\/index.php?rest_route=\/wp\/v2\/posts\/3149","targetHints":{"allow":["GET"]}}],"collection":[{"href":"https:\/\/radiorevelacionfm.cl\/index.php?rest_route=\/wp\/v2\/posts"}],"about":[{"href":"https:\/\/radiorevelacionfm.cl\/index.php?rest_route=\/wp\/v2\/types\/post"}],"author":[{"embeddable":true,"href":"https:\/\/radiorevelacionfm.cl\/index.php?rest_route=\/wp\/v2\/users\/1"}],"replies":[{"embeddable":true,"href":"https:\/\/radiorevelacionfm.cl\/index.php?rest_route=%2Fwp%2Fv2%2Fcomments&post=3149"}],"version-history":[{"count":5,"href":"https:\/\/radiorevelacionfm.cl\/index.php?rest_route=\/wp\/v2\/posts\/3149\/revisions"}],"predecessor-version":[{"id":3170,"href":"https:\/\/radiorevelacionfm.cl\/index.php?rest_route=\/wp\/v2\/posts\/3149\/revisions\/3170"}],"wp:attachment":[{"href":"https:\/\/radiorevelacionfm.cl\/index.php?rest_route=%2Fwp%2Fv2%2Fmedia&parent=3149"}],"wp:term":[{"taxonomy":"category","embeddable":true,"href":"https:\/\/radiorevelacionfm.cl\/index.php?rest_route=%2Fwp%2Fv2%2Fcategories&post=3149"},{"taxonomy":"post_tag","embeddable":true,"href":"https:\/\/radiorevelacionfm.cl\/index.php?rest_route=%2Fwp%2Fv2%2Ftags&post=3149"}],"curies":[{"name":"wp","href":"https:\/\/api.w.org\/{rel}","templated":true}]}}