{"id":31477,"date":"2023-05-30T17:13:52","date_gmt":"2023-05-30T20:13:52","guid":{"rendered":"https:\/\/radiorevelacionfm.cl\/?p=31477"},"modified":"2023-05-30T17:13:52","modified_gmt":"2023-05-30T20:13:52","slug":"casi-400-iniciativas-sociales-seran-financiadas-con-el-8-del-fondo-nacional-de-desarrollo-regional","status":"publish","type":"post","link":"https:\/\/radiorevelacionfm.cl\/?p=31477","title":{"rendered":"Casi 400 iniciativas sociales ser\u00e1n financiadas con el 8% del Fondo Nacional de Desarrollo Regional"},"content":{"rendered":"<div class=\"flex_column av_one_full  flex_column_div av-zero-column-padding first  avia-builder-el-0  el_before_av_one_full  avia-builder-el-first  \" style='border-radius:0px; '><div  class='avia-image-container  av-styling-    avia-builder-el-1  avia-builder-el-no-sibling  avia-align-center '  itemprop=\"image\" itemscope=\"itemscope\" itemtype=\"https:\/\/schema.org\/ImageObject\"  ><div class='avia-image-container-inner'><div class='avia-image-overlay-wrap'><img decoding=\"async\" class='wp-image-31478 avia-img-lazy-loading-not-31478 avia_image' src=\"https:\/\/radiorevelacionfm.cl\/wp-content\/uploads\/2023\/05\/convenios-3-1_optimized.jpeg\" alt='' title='convenios-3-(1)_optimized' height=\"600\" width=\"1067\"  itemprop=\"thumbnailUrl\" srcset=\"https:\/\/radiorevelacionfm.cl\/wp-content\/uploads\/2023\/05\/convenios-3-1_optimized.jpeg 1067w, https:\/\/radiorevelacionfm.cl\/wp-content\/uploads\/2023\/05\/convenios-3-1_optimized-300x169.jpeg 300w, https:\/\/radiorevelacionfm.cl\/wp-content\/uploads\/2023\/05\/convenios-3-1_optimized-1030x579.jpeg 1030w, https:\/\/radiorevelacionfm.cl\/wp-content\/uploads\/2023\/05\/convenios-3-1_optimized-768x432.jpeg 768w, https:\/\/radiorevelacionfm.cl\/wp-content\/uploads\/2023\/05\/convenios-3-1_optimized-705x396.jpeg 705w, https:\/\/radiorevelacionfm.cl\/wp-content\/uploads\/2023\/05\/convenios-3-1_optimized-450x253.jpeg 450w, https:\/\/radiorevelacionfm.cl\/wp-content\/uploads\/2023\/05\/convenios-3-1_optimized-600x337.jpeg 600w\" sizes=\"(max-width: 1067px) 100vw, 1067px\" \/><\/div><\/div><\/div><\/div><div class=\"flex_column av_one_full  flex_column_div av-zero-column-padding first  avia-builder-el-2  el_after_av_one_full  el_before_av_one_full  column-top-margin\" style='border-radius:0px; '><section class=\"av_textblock_section \"  itemscope=\"itemscope\" itemtype=\"https:\/\/schema.org\/BlogPosting\" itemprop=\"blogPost\" ><div class='avia_textblock  '   itemprop=\"text\" ><p style=\"text-align: center;\"><strong><span style=\"font-size: 18pt;\">Casi 400 iniciativas sociales ser\u00e1n financiadas con el 8% del Fondo Nacional de Desarrollo Regional<\/span><\/strong><\/p>\n<div id=\"gtx-trans\" style=\"position: absolute; left: -50px; top: 4.31534px;\">\n<div class=\"gtx-trans-icon\"><\/div>\n<\/div>\n<\/div><\/section><\/div><div class=\"flex_column av_one_full  flex_column_div av-zero-column-padding first  avia-builder-el-4  el_after_av_one_full  el_before_av_hr  column-top-margin\" style='border-radius:0px; '><section class=\"av_textblock_section \"  itemscope=\"itemscope\" itemtype=\"https:\/\/schema.org\/BlogPosting\" itemprop=\"blogPost\" ><div class='avia_textblock  '   itemprop=\"text\" ><p dir=\"ltr\" style=\"text-align: justify;\">Con un encuentro en Puerto Ays\u00e9n y dos en Coyhaique, la Gobernadora Regional Andrea Mac\u00edas Palma comenz\u00f3 la firma de convenios del 8% del Fondo Nacional de Desarrollo Regional (FNDR), que este a\u00f1o distribuy\u00f3 casi $3.500 millones entre diversas organizaciones ciudadanas y municipios, para realizar alrededor de 400 actividades de car\u00e1cter social.<\/p>\n<p dir=\"ltr\" style=\"text-align: justify;\">\u00abPara el Gobierno Regional de Ays\u00e9n y su Consejo llegar a este espacio es un tremendo hito, que da cuenta de todo el trabajo realizado en el marco del concurso del 8%, que ha permitido en esta oportunidad, para el a\u00f1o 2023, tener cerca de 400 iniciativas ejecut\u00e1ndose en toda la Regi\u00f3n de Ays\u00e9n, en los m\u00e1s distintos y variados \u00e1mbitos. Una forma de aportar, de fortalecer a la organizaci\u00f3n, y sobre todo de hacer un reconocimiento, porque muchas de estas actividades dan cuenta de necesidades que muchas veces el Estado no cubre\u00bb, se\u00f1al\u00f3 la Gobernadora Regional.<\/p>\n<p dir=\"ltr\" style=\"text-align: justify;\">Por su parte, el Consejero Regional de la Provincia de Ays\u00e9n, Sergio Gonz\u00e1lez, destac\u00f3 que los fondos entregados \u00abvan a permitir que estas organizaciones puedan realizar distintas alternativas de proyectos, y que permite que ellos puedan reforzar lo que es su trabajo diario que realizan con cada uno de sus socios. As\u00ed que, felices nosotros por este concurso, y obviamente esperamos que el desarrollo de esto sea de la mejor forma, para que ojal\u00e1 el pr\u00f3ximo a\u00f1o podamos tenerlos a ellos y a muchos m\u00e1s postulando dentro de lo que es el 8%\u00bb.<\/p>\n<p dir=\"ltr\" style=\"text-align: justify;\">Para este 2023, donde se vio incrementado este presupuesto \u2014pasando de un 7 a un 8%\u2014, el Gobierno Regional de Ays\u00e9n recibi\u00f3 770 postulaciones de iniciativas, en su mayor\u00eda provenientes de organizaciones privadas sin fines de lucro (OPSFL), pero tambi\u00e9n desde los municipios y otras entidades p\u00fablicas. De estas, fueron seleccionadas un total de 393 actividades, donde se incluyen eventos sociales, campa\u00f1as sanitarias, programas educativos, campeonatos deportivos, fiestas tradicionales, entre otras.<\/p>\n<p dir=\"ltr\" style=\"text-align: justify;\">Una de las organizaciones seleccionadas fue la Agrupaci\u00f3n Ra\u00edces de Ma\u00f1ihuales, que cada a\u00f1o organiza el Festival de la Papa con este financiamiento. Su presidenta, Alicia Lagos, explic\u00f3 que esta iniciativa surge porque buscaban \u00abser representadas tal como en otros lugares, como en Puerto Cisnes, y la papa en Ma\u00f1ihuales se da mucho y muy bonita, entonces quer\u00edamos sacarle provecho a eso. La primera vez partimos con 20 variedades de comidas con papa, y la \u00faltima vez llegamos casi a 40 variedades de comidas con papa. Tuvo mucha aceptaci\u00f3n, nos apoyaron mucho en Ma\u00f1ihuales, y por eso est\u00e1bamos ansiosas de postular para volver a hacerlo m\u00e1s grande\u00bb.<\/p>\n<p dir=\"ltr\" style=\"text-align: justify;\">Otra organizaci\u00f3n que podr\u00e1 realizar su proyecto gracias al 8% del FNDR es la ONG Diversa Patagonia, que busca educar a la primera infancia sobre la diversidad humana y las distintas formas en que esta se manifiesta. Cabe destacar que todos los fondos disponibles destinados a OPSFL, como Diversa Patagonia, fueron distribuidos entre estas entidades privadas, tales como Juntas de Vecinos, Agrupaciones Campesinas, Clubes de Adultos Mayores, entre otros.<\/p>\n<p dir=\"ltr\" style=\"text-align: justify;\">\u00abEs primera vez que nosotros postulamos en este proceso, as\u00ed que, obviamente, hab\u00edan varias preguntas que fuimos contestando en el camino, y la verdad no esper\u00e1bamos tener este buen resultado. Fue inesperado, pero tambi\u00e9n muy agradecido de que podamos llegar a las comunidades con este mensaje, con esta educaci\u00f3n que es s\u00faper importante, del respeto a la diversidad. Y poder entregar ese mensaje tambi\u00e9n a la primera infancia, que es justamente la generaci\u00f3n con la que queremos trabajar para un mejor futuro para todas las personas\u00bb, manifest\u00f3 Israel Cort\u00e9s, presidente de Diversa Patagonia.<\/p>\n<\/div><\/section><\/div><div  style='height:50px' class='hr hr-invisible   avia-builder-el-6  el_after_av_one_full  el_before_av_social_share '><span class='hr-inner ' ><span class='hr-inner-style'><\/span><\/span><\/div><\/p>\n<div  class='av-social-sharing-box  avia-builder-el-7  el_after_av_hr  el_before_av_hr  '><div class='av-share-box'><h5 class='av-share-link-description av-no-toc '>Compartir esta noticia<\/h5><ul class='av-share-box-list noLightbox'><li class='av-share-link av-social-link-facebook' ><a target=\"_blank\" aria-label=\"Compartir en Facebook\" href='https:\/\/www.facebook.com\/sharer.php?u=https:\/\/radiorevelacionfm.cl\/?p=31477&#038;t=Casi%20400%20iniciativas%20sociales%20ser%C3%A1n%20financiadas%20con%20el%208%25%20del%20Fondo%20Nacional%20de%20Desarrollo%20Regional' aria-hidden='false' data-av_icon='\ue8f3' data-av_iconfont='entypo-fontello' title='' data-avia-related-tooltip='Compartir en Facebook' rel=\"noopener\"><span class='avia_hidden_link_text'>Compartir en Facebook<\/span><\/a><\/li><li class='av-share-link av-social-link-twitter' ><a target=\"_blank\" aria-label=\"Compartir en Twitter\" href='https:\/\/twitter.com\/share?text=Casi%20400%20iniciativas%20sociales%20ser%C3%A1n%20financiadas%20con%20el%208%25%20del%20Fondo%20Nacional%20de%20Desarrollo%20Regional&#038;url=https:\/\/radiorevelacionfm.cl\/?p=31477' aria-hidden='false' data-av_icon='\ue8f1' data-av_iconfont='entypo-fontello' title='' data-avia-related-tooltip='Compartir en Twitter' rel=\"noopener\"><span class='avia_hidden_link_text'>Compartir en Twitter<\/span><\/a><\/li><li class='av-share-link av-social-link-whatsapp' ><a target=\"_blank\" aria-label=\"Compartir en Whatsapp\" href='https:\/\/api.whatsapp.com\/send?text=https:\/\/radiorevelacionfm.cl\/?p=31477' aria-hidden='false' data-av_icon='\uf232' data-av_iconfont='entypo-fontello' title='' data-avia-related-tooltip='Compartir en Whatsapp' rel=\"noopener\"><span class='avia_hidden_link_text'>Compartir en Whatsapp<\/span><\/a><\/li><li class='av-share-link av-social-link-linkedin' ><a target=\"_blank\" aria-label=\"Compartir en LinkedIn\" href='https:\/\/linkedin.com\/shareArticle?mini=true&#038;title=Casi%20400%20iniciativas%20sociales%20ser%C3%A1n%20financiadas%20con%20el%208%25%20del%20Fondo%20Nacional%20de%20Desarrollo%20Regional&#038;url=https:\/\/radiorevelacionfm.cl\/?p=31477' aria-hidden='false' data-av_icon='\ue8fc' data-av_iconfont='entypo-fontello' title='' data-avia-related-tooltip='Compartir en LinkedIn' rel=\"noopener\"><span class='avia_hidden_link_text'>Compartir en LinkedIn<\/span><\/a><\/li><li class='av-share-link av-social-link-mail' ><a  aria-label=\"Compartir por correo\" href='mailto:?subject=Casi%20400%20iniciativas%20sociales%20ser%C3%A1n%20financiadas%20con%20el%208%25%20del%20Fondo%20Nacional%20de%20Desarrollo%20Regional&#038;body=https:\/\/radiorevelacionfm.cl\/?p=31477' aria-hidden='false' data-av_icon='\ue805' data-av_iconfont='entypo-fontello' title='' data-avia-related-tooltip='Compartir por correo'><span class='avia_hidden_link_text'>Compartir por correo<\/span><\/a><\/li><\/ul><\/div><\/div>\n<div  style='height:50px' class='hr hr-invisible   avia-builder-el-8  el_after_av_social_share  el_before_av_comments_list '><span class='hr-inner ' ><span class='hr-inner-style'><\/span><\/span><\/div>\n<div  class='av-buildercomment  av-blog-meta-html-info-disabled av-blog-meta-tag-disabled  '><\/div>\n","protected":false},"excerpt":{"rendered":"","protected":false},"author":1,"featured_media":31478,"comment_status":"open","ping_status":"open","sticky":false,"template":"","format":"standard","meta":{"footnotes":""},"categories":[38],"tags":[],"class_list":["post-31477","post","type-post","status-publish","format-standard","has-post-thumbnail","hentry","category-regional"],"jetpack_featured_media_url":"https:\/\/radiorevelacionfm.cl\/wp-content\/uploads\/2023\/05\/convenios-3-1_optimized.jpeg","_links":{"self":[{"href":"https:\/\/radiorevelacionfm.cl\/index.php?rest_route=\/wp\/v2\/posts\/31477","targetHints":{"allow":["GET"]}}],"collection":[{"href":"https:\/\/radiorevelacionfm.cl\/index.php?rest_route=\/wp\/v2\/posts"}],"about":[{"href":"https:\/\/radiorevelacionfm.cl\/index.php?rest_route=\/wp\/v2\/types\/post"}],"author":[{"embeddable":true,"href":"https:\/\/radiorevelacionfm.cl\/index.php?rest_route=\/wp\/v2\/users\/1"}],"replies":[{"embeddable":true,"href":"https:\/\/radiorevelacionfm.cl\/index.php?rest_route=%2Fwp%2Fv2%2Fcomments&post=31477"}],"version-history":[{"count":1,"href":"https:\/\/radiorevelacionfm.cl\/index.php?rest_route=\/wp\/v2\/posts\/31477\/revisions"}],"predecessor-version":[{"id":31479,"href":"https:\/\/radiorevelacionfm.cl\/index.php?rest_route=\/wp\/v2\/posts\/31477\/revisions\/31479"}],"wp:featuredmedia":[{"embeddable":true,"href":"https:\/\/radiorevelacionfm.cl\/index.php?rest_route=\/wp\/v2\/media\/31478"}],"wp:attachment":[{"href":"https:\/\/radiorevelacionfm.cl\/index.php?rest_route=%2Fwp%2Fv2%2Fmedia&parent=31477"}],"wp:term":[{"taxonomy":"category","embeddable":true,"href":"https:\/\/radiorevelacionfm.cl\/index.php?rest_route=%2Fwp%2Fv2%2Fcategories&post=31477"},{"taxonomy":"post_tag","embeddable":true,"href":"https:\/\/radiorevelacionfm.cl\/index.php?rest_route=%2Fwp%2Fv2%2Ftags&post=31477"}],"curies":[{"name":"wp","href":"https:\/\/api.w.org\/{rel}","templated":true}]}}