{"id":31472,"date":"2023-05-30T15:53:58","date_gmt":"2023-05-30T18:53:58","guid":{"rendered":"https:\/\/radiorevelacionfm.cl\/?p=31472"},"modified":"2023-05-30T15:53:58","modified_gmt":"2023-05-30T18:53:58","slug":"invitan-a-migrantes-a-participar-de-operativo-de-regularizacion-y-feria-informativa-en-coyhaique","status":"publish","type":"post","link":"https:\/\/radiorevelacionfm.cl\/?p=31472","title":{"rendered":"Invitan a migrantes a participar de operativo de regularizaci\u00f3n y feria informativa en Coyhaique"},"content":{"rendered":"<div class=\"flex_column av_one_full  flex_column_div av-zero-column-padding first  avia-builder-el-0  el_before_av_one_full  avia-builder-el-first  \" style='border-radius:0px; '><div  class='avia-image-container  av-styling-    avia-builder-el-1  avia-builder-el-no-sibling  avia-align-center '  itemprop=\"image\" itemscope=\"itemscope\" itemtype=\"https:\/\/schema.org\/ImageObject\"  ><div class='avia-image-container-inner'><div class='avia-image-overlay-wrap'><img decoding=\"async\" class='wp-image-31473 avia-img-lazy-loading-not-31473 avia_image' src=\"https:\/\/radiorevelacionfm.cl\/wp-content\/uploads\/2023\/05\/operativo2-1_optimized.jpg\" alt='' title='operativo2-(1)_optimized' height=\"625\" width=\"899\"  itemprop=\"thumbnailUrl\" srcset=\"https:\/\/radiorevelacionfm.cl\/wp-content\/uploads\/2023\/05\/operativo2-1_optimized.jpg 899w, https:\/\/radiorevelacionfm.cl\/wp-content\/uploads\/2023\/05\/operativo2-1_optimized-300x209.jpg 300w, https:\/\/radiorevelacionfm.cl\/wp-content\/uploads\/2023\/05\/operativo2-1_optimized-768x534.jpg 768w, https:\/\/radiorevelacionfm.cl\/wp-content\/uploads\/2023\/05\/operativo2-1_optimized-705x490.jpg 705w, https:\/\/radiorevelacionfm.cl\/wp-content\/uploads\/2023\/05\/operativo2-1_optimized-450x313.jpg 450w, https:\/\/radiorevelacionfm.cl\/wp-content\/uploads\/2023\/05\/operativo2-1_optimized-600x417.jpg 600w\" sizes=\"(max-width: 899px) 100vw, 899px\" \/><\/div><\/div><\/div><\/div><div class=\"flex_column av_one_full  flex_column_div av-zero-column-padding first  avia-builder-el-2  el_after_av_one_full  el_before_av_one_full  column-top-margin\" style='border-radius:0px; '><section class=\"av_textblock_section \"  itemscope=\"itemscope\" itemtype=\"https:\/\/schema.org\/BlogPosting\" itemprop=\"blogPost\" ><div class='avia_textblock  '   itemprop=\"text\" ><p style=\"text-align: center;\"><strong><span style=\"font-size: 18pt;\">Invitan a migrantes a participar de operativo de regularizaci\u00f3n y feria informativa en Coyhaique<\/span><\/strong><\/p>\n<div id=\"gtx-trans\" style=\"position: absolute; left: -50px; top: 4.31534px;\">\n<div class=\"gtx-trans-icon\"><\/div>\n<\/div>\n<\/div><\/section><\/div><div class=\"flex_column av_one_full  flex_column_div av-zero-column-padding first  avia-builder-el-4  el_after_av_one_full  el_before_av_hr  column-top-margin\" style='border-radius:0px; '><section class=\"av_textblock_section \"  itemscope=\"itemscope\" itemtype=\"https:\/\/schema.org\/BlogPosting\" itemprop=\"blogPost\" ><div class='avia_textblock  '   itemprop=\"text\" ><p style=\"text-align: justify;\">En el marco de la Mesa Intersectorial de Apoyo a Migrantes, el Instituto Nacional de Derechos Humanos; la Seremi de Salud y el Fondo de Solidaridad e Inversi\u00f3n Social, FOSIS, coordinaron la realizaci\u00f3n de esta iniciativa denominada \u201cOperativo de Regularizaci\u00f3n Migratoria\u201d, enfocada en entregar, principalmente a mujeres, orientaci\u00f3n para avanzar hacia una migraci\u00f3n regulada y segura.<\/p>\n<p style=\"text-align: justify;\">Joaqu\u00edn Bizama, Jefe Regional del Instituto Nacional de Derechos Humanos, destac\u00f3 que \u201cesta iniciativa surge como una instancia de asistencia jur\u00eddico-social en favor de las personas migrantes, en especial, de las mujeres migrantes internacionales, quienes tengan dudas o consultas respecto al proceso de regularizaci\u00f3n migratoria, acorde a la normativa nacional vigente, donde estaremos brindando las orientaciones pertinentes. En esta actividad esperamos tambi\u00e9n Favorecer los procesos de sensibilizaci\u00f3n y educaci\u00f3n en materia de promoci\u00f3n de derechos humanos y desarrollo integral de las personas migrantes en la comunidad. \u201d<\/p>\n<p style=\"text-align: justify;\">La Directora Regional del FOSIS, Fernanda Leiva, extendi\u00f3 la invitaci\u00f3n a participar de esta jornada en Coyhaique. \u201cQueremos convocar a todas y todos los miembros de la comunidad migrante local, para que pueda acercarse a este operativo y feria informativa que vamos a realizar el mi\u00e9rcoles 31 de mayo en el Liceo Josefina Aguirre Montenegro a partir de las 15:00 horas. Para esta instancia vamos a contar con la presencia de distintos servicios p\u00fablicos que entregar\u00e1n orientaci\u00f3n e informaci\u00f3n relevante para la regularizaci\u00f3n migratoria y sobre la oferta p\u00fablica y beneficios del estado.\u201d<\/p>\n<p style=\"text-align: justify;\">En este operativo se dispondr\u00e1 de un espacio destinado a la gesti\u00f3n de tr\u00e1mites regulatorios encabezado por el Servicio Nacional de Migraciones y la Polic\u00eda de Investigaciones de Chile, adem\u00e1s de la participaci\u00f3n en stands informativos de Servicios requeridos por la comunidad migrante: JUNAEB, PRODEMU, IPS, FONASA, JUNJI, Carabineros de Chile, Ayuda MINEDUC, Seremi de Salud, Seremi de la Mujer, Seremi del Trabajo y Previsi\u00f3n Social, Seremi de Gobierno y la Universidad Austral de Chile.<\/p>\n<p style=\"text-align: justify;\">La jornada se llevar\u00e1 a cabo el d\u00eda mi\u00e9rcoles 31 de mayo, entre las 15:00 y 19:00 horas, en el Liceo Josefina Aguirre Montenegro, ubicado en calle Jos\u00e9 Miguel Carrera 845, Coyhaique.<\/p>\n<\/div><\/section><\/div><div  style='height:50px' class='hr hr-invisible   avia-builder-el-6  el_after_av_one_full  el_before_av_social_share '><span class='hr-inner ' ><span class='hr-inner-style'><\/span><\/span><\/div><\/p>\n<div  class='av-social-sharing-box  avia-builder-el-7  el_after_av_hr  el_before_av_hr  '><div class='av-share-box'><h5 class='av-share-link-description av-no-toc '>Compartir esta noticia<\/h5><ul class='av-share-box-list noLightbox'><li class='av-share-link av-social-link-facebook' ><a target=\"_blank\" aria-label=\"Compartir en Facebook\" href='https:\/\/www.facebook.com\/sharer.php?u=https:\/\/radiorevelacionfm.cl\/?p=31472&#038;t=Invitan%20a%20migrantes%20a%20participar%20de%20operativo%20de%20regularizaci%C3%B3n%20y%20feria%20informativa%20en%20Coyhaique' aria-hidden='false' data-av_icon='\ue8f3' data-av_iconfont='entypo-fontello' title='' data-avia-related-tooltip='Compartir en Facebook' rel=\"noopener\"><span class='avia_hidden_link_text'>Compartir en Facebook<\/span><\/a><\/li><li class='av-share-link av-social-link-twitter' ><a target=\"_blank\" aria-label=\"Compartir en Twitter\" href='https:\/\/twitter.com\/share?text=Invitan%20a%20migrantes%20a%20participar%20de%20operativo%20de%20regularizaci%C3%B3n%20y%20feria%20informativa%20en%20Coyhaique&#038;url=https:\/\/radiorevelacionfm.cl\/?p=31472' aria-hidden='false' data-av_icon='\ue8f1' data-av_iconfont='entypo-fontello' title='' data-avia-related-tooltip='Compartir en Twitter' rel=\"noopener\"><span class='avia_hidden_link_text'>Compartir en Twitter<\/span><\/a><\/li><li class='av-share-link av-social-link-whatsapp' ><a target=\"_blank\" aria-label=\"Compartir en Whatsapp\" href='https:\/\/api.whatsapp.com\/send?text=https:\/\/radiorevelacionfm.cl\/?p=31472' aria-hidden='false' data-av_icon='\uf232' data-av_iconfont='entypo-fontello' title='' data-avia-related-tooltip='Compartir en Whatsapp' rel=\"noopener\"><span class='avia_hidden_link_text'>Compartir en Whatsapp<\/span><\/a><\/li><li class='av-share-link av-social-link-linkedin' ><a target=\"_blank\" aria-label=\"Compartir en LinkedIn\" href='https:\/\/linkedin.com\/shareArticle?mini=true&#038;title=Invitan%20a%20migrantes%20a%20participar%20de%20operativo%20de%20regularizaci%C3%B3n%20y%20feria%20informativa%20en%20Coyhaique&#038;url=https:\/\/radiorevelacionfm.cl\/?p=31472' aria-hidden='false' data-av_icon='\ue8fc' data-av_iconfont='entypo-fontello' title='' data-avia-related-tooltip='Compartir en LinkedIn' rel=\"noopener\"><span class='avia_hidden_link_text'>Compartir en LinkedIn<\/span><\/a><\/li><li class='av-share-link av-social-link-mail' ><a  aria-label=\"Compartir por correo\" href='mailto:?subject=Invitan%20a%20migrantes%20a%20participar%20de%20operativo%20de%20regularizaci%C3%B3n%20y%20feria%20informativa%20en%20Coyhaique&#038;body=https:\/\/radiorevelacionfm.cl\/?p=31472' aria-hidden='false' data-av_icon='\ue805' data-av_iconfont='entypo-fontello' title='' data-avia-related-tooltip='Compartir por correo'><span class='avia_hidden_link_text'>Compartir por correo<\/span><\/a><\/li><\/ul><\/div><\/div>\n<div  style='height:50px' class='hr hr-invisible   avia-builder-el-8  el_after_av_social_share  el_before_av_comments_list '><span class='hr-inner ' ><span class='hr-inner-style'><\/span><\/span><\/div>\n<div  class='av-buildercomment  av-blog-meta-html-info-disabled av-blog-meta-tag-disabled  '><\/div>\n","protected":false},"excerpt":{"rendered":"","protected":false},"author":1,"featured_media":31473,"comment_status":"open","ping_status":"open","sticky":false,"template":"","format":"standard","meta":{"footnotes":""},"categories":[38],"tags":[],"class_list":["post-31472","post","type-post","status-publish","format-standard","has-post-thumbnail","hentry","category-regional"],"jetpack_featured_media_url":"https:\/\/radiorevelacionfm.cl\/wp-content\/uploads\/2023\/05\/operativo2-1_optimized.jpg","_links":{"self":[{"href":"https:\/\/radiorevelacionfm.cl\/index.php?rest_route=\/wp\/v2\/posts\/31472","targetHints":{"allow":["GET"]}}],"collection":[{"href":"https:\/\/radiorevelacionfm.cl\/index.php?rest_route=\/wp\/v2\/posts"}],"about":[{"href":"https:\/\/radiorevelacionfm.cl\/index.php?rest_route=\/wp\/v2\/types\/post"}],"author":[{"embeddable":true,"href":"https:\/\/radiorevelacionfm.cl\/index.php?rest_route=\/wp\/v2\/users\/1"}],"replies":[{"embeddable":true,"href":"https:\/\/radiorevelacionfm.cl\/index.php?rest_route=%2Fwp%2Fv2%2Fcomments&post=31472"}],"version-history":[{"count":1,"href":"https:\/\/radiorevelacionfm.cl\/index.php?rest_route=\/wp\/v2\/posts\/31472\/revisions"}],"predecessor-version":[{"id":31474,"href":"https:\/\/radiorevelacionfm.cl\/index.php?rest_route=\/wp\/v2\/posts\/31472\/revisions\/31474"}],"wp:featuredmedia":[{"embeddable":true,"href":"https:\/\/radiorevelacionfm.cl\/index.php?rest_route=\/wp\/v2\/media\/31473"}],"wp:attachment":[{"href":"https:\/\/radiorevelacionfm.cl\/index.php?rest_route=%2Fwp%2Fv2%2Fmedia&parent=31472"}],"wp:term":[{"taxonomy":"category","embeddable":true,"href":"https:\/\/radiorevelacionfm.cl\/index.php?rest_route=%2Fwp%2Fv2%2Fcategories&post=31472"},{"taxonomy":"post_tag","embeddable":true,"href":"https:\/\/radiorevelacionfm.cl\/index.php?rest_route=%2Fwp%2Fv2%2Ftags&post=31472"}],"curies":[{"name":"wp","href":"https:\/\/api.w.org\/{rel}","templated":true}]}}